{"id":26694,"date":"2018-05-23T00:00:00","date_gmt":"2018-05-22T23:00:00","guid":{"rendered":"https:\/\/imagazine.it\/?p=26694"},"modified":"2018-05-23T00:00:00","modified_gmt":"2018-05-22T23:00:00","slug":"palmanova-annullato-il-concerto-di-charles-aznavour","status":"publish","type":"post","link":"https:\/\/imagazine.it\/home_desk\/palmanova-annullato-il-concerto-di-charles-aznavour\/","title":{"rendered":"Palmanova, annullato il concerto di Charles Aznavour"},"content":{"rendered":"<p>Il concerto di\u00a0<strong>Charles Aznavour<\/strong>, previsto per\u00a0<strong>sabato 23 giugno<\/strong>\u00a0in\u00a0<strong>Piazza Grande<\/strong>\u00a0a\u00a0<strong>Palmanova<\/strong>, unica data italiana del tour mondiale dell\u2019artista, \u00e8\u00a0<strong>stato annullato<\/strong>. A comunicarne i motivi \u00e8 lo stesso management dell\u2019artista in una nota fatta pervenire agli organizzatori, con allegato certificato medico.<\/p>\n<p>Lo scorso 12 maggio Charles Aznavour \u00e8 stato vittima di una caduta accidentale in casa, a causa della quale ha riportato la frattura dell\u2019omero e la conseguente apposizione di una stecca a immobilizzare il braccio sinistro. L\u2019equipe medica dell\u2019artista ne ha pertanto sospeso obbligatoriamente l\u2019attivit\u00e0 concertistica fino al 30 giugno, sosta che non gli consentir\u00e0 di sostenere i concerti in programma a Monaco e appunto a\u00a0<strong>Palmanova<\/strong>.<\/p>\n<p>Il concerto di\u00a0<strong>Palmanova<\/strong>, visto l\u2019impossibilit\u00e0 a calendarizzare una nuova data, e con dispiacere da parte degli organizzatori, \u00e8 di conseguenza annullato e tutti i biglietti venduti saranno rimborsati con le seguenti modalit\u00e0.\u00a0I possessori di regolare biglietto d\u2019ingresso potranno fare richiesta di rimborso a partire da\u00a0<strong>luned\u00ec 4 giugno ed entro e non oltre il giorno sabato 30 giugno<\/strong>, nel\u00a0<strong>punto vendita dove \u00e8 stato effettuato l\u2019acquisto<\/strong>, consegnando i biglietti in originale.<\/p>\n<p>Nel caso di acquisti effettuati sul sito\u00a0<a data-saferedirecturl=\"https:\/\/www.google.com\/url?hl=it&#038;q=http:\/\/ticketone.it&#038;source=gmail&#038;ust=1527164515824000&#038;usg=AFQjCNEBCnNA_rQtWFk4qc5uLvim3YLm0w\" href=\"http:\/\/ticketone.it\/\" target=\"_blank\" rel=\"noopener\">TicketOne.it<\/a>\u00a0o tramite call center, il customer service invier\u00e0 una e-mail ai clienti contenente tutti i dettagli. Eventuali informazioni possono essere richieste all\u2019indirizzo\u00a0<a href=\"mailto:ecomm.customerservice@ticketone.it\" target=\"_blank\" rel=\"noopener\">ecomm.customerservice@<wbr \/>ticketone.it<\/a>\u00a0o al numero 892.101. Nel caso infine di acquisti effettuati sui circuiti esteri Oeticket.com e Eventim.si, rivolgersi ai circuiti stessi. Tutte le info su\u00a0<a data-saferedirecturl=\"https:\/\/www.google.com\/url?hl=it&#038;q=http:\/\/www.azalea.it&#038;source=gmail&#038;ust=1527164515824000&#038;usg=AFQjCNH38ytwGKRrkhivam89Ocohx_VYTA\" href=\"http:\/\/www.azalea.it\/\" target=\"_blank\" rel=\"noopener\">www.azalea.it<\/a>.<\/p>\n<p>\u201c<em>\u00c8 con grande dispiacere che comunichiamo l\u2019annullamento del concerto di Charles Aznavour<\/em>\u00a0\u2013 ha commentato il sindaco di Palmanova,\u00a0<strong>Francesco Martines<\/strong>\u00a0\u2013\u00a0<em>questa \u00e8 di certo un\u2019occasione persa per Palmanova, per poter ospitare un artista di tale prestigio. Purtroppo non dipende da noi, ma lavoreremo per poter programmare un nuovo grande evento in citt\u00e0<\/em>\u201d.<\/p>\n","protected":false},"excerpt":{"rendered":"<p>I biglietti saranno rimborsati<\/p>\n","protected":false},"author":28,"featured_media":26695,"comment_status":"closed","ping_status":"closed","sticky":false,"template":"","format":"standard","meta":{"dwc-title":[],"dwc-content":[],"footnotes":""},"categories":[37],"tags":[],"class_list":["post-26694","post","type-post","status-publish","format-standard","has-post-thumbnail","hentry","category-cultura-e-spettacolo"],"rttpg_featured_image_url":{"full":["https:\/\/imagazine.it\/wp-content\/uploads\/2024\/01\/25466-1.webp",750,501,false],"landscape":["https:\/\/imagazine.it\/wp-content\/uploads\/2024\/01\/25466-1.webp",750,501,false],"portraits":["https:\/\/imagazine.it\/wp-content\/uploads\/2024\/01\/25466-1.webp",750,501,false],"thumbnail":["https:\/\/imagazine.it\/wp-content\/uploads\/2024\/01\/25466-1-150x150.webp",150,150,true],"medium":["https:\/\/imagazine.it\/wp-content\/uploads\/2024\/01\/25466-1-300x200.webp",300,200,true],"large":["https:\/\/imagazine.it\/wp-content\/uploads\/2024\/01\/25466-1.webp",640,428,false],"thumblist":["https:\/\/imagazine.it\/wp-content\/uploads\/2024\/01\/25466-1.webp",300,200,false],"thumbrelated":["https:\/\/imagazine.it\/wp-content\/uploads\/2024\/01\/25466-1.webp",500,334,false],"meccarouselthumb":["https:\/\/imagazine.it\/wp-content\/uploads\/2024\/01\/25466-1.webp",474,317,false],"gridsquare":["https:\/\/imagazine.it\/wp-content\/uploads\/2024\/01\/25466-1.webp",389,260,false],"tileview":["https:\/\/imagazine.it\/wp-content\/uploads\/2024\/01\/25466-1.webp",300,200,false],"1536x1536":["https:\/\/imagazine.it\/wp-content\/uploads\/2024\/01\/25466-1.webp",750,501,false],"2048x2048":["https:\/\/imagazine.it\/wp-content\/uploads\/2024\/01\/25466-1.webp",750,501,false],"newsup-slider-full":["https:\/\/imagazine.it\/wp-content\/uploads\/2024\/01\/25466-1.webp",750,501,false],"newsup-featured":["https:\/\/imagazine.it\/wp-content\/uploads\/2024\/01\/25466-1.webp",750,501,false],"newsup-medium":["https:\/\/imagazine.it\/wp-content\/uploads\/2024\/01\/25466-1-720x380.webp",720,380,true],"tptn_thumbnail":["https:\/\/imagazine.it\/wp-content\/uploads\/2024\/01\/25466-1.webp",250,167,false],"sow-carousel-default":["https:\/\/imagazine.it\/wp-content\/uploads\/2024\/01\/25466-1-272x182.webp",272,182,true]},"rttpg_author":{"display_name":"redazione","author_link":"https:\/\/imagazine.it\/home_desk\/author\/redazione\/"},"rttpg_comment":0,"rttpg_category":"<a href=\"https:\/\/imagazine.it\/home_desk\/category\/cultura-e-spettacolo\/\" rel=\"category tag\">CULTURA&amp;SPETTACOLO<\/a>","rttpg_excerpt":"I biglietti saranno rimborsati","_links":{"self":[{"href":"https:\/\/imagazine.it\/home_desk\/wp-json\/wp\/v2\/posts\/26694","targetHints":{"allow":["GET"]}}],"collection":[{"href":"https:\/\/imagazine.it\/home_desk\/wp-json\/wp\/v2\/posts"}],"about":[{"href":"https:\/\/imagazine.it\/home_desk\/wp-json\/wp\/v2\/types\/post"}],"author":[{"embeddable":true,"href":"https:\/\/imagazine.it\/home_desk\/wp-json\/wp\/v2\/users\/28"}],"replies":[{"embeddable":true,"href":"https:\/\/imagazine.it\/home_desk\/wp-json\/wp\/v2\/comments?post=26694"}],"version-history":[{"count":0,"href":"https:\/\/imagazine.it\/home_desk\/wp-json\/wp\/v2\/posts\/26694\/revisions"}],"wp:featuredmedia":[{"embeddable":true,"href":"https:\/\/imagazine.it\/home_desk\/wp-json\/wp\/v2\/media\/26695"}],"wp:attachment":[{"href":"https:\/\/imagazine.it\/home_desk\/wp-json\/wp\/v2\/media?parent=26694"}],"wp:term":[{"taxonomy":"category","embeddable":true,"href":"https:\/\/imagazine.it\/home_desk\/wp-json\/wp\/v2\/categories?post=26694"},{"taxonomy":"post_tag","embeddable":true,"href":"https:\/\/imagazine.it\/home_desk\/wp-json\/wp\/v2\/tags?post=26694"}],"curies":[{"name":"wp","href":"https:\/\/api.w.org\/{rel}","templated":true}]}}