{"id":26688,"date":"2018-05-23T00:00:00","date_gmt":"2018-05-22T23:00:00","guid":{"rendered":"https:\/\/imagazine.it\/?p=26688"},"modified":"2018-05-23T00:00:00","modified_gmt":"2018-05-22T23:00:00","slug":"palmanova-torna-al-comune-la-vecchia-caserma-dei-carabinieri","status":"publish","type":"post","link":"https:\/\/imagazine.it\/home_desk\/palmanova-torna-al-comune-la-vecchia-caserma-dei-carabinieri\/","title":{"rendered":"Palmanova, torna al Comune la vecchia caserma dei carabinieri"},"content":{"rendered":"<p>Dopo il trasferimento nella nuova sede dell\u2019ex tribunale,\u00a0<strong>la vecchia Compagnia e Stazione del Comando dei Carabinieri di Palmanova, dopo 53 anni, torna al Comune<\/strong>. Con la firma dell\u2019accordo, lo stabile in Piazza Grande, ormai non pi\u00f9 utilizzato dalle forze dell\u2019ordine, potr\u00e0 essere rivalutato e riqualificato.<\/p>\n<p>\u201cLo proporremo al mercato. Si trova in una posizione invidiabile e si affaccia su una delle pi\u00f9 belle piazze della nostra regione e d\u2019Italia. Qui i privati potranno rivalutarlo e proporne un fine commerciale: un albergo, un ristorante o altra attivit\u00e0. Il Comune sta lavorando con grande impegno per sviluppare la citt\u00e0 e renderla attrattiva ma non pu\u00f2 sostituirsi agli imprenditori che vogliono investire sulla Palmanova del futuro\u201d, commenta il sindaco\u00a0<strong>Francesco Martines<\/strong>.<\/p>\n<p>La struttura si compone di due zone: la caserma e gli alloggi.\u00a0La prima, di quasi 700 metri quadri, \u00e8 composta da tre piani dedicati agli uffici e alla centrale operativa e la seconda, collegata con un ampio giardino interno, \u00e8 suddivisa in due abitazioni (di 100 e 160 mq). Altre aree sono adibite a garage.<\/p>\n","protected":false},"excerpt":{"rendered":"<p>Dopo il trasferimento nella nuova sede dell\u2019ex tribunale<\/p>\n","protected":false},"author":28,"featured_media":26689,"comment_status":"closed","ping_status":"closed","sticky":false,"template":"","format":"standard","meta":{"dwc-title":[],"dwc-content":[],"footnotes":""},"categories":[5],"tags":[],"class_list":["post-26688","post","type-post","status-publish","format-standard","has-post-thumbnail","hentry","category-attualita"],"rttpg_featured_image_url":{"full":["https:\/\/imagazine.it\/wp-content\/uploads\/2024\/01\/25462-1.webp",750,496,false],"landscape":["https:\/\/imagazine.it\/wp-content\/uploads\/2024\/01\/25462-1.webp",750,496,false],"portraits":["https:\/\/imagazine.it\/wp-content\/uploads\/2024\/01\/25462-1.webp",750,496,false],"thumbnail":["https:\/\/imagazine.it\/wp-content\/uploads\/2024\/01\/25462-1-150x150.webp",150,150,true],"medium":["https:\/\/imagazine.it\/wp-content\/uploads\/2024\/01\/25462-1-300x198.webp",300,198,true],"large":["https:\/\/imagazine.it\/wp-content\/uploads\/2024\/01\/25462-1.webp",640,423,false],"thumblist":["https:\/\/imagazine.it\/wp-content\/uploads\/2024\/01\/25462-1.webp",300,198,false],"thumbrelated":["https:\/\/imagazine.it\/wp-content\/uploads\/2024\/01\/25462-1.webp",500,331,false],"meccarouselthumb":["https:\/\/imagazine.it\/wp-content\/uploads\/2024\/01\/25462-1.webp",474,313,false],"gridsquare":["https:\/\/imagazine.it\/wp-content\/uploads\/2024\/01\/25462-1.webp",391,260,false],"tileview":["https:\/\/imagazine.it\/wp-content\/uploads\/2024\/01\/25462-1.webp",300,198,false],"1536x1536":["https:\/\/imagazine.it\/wp-content\/uploads\/2024\/01\/25462-1.webp",750,496,false],"2048x2048":["https:\/\/imagazine.it\/wp-content\/uploads\/2024\/01\/25462-1.webp",750,496,false],"newsup-slider-full":["https:\/\/imagazine.it\/wp-content\/uploads\/2024\/01\/25462-1.webp",750,496,false],"newsup-featured":["https:\/\/imagazine.it\/wp-content\/uploads\/2024\/01\/25462-1.webp",750,496,false],"newsup-medium":["https:\/\/imagazine.it\/wp-content\/uploads\/2024\/01\/25462-1-720x380.webp",720,380,true],"tptn_thumbnail":["https:\/\/imagazine.it\/wp-content\/uploads\/2024\/01\/25462-1.webp",250,165,false],"sow-carousel-default":["https:\/\/imagazine.it\/wp-content\/uploads\/2024\/01\/25462-1-272x182.webp",272,182,true]},"rttpg_author":{"display_name":"redazione","author_link":"https:\/\/imagazine.it\/home_desk\/author\/redazione\/"},"rttpg_comment":0,"rttpg_category":"<a href=\"https:\/\/imagazine.it\/home_desk\/category\/attualita\/\" rel=\"category tag\">ATTUALIT\u00c0<\/a>","rttpg_excerpt":"Dopo il trasferimento nella nuova sede dell\u2019ex tribunale","_links":{"self":[{"href":"https:\/\/imagazine.it\/home_desk\/wp-json\/wp\/v2\/posts\/26688","targetHints":{"allow":["GET"]}}],"collection":[{"href":"https:\/\/imagazine.it\/home_desk\/wp-json\/wp\/v2\/posts"}],"about":[{"href":"https:\/\/imagazine.it\/home_desk\/wp-json\/wp\/v2\/types\/post"}],"author":[{"embeddable":true,"href":"https:\/\/imagazine.it\/home_desk\/wp-json\/wp\/v2\/users\/28"}],"replies":[{"embeddable":true,"href":"https:\/\/imagazine.it\/home_desk\/wp-json\/wp\/v2\/comments?post=26688"}],"version-history":[{"count":0,"href":"https:\/\/imagazine.it\/home_desk\/wp-json\/wp\/v2\/posts\/26688\/revisions"}],"wp:featuredmedia":[{"embeddable":true,"href":"https:\/\/imagazine.it\/home_desk\/wp-json\/wp\/v2\/media\/26689"}],"wp:attachment":[{"href":"https:\/\/imagazine.it\/home_desk\/wp-json\/wp\/v2\/media?parent=26688"}],"wp:term":[{"taxonomy":"category","embeddable":true,"href":"https:\/\/imagazine.it\/home_desk\/wp-json\/wp\/v2\/categories?post=26688"},{"taxonomy":"post_tag","embeddable":true,"href":"https:\/\/imagazine.it\/home_desk\/wp-json\/wp\/v2\/tags?post=26688"}],"curies":[{"name":"wp","href":"https:\/\/api.w.org\/{rel}","templated":true}]}}