{"id":26678,"date":"2018-05-21T00:00:00","date_gmt":"2018-05-20T23:00:00","guid":{"rendered":"https:\/\/imagazine.it\/?p=26678"},"modified":"2018-05-21T00:00:00","modified_gmt":"2018-05-20T23:00:00","slug":"il-sole-di-maggio-per-i-nuovi-playa-desnuda","status":"publish","type":"post","link":"https:\/\/imagazine.it\/home_desk\/il-sole-di-maggio-per-i-nuovi-playa-desnuda\/","title":{"rendered":"Il Sole di Maggio per i &#8220;nuovi&#8221; Playa Desnuda"},"content":{"rendered":"<p>Il \u201ccirco in piazza\u201d, quello cantato in\u00a0<em>Sole di Maggio<\/em>, \u00e8 pronto ad arrivare davvero \u201cquass\u00f9 in citt\u00e0\u201d: l\u2019appuntamento \u00e8 per le 12 di luned\u00ec 21 maggio 2018 sul canale YouTube e sulla pagina Facebook dei Playa Desnuda..<\/p>\n<p>A distanza di due anni dall\u2019uscita di\u00a0<em>10<\/em>, il terzo disco dei Playa Desnuda che ha gi\u00e0 tre video all\u2019attivo (<em>Camminare sulle nuvole<\/em>,\u00a0<em>Melancholia<\/em>\u00a0e\u00a0<em>What We Deserve<\/em>), <u><a href=\"https:\/\/www.youtube.com\/watch?v=4gk6wuG7Shw\" target=\"_blank\" rel=\"noopener\">da oggi \u00e8 online anche il video di\u00a0<em>Sole di Maggio<\/em><\/a><\/u>, ultimo singolo e traccia numero 10 dell\u2019album, che vanta anche la partecipazione di <strong>Bunna<\/strong>, cantante e fondatore degli Africa Unite.<\/p>\n<p>E lo stesso Bunna sar\u00e0 protagonista insieme ai Playa Desnuda anche\u00a0del video girato alla\u00a0foce del Fiume Stella (Palazzolo dello Stella) e nel Bosco Bolderatis (Muzzana del Turgnano): luoghi suggestivi e poco conosciuti, che il Friuli Venezia Giulia ha messo a disposizione della telecamera del regista friulano <strong>Simone Vrech<\/strong>, proprio sotto il sole di maggio.<\/p>\n<p><strong>Michele Poletto<\/strong> alla voce, <strong>Walter Sguazzin<\/strong> al basso, <strong>Pietro Sponton<\/strong> alla batteria, <strong>Roberto Colussi<\/strong> alla chitarra e <strong>Andrea Bonaldo<\/strong> alla tromba, si sono lasciati cullare da quel \u201cvarco limpido nel cielo\u201d citato nella canzone, dando vita a una serie di immagini e suggestioni capaci di restituire allo spettatore l\u2019atmosfera di quell\u2019improvviso cambio di rotta che lascia dietro di s\u00e9 un lieve strascico di malinconia, ma anche di speranza,\u00a0cantato in\u00a0<em>Sole di Maggio<\/em>.<\/p>\n<p><em>Sole di Maggio<\/em>\u00a0esce dunque come singolo a completamento delle precedenti uscite relative a\u00a0<em>10,\u00a0<\/em>primo singolo esclusivamente in italiano,\u00a0accompagnato da due remix che ne arricchiscono l\u2019ascolto:\u00a0uno a opera di R.Esistence in Dub, l\u2019altro prodotto dai due Playa Desnuda (Sguazzin e Poletto) e mixato da <strong>Andrea Rigonat<\/strong>.<\/p>\n<p>I Playa Desnuda sigillano cos\u00ec la fine di un percorso che idealmente aveva in\u00a0<em>10\u00a0<\/em>il suo apice, per poterne intraprendere uno completamente nuovo, orientato verso nuovi linguaggi musicali.<\/p>\n<p>La prima trasformazione in atto \u00e8 dunque quella di un cambio di formazione: ai componenti storici del gruppo, Michele Poletto, Walter Sguazzin e Pietro Sponton, si aggiungono ora ufficialmente Roberto Colussi e Andrea Bonaldo. Durante i prossimi concerti non saliranno pi\u00f9 sul palco, quindi, due pilastri dei Playa Desnuda, ovvero <strong>Leo Virgili<\/strong> (trombone) e <strong>Jvan Moda<\/strong> (chitarra e seconda voce), anche se il legame profondo che li lega al gruppo regaler\u00e0 sicuramente al pubblico ancora qualche loro apparizione futura, dal vivo e in studio.<\/p>\n<p>Il cambio di formazione prepara la strada anche a un cambio di ritmo nella produzione e nelle attivit\u00e0 dal vivo della band, che ha gi\u00e0 in programma due live, in attesa del fermento estivo che li porter\u00e0 ancora una volta a esibirsi in Spagna. Primo concerto per ascoltare dal vivo la nuova formazione e\u00a0<em>Sole di Maggio<\/em>, sar\u00e0 sabato 26 maggio a Gradisca d&#39;Isonzo (L&#39;\u00c9noteca, Premio No\u00e8).<\/p>\n<p>In attesa di annunciare le altre date in Friuli Venezia Giulia e all\u2019estero, i Playa Desnuda usciranno poi dai confini regionali per il <em>launch party<\/em> del Jumping Club del Rototom Sunsplash e, domenica 10 giugno, si esibiranno al Dum Dum Republic di Paestum (SA).<\/p>\n","protected":false},"excerpt":{"rendered":"<p>Da oggi on line<\/p>\n","protected":false},"author":28,"featured_media":26679,"comment_status":"closed","ping_status":"closed","sticky":false,"template":"","format":"standard","meta":{"dwc-title":[],"dwc-content":[],"footnotes":""},"categories":[37],"tags":[],"class_list":["post-26678","post","type-post","status-publish","format-standard","has-post-thumbnail","hentry","category-cultura-e-spettacolo"],"rttpg_featured_image_url":{"full":["https:\/\/imagazine.it\/wp-content\/uploads\/2024\/01\/25438-1.webp",750,430,false],"landscape":["https:\/\/imagazine.it\/wp-content\/uploads\/2024\/01\/25438-1.webp",750,430,false],"portraits":["https:\/\/imagazine.it\/wp-content\/uploads\/2024\/01\/25438-1.webp",750,430,false],"thumbnail":["https:\/\/imagazine.it\/wp-content\/uploads\/2024\/01\/25438-1-150x150.webp",150,150,true],"medium":["https:\/\/imagazine.it\/wp-content\/uploads\/2024\/01\/25438-1-300x172.webp",300,172,true],"large":["https:\/\/imagazine.it\/wp-content\/uploads\/2024\/01\/25438-1.webp",640,367,false],"thumblist":["https:\/\/imagazine.it\/wp-content\/uploads\/2024\/01\/25438-1.webp",300,172,false],"thumbrelated":["https:\/\/imagazine.it\/wp-content\/uploads\/2024\/01\/25438-1.webp",500,287,false],"meccarouselthumb":["https:\/\/imagazine.it\/wp-content\/uploads\/2024\/01\/25438-1.webp",474,272,false],"gridsquare":["https:\/\/imagazine.it\/wp-content\/uploads\/2024\/01\/25438-1.webp",391,224,false],"tileview":["https:\/\/imagazine.it\/wp-content\/uploads\/2024\/01\/25438-1.webp",300,172,false],"1536x1536":["https:\/\/imagazine.it\/wp-content\/uploads\/2024\/01\/25438-1.webp",750,430,false],"2048x2048":["https:\/\/imagazine.it\/wp-content\/uploads\/2024\/01\/25438-1.webp",750,430,false],"newsup-slider-full":["https:\/\/imagazine.it\/wp-content\/uploads\/2024\/01\/25438-1.webp",750,430,false],"newsup-featured":["https:\/\/imagazine.it\/wp-content\/uploads\/2024\/01\/25438-1.webp",750,430,false],"newsup-medium":["https:\/\/imagazine.it\/wp-content\/uploads\/2024\/01\/25438-1-720x380.webp",720,380,true],"tptn_thumbnail":["https:\/\/imagazine.it\/wp-content\/uploads\/2024\/01\/25438-1.webp",250,143,false],"sow-carousel-default":["https:\/\/imagazine.it\/wp-content\/uploads\/2024\/01\/25438-1-272x182.webp",272,182,true]},"rttpg_author":{"display_name":"redazione","author_link":"https:\/\/imagazine.it\/home_desk\/author\/redazione\/"},"rttpg_comment":0,"rttpg_category":"<a href=\"https:\/\/imagazine.it\/home_desk\/category\/cultura-e-spettacolo\/\" rel=\"category tag\">CULTURA&amp;SPETTACOLO<\/a>","rttpg_excerpt":"Da oggi on line","_links":{"self":[{"href":"https:\/\/imagazine.it\/home_desk\/wp-json\/wp\/v2\/posts\/26678","targetHints":{"allow":["GET"]}}],"collection":[{"href":"https:\/\/imagazine.it\/home_desk\/wp-json\/wp\/v2\/posts"}],"about":[{"href":"https:\/\/imagazine.it\/home_desk\/wp-json\/wp\/v2\/types\/post"}],"author":[{"embeddable":true,"href":"https:\/\/imagazine.it\/home_desk\/wp-json\/wp\/v2\/users\/28"}],"replies":[{"embeddable":true,"href":"https:\/\/imagazine.it\/home_desk\/wp-json\/wp\/v2\/comments?post=26678"}],"version-history":[{"count":0,"href":"https:\/\/imagazine.it\/home_desk\/wp-json\/wp\/v2\/posts\/26678\/revisions"}],"wp:featuredmedia":[{"embeddable":true,"href":"https:\/\/imagazine.it\/home_desk\/wp-json\/wp\/v2\/media\/26679"}],"wp:attachment":[{"href":"https:\/\/imagazine.it\/home_desk\/wp-json\/wp\/v2\/media?parent=26678"}],"wp:term":[{"taxonomy":"category","embeddable":true,"href":"https:\/\/imagazine.it\/home_desk\/wp-json\/wp\/v2\/categories?post=26678"},{"taxonomy":"post_tag","embeddable":true,"href":"https:\/\/imagazine.it\/home_desk\/wp-json\/wp\/v2\/tags?post=26678"}],"curies":[{"name":"wp","href":"https:\/\/api.w.org\/{rel}","templated":true}]}}