{"id":26676,"date":"2018-05-21T00:00:00","date_gmt":"2018-05-20T23:00:00","guid":{"rendered":"https:\/\/imagazine.it\/?p=26676"},"modified":"2018-05-21T00:00:00","modified_gmt":"2018-05-20T23:00:00","slug":"palmanova-outlet-village-estate-di-grande-musica","status":"publish","type":"post","link":"https:\/\/imagazine.it\/home_desk\/palmanova-outlet-village-estate-di-grande-musica\/","title":{"rendered":"Palmanova Outlet Village, estate di grande musica"},"content":{"rendered":"<p><strong>Mario Biondi<\/strong>, <strong>Annalisa<\/strong> e <strong>Roberto Vecchioni<\/strong>. Tris vincente per l\u2019estate del Palmanova Outlet Village, che regaler\u00e0 ai suoi ospiti una stagione all\u2019insegna della musica e degli eventi di qualit\u00e0. Si comincer\u00e0 il 16 e 17 giugno. Aprir\u00e0 la stagione estiva il concerto di <strong>Mario Biondi<\/strong>, cantante e compositore noto a livello mondiale per la sua voce dal soul jazz caldo e passionale. Il suo timbro \u00e8 stato spesso accostato a quello dei grandi della musica soul, come il celebre Barry White. In occasione del concerto, tutti i negozi del Village resteranno eccezionalmente aperti fino alle 23.30. Sabato 16 e domenica 17 giugno, il Palmanova Outlet Village ospiter\u00e0 anche il <strong><em>Flower Market<\/em><\/strong>. Tutto il fine settimana sar\u00e0 dedicato al mondo dei fiori, in collaborazione con Garden Anna di Mariano del Friuli, il pi\u00f9 grande garden center in Friuli Venezia Giulia, e l\u2019Azienda Agricola Iop Aromatiche, di Ivo Iop, presente nel settore da 4 generazioni e certificata bio. Allestimenti a tema, il mercato floreale con vendita di erbe e piante aromatiche, laboratori e, domenica 17 giugno, i corsi e gli show cooking a tema sulle piante e le erbe aromatiche in cucina.<\/p>\n<p>Il 21 luglio ancora grande musica. Sar\u00e0 ospite del Village, con un concerto gratuito, una della artiste italiane pi\u00f9 amante: <strong>Annalisa<\/strong>, reduce dal successo sanremese. Anche in questa occasione negozi aperti fino alle 23.30.<\/p>\n<p>Il 4 agosto torner\u00e0 la Village Night, quest\u2019anno con un ospite d\u2019eccezione: <strong>Roberto Vecchioni<\/strong> in concerto. Ci saranno le isole degustazione food&#038;drink (con vini, birre artigianali e finger food di qualit\u00e0) e i punti vendita resteranno aperti fino a mezzanotte.<\/p>\n<p>\u00abL\u2019estate del Palmanova Outlet Village \u2013 ricorda il direttore, <strong>Domenico Casagrande<\/strong> \u2013 sar\u00e0 caratterizzata da tanti eventi pensati per tutte le fasce di et\u00e0. I nostri punti vendita resteranno aperti fino a tarda sera e i visitatori potranno approfittare di promozioni esclusive dedicate. Oltre ai concerti, tutti gratuiti, sono in programma altri appuntamenti davvero interessanti\u00bb.<\/p>\n<p>La marketing manager, <strong>Giada Marangone<\/strong>, aggiunge: \u00abDopo il compleanno del Village, un evento che ha ottenuto grande successo di pubblico e di fatturato, l\u2019estate si aprir\u00e0 con nomi prestigiosi. L\u2019intento \u00e8 quello di offrire ai visitatori un\u2019esperienza unica di shopping e un intrattenimento di grande livello\u00bb.<\/p>\n<p>L\u2019estate del Palmanova Outlet Village si chiuder\u00e0 con uno special weekend dedicato ai pi\u00f9 piccoli: il \u201cKinderVillage Hotels\u201d, un fine settimana a misura di bimbo, sabato 1 e domenica 2 settembre, frutto della partnership con la catena alberghiera Kinder Hotels e Austria Turismo.<\/p>\n","protected":false},"excerpt":{"rendered":"<p>Presentato il programma di eventi<\/p>\n","protected":false},"author":28,"featured_media":26677,"comment_status":"closed","ping_status":"closed","sticky":false,"template":"","format":"standard","meta":{"dwc-title":[],"dwc-content":[],"footnotes":""},"categories":[37],"tags":[],"class_list":["post-26676","post","type-post","status-publish","format-standard","has-post-thumbnail","hentry","category-cultura-e-spettacolo"],"rttpg_featured_image_url":{"full":["https:\/\/imagazine.it\/wp-content\/uploads\/2024\/01\/25435-1.webp",750,500,false],"landscape":["https:\/\/imagazine.it\/wp-content\/uploads\/2024\/01\/25435-1.webp",750,500,false],"portraits":["https:\/\/imagazine.it\/wp-content\/uploads\/2024\/01\/25435-1.webp",750,500,false],"thumbnail":["https:\/\/imagazine.it\/wp-content\/uploads\/2024\/01\/25435-1-150x150.webp",150,150,true],"medium":["https:\/\/imagazine.it\/wp-content\/uploads\/2024\/01\/25435-1-300x200.webp",300,200,true],"large":["https:\/\/imagazine.it\/wp-content\/uploads\/2024\/01\/25435-1.webp",640,427,false],"thumblist":["https:\/\/imagazine.it\/wp-content\/uploads\/2024\/01\/25435-1.webp",300,200,false],"thumbrelated":["https:\/\/imagazine.it\/wp-content\/uploads\/2024\/01\/25435-1.webp",500,333,false],"meccarouselthumb":["https:\/\/imagazine.it\/wp-content\/uploads\/2024\/01\/25435-1.webp",474,316,false],"gridsquare":["https:\/\/imagazine.it\/wp-content\/uploads\/2024\/01\/25435-1.webp",391,260,false],"tileview":["https:\/\/imagazine.it\/wp-content\/uploads\/2024\/01\/25435-1.webp",300,200,false],"1536x1536":["https:\/\/imagazine.it\/wp-content\/uploads\/2024\/01\/25435-1.webp",750,500,false],"2048x2048":["https:\/\/imagazine.it\/wp-content\/uploads\/2024\/01\/25435-1.webp",750,500,false],"newsup-slider-full":["https:\/\/imagazine.it\/wp-content\/uploads\/2024\/01\/25435-1.webp",750,500,false],"newsup-featured":["https:\/\/imagazine.it\/wp-content\/uploads\/2024\/01\/25435-1.webp",750,500,false],"newsup-medium":["https:\/\/imagazine.it\/wp-content\/uploads\/2024\/01\/25435-1-720x380.webp",720,380,true],"tptn_thumbnail":["https:\/\/imagazine.it\/wp-content\/uploads\/2024\/01\/25435-1.webp",250,167,false],"sow-carousel-default":["https:\/\/imagazine.it\/wp-content\/uploads\/2024\/01\/25435-1-272x182.webp",272,182,true]},"rttpg_author":{"display_name":"redazione","author_link":"https:\/\/imagazine.it\/home_desk\/author\/redazione\/"},"rttpg_comment":0,"rttpg_category":"<a href=\"https:\/\/imagazine.it\/home_desk\/category\/cultura-e-spettacolo\/\" rel=\"category tag\">CULTURA&amp;SPETTACOLO<\/a>","rttpg_excerpt":"Presentato il programma di eventi","_links":{"self":[{"href":"https:\/\/imagazine.it\/home_desk\/wp-json\/wp\/v2\/posts\/26676","targetHints":{"allow":["GET"]}}],"collection":[{"href":"https:\/\/imagazine.it\/home_desk\/wp-json\/wp\/v2\/posts"}],"about":[{"href":"https:\/\/imagazine.it\/home_desk\/wp-json\/wp\/v2\/types\/post"}],"author":[{"embeddable":true,"href":"https:\/\/imagazine.it\/home_desk\/wp-json\/wp\/v2\/users\/28"}],"replies":[{"embeddable":true,"href":"https:\/\/imagazine.it\/home_desk\/wp-json\/wp\/v2\/comments?post=26676"}],"version-history":[{"count":0,"href":"https:\/\/imagazine.it\/home_desk\/wp-json\/wp\/v2\/posts\/26676\/revisions"}],"wp:featuredmedia":[{"embeddable":true,"href":"https:\/\/imagazine.it\/home_desk\/wp-json\/wp\/v2\/media\/26677"}],"wp:attachment":[{"href":"https:\/\/imagazine.it\/home_desk\/wp-json\/wp\/v2\/media?parent=26676"}],"wp:term":[{"taxonomy":"category","embeddable":true,"href":"https:\/\/imagazine.it\/home_desk\/wp-json\/wp\/v2\/categories?post=26676"},{"taxonomy":"post_tag","embeddable":true,"href":"https:\/\/imagazine.it\/home_desk\/wp-json\/wp\/v2\/tags?post=26676"}],"curies":[{"name":"wp","href":"https:\/\/api.w.org\/{rel}","templated":true}]}}