{"id":26653,"date":"2018-05-17T00:00:00","date_gmt":"2018-05-16T23:00:00","guid":{"rendered":"https:\/\/imagazine.it\/?p=26653"},"modified":"2018-05-17T00:00:00","modified_gmt":"2018-05-16T23:00:00","slug":"le-star-della-musica-per-il-premio-luchetta","status":"publish","type":"post","link":"https:\/\/imagazine.it\/home_desk\/le-star-della-musica-per-il-premio-luchetta\/","title":{"rendered":"Le star della musica per il Premio Luchetta"},"content":{"rendered":"<p>Le periferie italiane come trincee in cui bambini e ragazzi combattono ogni giorno la loro guerra per la sopravvivenza: il\u00a0<strong>Premio\u00a0Giornalistico internazionale Marco\u00a0Luchetta<\/strong>\u00a0taglia il traguardo della sua\u00a0<strong>15^ edizione<\/strong>\u00a0e anche quest\u2019anno si fa portavoce delle\u00a0<strong>vicende pi\u00f9 scottanti legate all\u2019infanzia violata nel mondo<\/strong>, con sguardo attento ai contesti di marginalit\u00e0 del nostro Paese.\u00a0<\/p>\n<p><strong>Lo dimostrano i due reportage vincitori realizzati da Italia1 &#8211; \u201cLe Iene\u201d e dal quotidiano\u00a0<em>La Sicilia<\/em><\/strong>: il primo, <strong>firmato da Marco Fubini e Nadia Toffa<\/strong>, ha filmato e intervistato bambini e giovani disposti ogni giorno a prostituirsi per pochi soldi nella zona dello stadio di Bari; e l\u2019altro, a cura di\u00a0<strong>Carmelo Riccotti La Rocca e Martina Chessari<\/strong>, ha raccontato i &#8220;<strong>figli del caporalato<\/strong>&#8220;: centinaia di bambini invisibili ammassati nella fascia trasformata del ragusano.<\/p>\n<p>Insieme a loro\u00a0<strong>Andrea Oskari Rossini<\/strong>\u00a0vince<strong>\u00a0il Premio Luchetta TV News 2018<\/strong>: nel suo servizio<strong>\u00a0per la rubrica della RAI TGR Est-Ovest<\/strong>\u00a0ha raccontato\u00a0gli \u201corfani\u201d della pace arrivati in Italia da Sarajevo. Nel luglio 1992, 46 bambini bosniaci provenienti dall&#39;orfanotrofio &#8220;Ljubica Ivezic&#8221; di Sarajevo\u00a0raggiungevano\u00a0Milano per essere temporaneamente accolti in Italia fino a quando non sarebbe finita la guerra. Oggi alcuni di loro sono ancora alla ricerca delle famiglie d&#39;origine.\u00a0<\/p>\n<p>Nella sezione stampa internazionale vince<strong>\u00a0Stephanie Hegarty di Bbc World Service<\/strong>\u00a0che insieme a\u00a0<strong>Vladimir Hernandez<\/strong>\u00a0ha documentato, attraverso una graphic novel digitale, la storia di Falmata e di come sia sopravvissuta in Nigeria mentre sempre pi\u00f9 donne del suo Paese decidevano di suicidarsi.\u00a0<\/p>\n<p>Infine<strong>\u00a0Mohammed Badra <\/strong>vince\u00a0per lo scatto pubblicato da<strong>\u00a0The Guardian\u00a0nella sezione fotografia<\/strong>, dedicata a Miran Hrovatin. Ha documentato l\u2019impotenza delle Nazioni Unite contro l\u2019Inferno sulla terra siriano, mentre Mosca introduceva cinque ore quotidiane di \u201cCessate il fuoco\u201d per consentire ai civili di scappare attraverso corridoi umanitari. Sul palco del Politeama Rossetti di Trieste anche\u00a0<strong>Vittorio Zucconi<\/strong>, vincitore del\u00a0<strong>Premio Testimoni della Storia<\/strong>\u00a02018 promosso dal Premio Luchetta con\u00a0<strong>Cr\u00e8dit Agricole Friuladria<\/strong>.\u00a0<\/p>\n<p><strong>Il\u00a0Premio Luchetta, istituito dalla\u00a0Fondazione Luchetta Ota D\u2019Angelo Hrovatin\u00a0e promosso in collaborazione con la\u00a0Rai Radiotelevisione Italiana<\/strong>, festegger\u00e0 i suoi vincitori\u00a0<strong>venerd\u00ec 25 maggio dalle 20.30\u00a0al\u00a0Politeama Rossetti di Trieste\u00a0in occasione della\u00a015^ Serata I nostri Angeli,\u00a0<\/strong>condotta dall\u2019anchor tv\u00a0<strong>Alessio Zucchini\u00a0<\/strong>e come sempre\u00a0<strong>ripresa da\u00a0Rai1<\/strong>, che la trasmetter\u00e0 integralmente\u00a0<strong>venerd\u00ec 15 giugno\u00a0<\/strong>per la regia di\u00a0<strong>Andrea Apuzzo<\/strong>.\u00a0<strong>I biglietti per assistere alla serata possono essere ritirati gratuitamente da marted\u00ec 22 maggio presso le biglietterie del Teatro Rossetti e del Ticket Point.<\/strong><\/p>\n<p>Anche quest\u2019anno alla Giuria del Premio Luchetta sono pervenute\u00a0<strong>centinaia di corrispondenze ricche di storie, immagini, sguardi<\/strong>. La serata \u201cI nostri Angeli\u201d, che si avvale anche del prezioso contributo di\u00a0<strong>Unicef Italia<\/strong>\u00a0attraverso il suo portavoce\u00a0<strong>Andrea Iacomini,<\/strong>\u00a0accender\u00e0 i riflettori sulle realt\u00e0 pi\u00f9 drammatiche che coinvolgono i bambini, offrendo l\u2019occasione di ripercorrere le corrispondenze premiate dai fronti caldi del mondo in un dialogo avvincente sull\u2019attualit\u00e0 del nostro tempo. Sul palcoscenico de \u201cI nostri Angeli\u201d saliranno anche il presidente dell\u2019Ordine Nazionale dei Giornalisti\u00a0<strong>Carlo Verna<\/strong>\u00a0e il presidente della Federazione Nazionale Stampa Italiana\u00a0<strong>Giuseppe Giulietti<\/strong>, a dimostrazione dell\u2019intreccio forte fra informazione e sensibilizzazione sul tema dell\u2019infanzia: perch\u00e9 il racconto giornalistico\u00a0\u00a0\u00e8 strumento prezioso per illuminare i contesti meno visibili delle periferie del mondo, e il Premio Luchetta si propone di valorizzare le testimonianze che arrivano da ogni latitudine del pianeta.\u00a0<strong>News e approfondimenti si intrecceranno alla musica: quella degli artisti di riferimento come Brunori Sas,\u00a0<\/strong>non solo reduce dalla Targa Tenco 2017 per \u201cLa Verit\u00e0\u201d e dal disco d&#39;oro per \u00abA casa tutto bene\u00bb, il suo ultimo album di inediti accolto con unanime plauso da pubblico e critica, ma anche vincitore del\u00a0<strong>Premio Amnesty\u00a0International Italia 2018 per \u201cL\u2019uomo nero\u201d,\u00a0<\/strong>la canzone giudicata come il migliore brano dell\u2019anno sui diritti umani.\u00a0<strong>Con lui si esibir\u00e0 al Premio Luchetta 2018 Raphael Gualazzi, Disco d\u2019Oro 2017<\/strong>, autore e interprete di riferimento per brani come \u201cL\u2019estate di John Wayne\u201d, contenuto nell\u2019album \u201cLove life peace\u201d, un successo bissato dalla successiva raccolta \u201cLa fine del mondo\u201d (2017).<\/p>\n<p>Info:\u00a0<a href=\"http:\/\/www.premioluchetta.it\/\" target=\"_blank\" rel=\"noopener\">www.premioluchetta.it<\/a>\u00a0<\/p>\n","protected":false},"excerpt":{"rendered":"<p>Il 22 maggio al Rossetti<\/p>\n","protected":false},"author":28,"featured_media":26654,"comment_status":"closed","ping_status":"closed","sticky":false,"template":"","format":"standard","meta":{"dwc-title":[],"dwc-content":[],"footnotes":""},"categories":[37],"tags":[],"class_list":["post-26653","post","type-post","status-publish","format-standard","has-post-thumbnail","hentry","category-cultura-e-spettacolo"],"rttpg_featured_image_url":{"full":["https:\/\/imagazine.it\/wp-content\/uploads\/2024\/01\/25365-1.webp",750,500,false],"landscape":["https:\/\/imagazine.it\/wp-content\/uploads\/2024\/01\/25365-1.webp",750,500,false],"portraits":["https:\/\/imagazine.it\/wp-content\/uploads\/2024\/01\/25365-1.webp",750,500,false],"thumbnail":["https:\/\/imagazine.it\/wp-content\/uploads\/2024\/01\/25365-1-150x150.webp",150,150,true],"medium":["https:\/\/imagazine.it\/wp-content\/uploads\/2024\/01\/25365-1-300x200.webp",300,200,true],"large":["https:\/\/imagazine.it\/wp-content\/uploads\/2024\/01\/25365-1.webp",640,427,false],"thumblist":["https:\/\/imagazine.it\/wp-content\/uploads\/2024\/01\/25365-1.webp",300,200,false],"thumbrelated":["https:\/\/imagazine.it\/wp-content\/uploads\/2024\/01\/25365-1.webp",500,333,false],"meccarouselthumb":["https:\/\/imagazine.it\/wp-content\/uploads\/2024\/01\/25365-1.webp",474,316,false],"gridsquare":["https:\/\/imagazine.it\/wp-content\/uploads\/2024\/01\/25365-1.webp",391,260,false],"tileview":["https:\/\/imagazine.it\/wp-content\/uploads\/2024\/01\/25365-1.webp",300,200,false],"1536x1536":["https:\/\/imagazine.it\/wp-content\/uploads\/2024\/01\/25365-1.webp",750,500,false],"2048x2048":["https:\/\/imagazine.it\/wp-content\/uploads\/2024\/01\/25365-1.webp",750,500,false],"newsup-slider-full":["https:\/\/imagazine.it\/wp-content\/uploads\/2024\/01\/25365-1.webp",750,500,false],"newsup-featured":["https:\/\/imagazine.it\/wp-content\/uploads\/2024\/01\/25365-1.webp",750,500,false],"newsup-medium":["https:\/\/imagazine.it\/wp-content\/uploads\/2024\/01\/25365-1-720x380.webp",720,380,true],"tptn_thumbnail":["https:\/\/imagazine.it\/wp-content\/uploads\/2024\/01\/25365-1.webp",250,167,false],"sow-carousel-default":["https:\/\/imagazine.it\/wp-content\/uploads\/2024\/01\/25365-1-272x182.webp",272,182,true]},"rttpg_author":{"display_name":"redazione","author_link":"https:\/\/imagazine.it\/home_desk\/author\/redazione\/"},"rttpg_comment":0,"rttpg_category":"<a href=\"https:\/\/imagazine.it\/home_desk\/category\/cultura-e-spettacolo\/\" rel=\"category tag\">CULTURA&amp;SPETTACOLO<\/a>","rttpg_excerpt":"Il 22 maggio al Rossetti","_links":{"self":[{"href":"https:\/\/imagazine.it\/home_desk\/wp-json\/wp\/v2\/posts\/26653","targetHints":{"allow":["GET"]}}],"collection":[{"href":"https:\/\/imagazine.it\/home_desk\/wp-json\/wp\/v2\/posts"}],"about":[{"href":"https:\/\/imagazine.it\/home_desk\/wp-json\/wp\/v2\/types\/post"}],"author":[{"embeddable":true,"href":"https:\/\/imagazine.it\/home_desk\/wp-json\/wp\/v2\/users\/28"}],"replies":[{"embeddable":true,"href":"https:\/\/imagazine.it\/home_desk\/wp-json\/wp\/v2\/comments?post=26653"}],"version-history":[{"count":0,"href":"https:\/\/imagazine.it\/home_desk\/wp-json\/wp\/v2\/posts\/26653\/revisions"}],"wp:featuredmedia":[{"embeddable":true,"href":"https:\/\/imagazine.it\/home_desk\/wp-json\/wp\/v2\/media\/26654"}],"wp:attachment":[{"href":"https:\/\/imagazine.it\/home_desk\/wp-json\/wp\/v2\/media?parent=26653"}],"wp:term":[{"taxonomy":"category","embeddable":true,"href":"https:\/\/imagazine.it\/home_desk\/wp-json\/wp\/v2\/categories?post=26653"},{"taxonomy":"post_tag","embeddable":true,"href":"https:\/\/imagazine.it\/home_desk\/wp-json\/wp\/v2\/tags?post=26653"}],"curies":[{"name":"wp","href":"https:\/\/api.w.org\/{rel}","templated":true}]}}