{"id":26637,"date":"2018-05-15T00:00:00","date_gmt":"2018-05-14T23:00:00","guid":{"rendered":"https:\/\/imagazine.it\/?p=26637"},"modified":"2018-05-15T00:00:00","modified_gmt":"2018-05-14T23:00:00","slug":"scherma-da-udine-la-nuova-stella-italiana","status":"publish","type":"post","link":"https:\/\/imagazine.it\/home_desk\/scherma-da-udine-la-nuova-stella-italiana\/","title":{"rendered":"Scherma, da Udine la nuova Stella italiana"},"content":{"rendered":"<p><strong>Alberto Stella<\/strong> torna a far volare il fioretto targato Asu \u2013 Associazione Sportiva Udinese. Il giovane atleta e istruttore ha sbaragliato la concorrenza (160 i partecipanti in totale) conquistando, al PalaIndoor di Ancona, il secondo posto in occasione della Coppa Italia. Ma non \u00e8 l\u2019unico risultato che Stella ha portato a casa. Alberto si \u00e8 infatti classificato 8\u00b0, su oltre 440 tiratori, anche nella Coppa Italia di Spada, che si \u00e8 tenuta sempre ad Ancona: <strong>\u201c\u00c8 l\u2019unico tiratore in Italia che si \u00e8 classificato per la finale sia nel fioretto che nella spada, nello stesso anno. Un caso pi\u00f9 unico che raro\u201d<\/strong>, ha sottolineato il suo secondo allenatore, <strong>Fabio Zannier<\/strong>, che lo ha accompagnato in gara.<\/p>\n<p>Il 23enne friulano, allenato dal Maestro <strong>Roberto Piraino<\/strong>, ha ceduto solo ai colpi di <strong>Tommaso Chiappelli<\/strong> del \u2018Club Scherma Pisa Antonio Di Ciolo\u2019 che lo ha battuto 15 a 13, conquistando cos\u00ec l\u2019oro, con l\u2019ultima stoccata dubbia.<\/p>\n<p>L\u2019istruttore Asu \u201cha fatto bene nei primi gironi. Superato \u2018lo scoglio\u2019 dei primi 16 \u2013 ha chiarito Zannier \u2013 ha poi dominato gli avversari\u201d. Battuto con un netto 15 a 6 il mestrino Alvise Dal Santo (Circolo Scherma Mestre), ha infilato un 15 a 8 anche a Giancarlo Scarascia Mugnozza, della Capitolina Scherma di Roma. A quel punto si \u00e8 trovato di fronte e Francesco Cosenza della Scherma Treviso, un duello con un\u2019ultima stoccata a favore dello schermidore bianconero che ha vinto 15 a 14. Inarrestabile, Stella ha sconfitto il quotato Tommaso Lari delle Fiamme Oro Roma. \u201cNessuno \u00e8 andato in doppia cifra con Alberto \u2013 ha spiegato entusiasta Zannier \u2013, ha dominato tutti gli incontri\u201d, fatta eccezione per Chiappelli che si \u00e8 posizionato in prima posizione.<\/p>\n<p>\u201cIl nostro progetto sul fioretto \u2013 ha chiarito il referente della scherma Asu, <strong>Gabriele Parmeggiani<\/strong> \u2013\u00e8 partito da quasi due anni e inizia a dare i suoi frutti. Un lavoro impegnativo che \u00e8 solo all\u2019inizio e che guarda ai prossimi 5-7 anni. La societ\u00e0 e i tecnici stanno lavorando molto per ricostruire un\u2019intera sezione, quella della scherma, appunto. Un\u2019operazione importante e che ha bisogno dei sui tempi\u201d.<\/p>\n<p>Ma Stella non \u00e8 il solo a far sognare la societ\u00e0. Con lui, alla spada, un altro tiratore che veste la maglia dell\u2019Asu si \u00e8 fatto notare. \u00c8 <strong>Giovanni Battista Buzzi<\/strong>, 22enne di Casale Monferrato, studente della Scuola Superiore di Udine, che da tre stagioni fa parte della squadra bianconera: \u201cHa perso l\u2019assalto per i 16mi, classificandosi al 19\u00b0 posto. Un vero peccato \u2013 ha spiegato l\u2019allenatore Fulvio Floreani \u2013 perch\u00e9 ha condotto un\u2019ottima gara. Ma restiamo comunque soddisfatti per la sua prova\u201d.<\/p>\n<p>Non finisce qui per Asu, perch\u00e9 la squadra maschile di fioretto, impegnata ad Adria nei Campionati italiani, \u00e8 salita dalla B2 alla B1 (Lor<strong>enzo Bardelli, Federico Forner Muschietti, Filippo Pesce<\/strong>, Alberto Stella). Molto bene anche la squadra di spada (composta da Giovanni Battista Buzzi, Alberto Stella, <strong>Andrea Favaro, Patrick Giusto<\/strong>) che sempre ad Adria per una stoccata non \u00e8 passata dalla B1 alla A2: \u201cPeccato, perch\u00e9 i ragazzi sono sempre stati in vantaggio e soprattutto hanno fatto una gara di grande qualit\u00e0, perdendo 42 a 41\u201d, ha raccontato Floreani.<\/p>\n<p>Infine la giovanissima <strong>Elisa Perrone<\/strong> (14enne al suo esordio nei cadetti) a Casale Monferrato si \u00e8 qualificata fra le prime 16 e quindi sar\u00e0 fra le protagoniste delle finali che si terranno a Verona il 25 maggio, dove saranno presenti le 42 cadette pi\u00f9 forti d\u2019Italia.<\/p>\n<p>Stella \u00e8 invece atteso il prossimo 7 giugno a Milano ai Campionati italiani assoluti, anche lui assieme ai primi 42 schermidori italiani.<\/p>\n","protected":false},"excerpt":{"rendered":"<p>Exploit alla Coppa Italia di Ancona<\/p>\n","protected":false},"author":28,"featured_media":26638,"comment_status":"closed","ping_status":"closed","sticky":false,"template":"","format":"standard","meta":{"dwc-title":[],"dwc-content":[],"footnotes":""},"categories":[38],"tags":[],"class_list":["post-26637","post","type-post","status-publish","format-standard","has-post-thumbnail","hentry","category-sport"],"rttpg_featured_image_url":{"full":["https:\/\/imagazine.it\/wp-content\/uploads\/2024\/01\/25330-1.webp",750,488,false],"landscape":["https:\/\/imagazine.it\/wp-content\/uploads\/2024\/01\/25330-1.webp",750,488,false],"portraits":["https:\/\/imagazine.it\/wp-content\/uploads\/2024\/01\/25330-1.webp",750,488,false],"thumbnail":["https:\/\/imagazine.it\/wp-content\/uploads\/2024\/01\/25330-1-150x150.webp",150,150,true],"medium":["https:\/\/imagazine.it\/wp-content\/uploads\/2024\/01\/25330-1-300x195.webp",300,195,true],"large":["https:\/\/imagazine.it\/wp-content\/uploads\/2024\/01\/25330-1.webp",640,416,false],"thumblist":["https:\/\/imagazine.it\/wp-content\/uploads\/2024\/01\/25330-1.webp",300,195,false],"thumbrelated":["https:\/\/imagazine.it\/wp-content\/uploads\/2024\/01\/25330-1.webp",500,325,false],"meccarouselthumb":["https:\/\/imagazine.it\/wp-content\/uploads\/2024\/01\/25330-1.webp",474,308,false],"gridsquare":["https:\/\/imagazine.it\/wp-content\/uploads\/2024\/01\/25330-1.webp",391,254,false],"tileview":["https:\/\/imagazine.it\/wp-content\/uploads\/2024\/01\/25330-1.webp",300,195,false],"1536x1536":["https:\/\/imagazine.it\/wp-content\/uploads\/2024\/01\/25330-1.webp",750,488,false],"2048x2048":["https:\/\/imagazine.it\/wp-content\/uploads\/2024\/01\/25330-1.webp",750,488,false],"newsup-slider-full":["https:\/\/imagazine.it\/wp-content\/uploads\/2024\/01\/25330-1.webp",750,488,false],"newsup-featured":["https:\/\/imagazine.it\/wp-content\/uploads\/2024\/01\/25330-1.webp",750,488,false],"newsup-medium":["https:\/\/imagazine.it\/wp-content\/uploads\/2024\/01\/25330-1-720x380.webp",720,380,true],"tptn_thumbnail":["https:\/\/imagazine.it\/wp-content\/uploads\/2024\/01\/25330-1.webp",250,163,false],"sow-carousel-default":["https:\/\/imagazine.it\/wp-content\/uploads\/2024\/01\/25330-1-272x182.webp",272,182,true]},"rttpg_author":{"display_name":"redazione","author_link":"https:\/\/imagazine.it\/home_desk\/author\/redazione\/"},"rttpg_comment":0,"rttpg_category":"<a href=\"https:\/\/imagazine.it\/home_desk\/category\/sport\/\" rel=\"category tag\">SPORT<\/a>","rttpg_excerpt":"Exploit alla Coppa Italia di Ancona","_links":{"self":[{"href":"https:\/\/imagazine.it\/home_desk\/wp-json\/wp\/v2\/posts\/26637","targetHints":{"allow":["GET"]}}],"collection":[{"href":"https:\/\/imagazine.it\/home_desk\/wp-json\/wp\/v2\/posts"}],"about":[{"href":"https:\/\/imagazine.it\/home_desk\/wp-json\/wp\/v2\/types\/post"}],"author":[{"embeddable":true,"href":"https:\/\/imagazine.it\/home_desk\/wp-json\/wp\/v2\/users\/28"}],"replies":[{"embeddable":true,"href":"https:\/\/imagazine.it\/home_desk\/wp-json\/wp\/v2\/comments?post=26637"}],"version-history":[{"count":0,"href":"https:\/\/imagazine.it\/home_desk\/wp-json\/wp\/v2\/posts\/26637\/revisions"}],"wp:featuredmedia":[{"embeddable":true,"href":"https:\/\/imagazine.it\/home_desk\/wp-json\/wp\/v2\/media\/26638"}],"wp:attachment":[{"href":"https:\/\/imagazine.it\/home_desk\/wp-json\/wp\/v2\/media?parent=26637"}],"wp:term":[{"taxonomy":"category","embeddable":true,"href":"https:\/\/imagazine.it\/home_desk\/wp-json\/wp\/v2\/categories?post=26637"},{"taxonomy":"post_tag","embeddable":true,"href":"https:\/\/imagazine.it\/home_desk\/wp-json\/wp\/v2\/tags?post=26637"}],"curies":[{"name":"wp","href":"https:\/\/api.w.org\/{rel}","templated":true}]}}