{"id":26631,"date":"2018-05-15T00:00:00","date_gmt":"2018-05-14T23:00:00","guid":{"rendered":"https:\/\/imagazine.it\/?p=26631"},"modified":"2018-05-15T00:00:00","modified_gmt":"2018-05-14T23:00:00","slug":"ciclabile-per-grado-dopo-le-polemiche-si-sfalcia-lerba","status":"publish","type":"post","link":"https:\/\/imagazine.it\/home_desk\/ciclabile-per-grado-dopo-le-polemiche-si-sfalcia-lerba\/","title":{"rendered":"Ciclabile per Grado, dopo le polemiche si sfalcia l&#8217;erba"},"content":{"rendered":"<p>Dopo le proteste sui social nei giorni scorsi e le richieste di intervento anche da parte del mondo politico e amministrativo, oggi \u00e8 iniziato lo sfalcio dell&#39;erba lungo la pista ciclabile Alpe Adria che conduce a Grado, in particolare nel tratto che interessa i comuni di Terzo di Aquileia e Aquileia, di competenza della Regione che ha affidato la manutenzione a FVG Strade.<\/p>\n<p>Negli ultimi tempi l&#39;erba &#8211; come dimostrato dalle immagini realizzate domenica scorsa dal nostro Claudio Pizzin &#8211; aveva di fatto invaso la carreggiata ciclabile, rendendo pericoloso il transito dei ciclisti costretti a improvvisi cambi di corsia. Da qui le lamentele e le segnalazioni dell&#39;utenza, tra cui famiglie con bambini e turisti del nord Europa che in numero sempre maggiore utilizzano il percorso ciclabile da Salisburgo a Grado per raggiungere l&#39;isola del sole.<\/p>\n<p>Domenica scorsa, complice anche l&#39;annunciata esibizione delle Frecce Tricolori a Grado, numerosi appassionati e curiosi avevano deciso di raggiungere la localit\u00e0 balneare in bici per assistere all&#39;Air Show. La pista ciclabile invasa dall&#39;erba non ha offerto un bel biglietto da visita, sollevando una nuova ondata di critiche.\u00a0<\/p>\n<p>Con lo sfalcio odierno la situazione dovrebbe tornare alla normalit\u00e0, confidando che la manutenzione di uno dei fiori all&#39;occhiello della viabilit\u00e0 ciclistica del nostro territorio possa godere in futuro di maggiore attenzione dalle realt\u00e0 preposte alla sua manutenzione.<\/p>\n<p>\u00a0<\/p>\n","protected":false},"excerpt":{"rendered":"<p>Operai al lavoro<\/p>\n","protected":false},"author":28,"featured_media":26632,"comment_status":"closed","ping_status":"closed","sticky":false,"template":"","format":"standard","meta":{"dwc-title":[],"dwc-content":[],"footnotes":""},"categories":[5],"tags":[],"class_list":["post-26631","post","type-post","status-publish","format-standard","has-post-thumbnail","hentry","category-attualita"],"rttpg_featured_image_url":{"full":["https:\/\/imagazine.it\/wp-content\/uploads\/2024\/01\/25304-1.webp",750,529,false],"landscape":["https:\/\/imagazine.it\/wp-content\/uploads\/2024\/01\/25304-1.webp",750,529,false],"portraits":["https:\/\/imagazine.it\/wp-content\/uploads\/2024\/01\/25304-1.webp",750,529,false],"thumbnail":["https:\/\/imagazine.it\/wp-content\/uploads\/2024\/01\/25304-1-150x150.webp",150,150,true],"medium":["https:\/\/imagazine.it\/wp-content\/uploads\/2024\/01\/25304-1-300x212.webp",300,212,true],"large":["https:\/\/imagazine.it\/wp-content\/uploads\/2024\/01\/25304-1.webp",640,451,false],"thumblist":["https:\/\/imagazine.it\/wp-content\/uploads\/2024\/01\/25304-1.webp",300,212,false],"thumbrelated":["https:\/\/imagazine.it\/wp-content\/uploads\/2024\/01\/25304-1.webp",500,353,false],"meccarouselthumb":["https:\/\/imagazine.it\/wp-content\/uploads\/2024\/01\/25304-1.webp",459,324,false],"gridsquare":["https:\/\/imagazine.it\/wp-content\/uploads\/2024\/01\/25304-1.webp",369,260,false],"tileview":["https:\/\/imagazine.it\/wp-content\/uploads\/2024\/01\/25304-1.webp",300,212,false],"1536x1536":["https:\/\/imagazine.it\/wp-content\/uploads\/2024\/01\/25304-1.webp",750,529,false],"2048x2048":["https:\/\/imagazine.it\/wp-content\/uploads\/2024\/01\/25304-1.webp",750,529,false],"newsup-slider-full":["https:\/\/imagazine.it\/wp-content\/uploads\/2024\/01\/25304-1.webp",750,529,false],"newsup-featured":["https:\/\/imagazine.it\/wp-content\/uploads\/2024\/01\/25304-1.webp",750,529,false],"newsup-medium":["https:\/\/imagazine.it\/wp-content\/uploads\/2024\/01\/25304-1-720x380.webp",720,380,true],"tptn_thumbnail":["https:\/\/imagazine.it\/wp-content\/uploads\/2024\/01\/25304-1.webp",250,176,false],"sow-carousel-default":["https:\/\/imagazine.it\/wp-content\/uploads\/2024\/01\/25304-1-272x182.webp",272,182,true]},"rttpg_author":{"display_name":"redazione","author_link":"https:\/\/imagazine.it\/home_desk\/author\/redazione\/"},"rttpg_comment":0,"rttpg_category":"<a href=\"https:\/\/imagazine.it\/home_desk\/category\/attualita\/\" rel=\"category tag\">ATTUALIT\u00c0<\/a>","rttpg_excerpt":"Operai al lavoro","_links":{"self":[{"href":"https:\/\/imagazine.it\/home_desk\/wp-json\/wp\/v2\/posts\/26631","targetHints":{"allow":["GET"]}}],"collection":[{"href":"https:\/\/imagazine.it\/home_desk\/wp-json\/wp\/v2\/posts"}],"about":[{"href":"https:\/\/imagazine.it\/home_desk\/wp-json\/wp\/v2\/types\/post"}],"author":[{"embeddable":true,"href":"https:\/\/imagazine.it\/home_desk\/wp-json\/wp\/v2\/users\/28"}],"replies":[{"embeddable":true,"href":"https:\/\/imagazine.it\/home_desk\/wp-json\/wp\/v2\/comments?post=26631"}],"version-history":[{"count":0,"href":"https:\/\/imagazine.it\/home_desk\/wp-json\/wp\/v2\/posts\/26631\/revisions"}],"wp:featuredmedia":[{"embeddable":true,"href":"https:\/\/imagazine.it\/home_desk\/wp-json\/wp\/v2\/media\/26632"}],"wp:attachment":[{"href":"https:\/\/imagazine.it\/home_desk\/wp-json\/wp\/v2\/media?parent=26631"}],"wp:term":[{"taxonomy":"category","embeddable":true,"href":"https:\/\/imagazine.it\/home_desk\/wp-json\/wp\/v2\/categories?post=26631"},{"taxonomy":"post_tag","embeddable":true,"href":"https:\/\/imagazine.it\/home_desk\/wp-json\/wp\/v2\/tags?post=26631"}],"curies":[{"name":"wp","href":"https:\/\/api.w.org\/{rel}","templated":true}]}}