{"id":26589,"date":"2018-05-09T00:00:00","date_gmt":"2018-05-08T23:00:00","guid":{"rendered":"https:\/\/imagazine.it\/?p=26589"},"modified":"2018-05-09T00:00:00","modified_gmt":"2018-05-08T23:00:00","slug":"piccolipalchi-la-compagnia-arearea-vince-il-premio-del-pubblico","status":"publish","type":"post","link":"https:\/\/imagazine.it\/home_desk\/piccolipalchi-la-compagnia-arearea-vince-il-premio-del-pubblico\/","title":{"rendered":"Piccolipalchi, la compagnia Arearea vince il Premio del pubblico"},"content":{"rendered":"<p><strong><em>Play with me<\/em><\/strong> della <strong>compagnia Arearea<\/strong> di Udine conquista il <strong>Premio del pubblico<\/strong> <strong>2017\/2018<\/strong> di <strong>Piccolipalchi<\/strong>. Lo spettacolo, infatti, \u00e8 stato il pi\u00f9 apprezzato dagli spettatori della rassegna per le famiglie organizzata dall\u2019<strong>Ente Regionale Teatrale del Friuli Venezia Giulia<\/strong> e giunta ormai alla dodicesima edizione.<\/p>\n<p>Qual \u00e8 oggi il confine tra la realt\u00e0 e il mondo digitale? Che fine ha fatto il gioco e dove si \u00e8 cacciata l\u2019avventura? Sono queste le domande dalle quali nasce <strong><em>Play with me. <\/em><\/strong>Con le coreografie di <strong>Marta Bevilacqua<\/strong>, lo spettacolo vede in scena l\u2019attore <strong>Alessandro Maione<\/strong> e la danzatrice <strong>Valentina Saggin<\/strong>, due adulti-bambini che giocano senza sudare con la testa china su uno schermo. Attraverso la dimensione del gioco <em>Play with me<\/em> riflette sulla riscoperta del corpo e del linguaggio della danza.<\/p>\n<p>L\u2019allestimento dello spettacolo ha attinto anche all\u2019esperienza di laboratorio che la compagnia ha condotto nelle scuole della nostra regione nell\u2019ambito delle attivit\u00e0 del progetto teatroescuola dell\u2019ERT.<\/p>\n<p>La compagnia di danza contemporanea<strong> Arearea<\/strong> di Udine \u00e8 stata fondata da <strong>Roberto Cocconi <\/strong>nel 1992 dopo le sue esperienze nella compagnia del Teatro La Fenice di Venezia con Carolyn Carlson e la fondazione del gruppo Sosta Palmizi assieme ad altri coreografi. Attualmente \u00e8 guidata da un nucleo artistico stabile composto dallo stesso Cocconi, Marta Bevilacqua, Luca Zampar e Valentina Saggin.<\/p>\n<p>Le creazioni della compagnia spaziano dallo spettacolo teatrale alle performance e si contraddistinguono per la messa in discussione delle abituali logiche di utilizzo degli spazi, dal palcoscenico teatrale alle sale museali, dai contesti urbani agli spazi naturali. La compagnia Arearea \u00e8 l\u2019unica realt\u00e0 professionale che opera nel campo della produzione di danza in Friuli Venezia Giulia.<\/p>\n<p>L\u2019edizione 2017\/2018 di <strong>Piccolipalchi<\/strong> ha portato sul territorio <strong>26 spettacoli<\/strong> per complessivi <strong>37 appuntamenti <\/strong>in <strong>13 Comuni della regione <\/strong>(Artegna, Codroipo, Grado, Latisana, Lestizza, Monfalcone, Palmanova, Pontebba, Premariacco, Sacile, San Daniele del Friuli, San Vito al Tagliamento, Tolmezzo) registrando complessivamente <strong>3.000 presenze<\/strong>. Nata nel 2006 la rassegna Piccolipalchi si \u00e8 negli anni consolidata come un importante intervento di politica culturale e artistica per l\u2019infanzia e di radicato servizio al territorio, raccogliendo attorno a s\u00e9 una rete di soggetti che condividono lo spirito del progetto. La rassegna \u00e8 organizzata con il sostegno della <strong>Regione Friuli Venezia Giulia<\/strong>, la partecipazione della<strong> Fondazione Friuli<\/strong> e alla collaborazione e al contributo dei Comuni aderenti e delle associazioni locali quali il CIT &#8211; Centro Iniziative Teatrali di Latisana, l\u2019associazione Amici del Teatro di Artegna e la Comunit\u00e0 collinare del Friuli.<\/p>\n<p>L\u2019<strong>edizione 2018\/2019 <\/strong>della rassegna \u00e8 gi\u00e0 in cantiere e verr\u00e0 presentata ufficialmente a ottobre. Per ulteriori informazioni sulle attivit\u00e0, sia per adulti sia per bambini, dell\u2019Ente Regionale Teatrale visitare il sito <u><a href=\"http:\/\/www.ertfvg.it\/\" target=\"_blank\" rel=\"noopener\">www.ertfvg.it<\/a><\/u>.\u00a0<\/p>\n","protected":false},"excerpt":{"rendered":"<p>Conclusa la 12^ edizione della rassegna teatrale per le famiglie dell\u2019ERT<\/p>\n","protected":false},"author":28,"featured_media":26590,"comment_status":"closed","ping_status":"closed","sticky":false,"template":"","format":"standard","meta":{"dwc-title":[],"dwc-content":[],"footnotes":""},"categories":[37],"tags":[],"class_list":["post-26589","post","type-post","status-publish","format-standard","has-post-thumbnail","hentry","category-cultura-e-spettacolo"],"rttpg_featured_image_url":{"full":["https:\/\/imagazine.it\/wp-content\/uploads\/2024\/01\/25209-1.webp",500,333,false],"landscape":["https:\/\/imagazine.it\/wp-content\/uploads\/2024\/01\/25209-1.webp",500,333,false],"portraits":["https:\/\/imagazine.it\/wp-content\/uploads\/2024\/01\/25209-1.webp",500,333,false],"thumbnail":["https:\/\/imagazine.it\/wp-content\/uploads\/2024\/01\/25209-1-150x150.webp",150,150,true],"medium":["https:\/\/imagazine.it\/wp-content\/uploads\/2024\/01\/25209-1-300x200.webp",300,200,true],"large":["https:\/\/imagazine.it\/wp-content\/uploads\/2024\/01\/25209-1.webp",500,333,false],"thumblist":["https:\/\/imagazine.it\/wp-content\/uploads\/2024\/01\/25209-1.webp",300,200,false],"thumbrelated":["https:\/\/imagazine.it\/wp-content\/uploads\/2024\/01\/25209-1.webp",500,333,false],"meccarouselthumb":["https:\/\/imagazine.it\/wp-content\/uploads\/2024\/01\/25209-1.webp",474,316,false],"gridsquare":["https:\/\/imagazine.it\/wp-content\/uploads\/2024\/01\/25209-1.webp",391,260,false],"tileview":["https:\/\/imagazine.it\/wp-content\/uploads\/2024\/01\/25209-1.webp",300,200,false],"1536x1536":["https:\/\/imagazine.it\/wp-content\/uploads\/2024\/01\/25209-1.webp",500,333,false],"2048x2048":["https:\/\/imagazine.it\/wp-content\/uploads\/2024\/01\/25209-1.webp",500,333,false],"newsup-slider-full":["https:\/\/imagazine.it\/wp-content\/uploads\/2024\/01\/25209-1.webp",500,333,false],"newsup-featured":["https:\/\/imagazine.it\/wp-content\/uploads\/2024\/01\/25209-1.webp",500,333,false],"newsup-medium":["https:\/\/imagazine.it\/wp-content\/uploads\/2024\/01\/25209-1.webp",500,333,false],"tptn_thumbnail":["https:\/\/imagazine.it\/wp-content\/uploads\/2024\/01\/25209-1.webp",250,167,false],"sow-carousel-default":["https:\/\/imagazine.it\/wp-content\/uploads\/2024\/01\/25209-1-272x182.webp",272,182,true]},"rttpg_author":{"display_name":"redazione","author_link":"https:\/\/imagazine.it\/home_desk\/author\/redazione\/"},"rttpg_comment":0,"rttpg_category":"<a href=\"https:\/\/imagazine.it\/home_desk\/category\/cultura-e-spettacolo\/\" rel=\"category tag\">CULTURA&amp;SPETTACOLO<\/a>","rttpg_excerpt":"Conclusa la 12^ edizione della rassegna teatrale per le famiglie dell\u2019ERT","_links":{"self":[{"href":"https:\/\/imagazine.it\/home_desk\/wp-json\/wp\/v2\/posts\/26589","targetHints":{"allow":["GET"]}}],"collection":[{"href":"https:\/\/imagazine.it\/home_desk\/wp-json\/wp\/v2\/posts"}],"about":[{"href":"https:\/\/imagazine.it\/home_desk\/wp-json\/wp\/v2\/types\/post"}],"author":[{"embeddable":true,"href":"https:\/\/imagazine.it\/home_desk\/wp-json\/wp\/v2\/users\/28"}],"replies":[{"embeddable":true,"href":"https:\/\/imagazine.it\/home_desk\/wp-json\/wp\/v2\/comments?post=26589"}],"version-history":[{"count":0,"href":"https:\/\/imagazine.it\/home_desk\/wp-json\/wp\/v2\/posts\/26589\/revisions"}],"wp:featuredmedia":[{"embeddable":true,"href":"https:\/\/imagazine.it\/home_desk\/wp-json\/wp\/v2\/media\/26590"}],"wp:attachment":[{"href":"https:\/\/imagazine.it\/home_desk\/wp-json\/wp\/v2\/media?parent=26589"}],"wp:term":[{"taxonomy":"category","embeddable":true,"href":"https:\/\/imagazine.it\/home_desk\/wp-json\/wp\/v2\/categories?post=26589"},{"taxonomy":"post_tag","embeddable":true,"href":"https:\/\/imagazine.it\/home_desk\/wp-json\/wp\/v2\/tags?post=26589"}],"curies":[{"name":"wp","href":"https:\/\/api.w.org\/{rel}","templated":true}]}}