{"id":26579,"date":"2018-05-08T00:00:00","date_gmt":"2018-05-07T23:00:00","guid":{"rendered":"https:\/\/imagazine.it\/?p=26579"},"modified":"2018-05-08T00:00:00","modified_gmt":"2018-05-07T23:00:00","slug":"palmanova-nuovi-arredi-per-il-giardino-della-biblioteca","status":"publish","type":"post","link":"https:\/\/imagazine.it\/home_desk\/palmanova-nuovi-arredi-per-il-giardino-della-biblioteca\/","title":{"rendered":"Palmanova, nuovi arredi per il giardino della biblioteca"},"content":{"rendered":"<p>\u201cVogliamo aprire pi\u00f9 possibile questo spazio, permettendo a sempre pi\u00f9 persone di vivere la Biblioteca e incrementare la passione per la lettura\u201d. Cos\u00ec la vicesindaco e assessore alla cultura\u00a0<strong>Adriana Danielis<\/strong>\u00a0alla presentazione del rinnovato giardino estivo della Biblioteca di Palmanova.<\/p>\n<p>Da oggi questo spazio, cos\u00ec come quelli interni della Biblioteca Civica di Palmanova, saranno\u00a0<strong>aperti anche ogni sabato mattina, dalle 9 alle 12<\/strong>. Questo \u00e8 stato possibile utilizzando risorse finanziarie del Comune ma anche grazie alla collaborazione con le realt\u00e0 associative del territorio. L\u2019associazione Libermente si impegner\u00e0 infatti a rendere fruibile lo spazio per un sabato al mese, organizzando al suo interno eventi legati alla lettura e alla promozione culturale.<\/p>\n<p>\u201cIl rapporto con le associazioni \u00e8 fondamentale. La restituzione qualifica l\u2019impegno di cittadinanza. Questo \u00e8 uno spazio ideale per le attivit\u00e0 delle organizzazioni culturali. Per questo coinvolgeremo anche altre realt\u00e0 per creare attivit\u00e0 e arricchimento di questo spazio ospitale a attrezzato, ora anche nei suoi spazi esterni, ottimo per la frequentazione di famiglie, bambini e persone di tutte le et\u00e0\u201d aggiunge la\u00a0<strong>vicesindaco<\/strong>.<\/p>\n<p>Il Comune ha <strong>acquistato sedie, poltroncine, ombrelloni e tavoli<\/strong>\u00a0per rendere fruibile anche la zona esterna antistante l\u2019ingresso. Il giardino potr\u00e0 essere infatti, da ora, utilizzato per organizzare piccoli eventi, laboratori con i bambini o incontri pubblici.<\/p>\n<p>La Biblioteca Civica \u201cAlcide Muradore\u201d di Palmanova, che rientra nel sistema bibliotecario Inbiblio, che comprende 27 Comuni della Bassa Friulana e 28 biblioteche, ha realizzato, nel 2017,\u00a0<strong>9.400 prestiti, in incremento rispetto agli 8.300 del 2012.<\/strong><\/p>\n","protected":false},"excerpt":{"rendered":"<p>Presentati al pubblico<\/p>\n","protected":false},"author":28,"featured_media":26580,"comment_status":"closed","ping_status":"closed","sticky":false,"template":"","format":"standard","meta":{"dwc-title":[],"dwc-content":[],"footnotes":""},"categories":[5],"tags":[],"class_list":["post-26579","post","type-post","status-publish","format-standard","has-post-thumbnail","hentry","category-attualita"],"rttpg_featured_image_url":{"full":["https:\/\/imagazine.it\/wp-content\/uploads\/2024\/01\/25192-1.webp",750,528,false],"landscape":["https:\/\/imagazine.it\/wp-content\/uploads\/2024\/01\/25192-1.webp",750,528,false],"portraits":["https:\/\/imagazine.it\/wp-content\/uploads\/2024\/01\/25192-1.webp",750,528,false],"thumbnail":["https:\/\/imagazine.it\/wp-content\/uploads\/2024\/01\/25192-1-150x150.webp",150,150,true],"medium":["https:\/\/imagazine.it\/wp-content\/uploads\/2024\/01\/25192-1-300x211.webp",300,211,true],"large":["https:\/\/imagazine.it\/wp-content\/uploads\/2024\/01\/25192-1.webp",640,451,false],"thumblist":["https:\/\/imagazine.it\/wp-content\/uploads\/2024\/01\/25192-1.webp",300,211,false],"thumbrelated":["https:\/\/imagazine.it\/wp-content\/uploads\/2024\/01\/25192-1.webp",500,352,false],"meccarouselthumb":["https:\/\/imagazine.it\/wp-content\/uploads\/2024\/01\/25192-1.webp",460,324,false],"gridsquare":["https:\/\/imagazine.it\/wp-content\/uploads\/2024\/01\/25192-1.webp",369,260,false],"tileview":["https:\/\/imagazine.it\/wp-content\/uploads\/2024\/01\/25192-1.webp",300,211,false],"1536x1536":["https:\/\/imagazine.it\/wp-content\/uploads\/2024\/01\/25192-1.webp",750,528,false],"2048x2048":["https:\/\/imagazine.it\/wp-content\/uploads\/2024\/01\/25192-1.webp",750,528,false],"newsup-slider-full":["https:\/\/imagazine.it\/wp-content\/uploads\/2024\/01\/25192-1.webp",750,528,false],"newsup-featured":["https:\/\/imagazine.it\/wp-content\/uploads\/2024\/01\/25192-1.webp",750,528,false],"newsup-medium":["https:\/\/imagazine.it\/wp-content\/uploads\/2024\/01\/25192-1-720x380.webp",720,380,true],"tptn_thumbnail":["https:\/\/imagazine.it\/wp-content\/uploads\/2024\/01\/25192-1.webp",250,176,false],"sow-carousel-default":["https:\/\/imagazine.it\/wp-content\/uploads\/2024\/01\/25192-1-272x182.webp",272,182,true]},"rttpg_author":{"display_name":"redazione","author_link":"https:\/\/imagazine.it\/home_desk\/author\/redazione\/"},"rttpg_comment":0,"rttpg_category":"<a href=\"https:\/\/imagazine.it\/home_desk\/category\/attualita\/\" rel=\"category tag\">ATTUALIT\u00c0<\/a>","rttpg_excerpt":"Presentati al pubblico","_links":{"self":[{"href":"https:\/\/imagazine.it\/home_desk\/wp-json\/wp\/v2\/posts\/26579","targetHints":{"allow":["GET"]}}],"collection":[{"href":"https:\/\/imagazine.it\/home_desk\/wp-json\/wp\/v2\/posts"}],"about":[{"href":"https:\/\/imagazine.it\/home_desk\/wp-json\/wp\/v2\/types\/post"}],"author":[{"embeddable":true,"href":"https:\/\/imagazine.it\/home_desk\/wp-json\/wp\/v2\/users\/28"}],"replies":[{"embeddable":true,"href":"https:\/\/imagazine.it\/home_desk\/wp-json\/wp\/v2\/comments?post=26579"}],"version-history":[{"count":0,"href":"https:\/\/imagazine.it\/home_desk\/wp-json\/wp\/v2\/posts\/26579\/revisions"}],"wp:featuredmedia":[{"embeddable":true,"href":"https:\/\/imagazine.it\/home_desk\/wp-json\/wp\/v2\/media\/26580"}],"wp:attachment":[{"href":"https:\/\/imagazine.it\/home_desk\/wp-json\/wp\/v2\/media?parent=26579"}],"wp:term":[{"taxonomy":"category","embeddable":true,"href":"https:\/\/imagazine.it\/home_desk\/wp-json\/wp\/v2\/categories?post=26579"},{"taxonomy":"post_tag","embeddable":true,"href":"https:\/\/imagazine.it\/home_desk\/wp-json\/wp\/v2\/tags?post=26579"}],"curies":[{"name":"wp","href":"https:\/\/api.w.org\/{rel}","templated":true}]}}