{"id":26575,"date":"2018-05-07T00:00:00","date_gmt":"2018-05-06T23:00:00","guid":{"rendered":"https:\/\/imagazine.it\/?p=26575"},"modified":"2018-05-07T00:00:00","modified_gmt":"2018-05-06T23:00:00","slug":"il-premio-hemingway-si-tinge-di-rosa","status":"publish","type":"post","link":"https:\/\/imagazine.it\/home_desk\/il-premio-hemingway-si-tinge-di-rosa\/","title":{"rendered":"Il Premio Hemingway si tinge di rosa"},"content":{"rendered":"<p>L\u2019autrice francese <strong>Annie Ernaux <\/strong>per la<strong> Letteratura<\/strong>, il neuroscienziato <strong>Antonio Damasio<\/strong> per<strong> l\u2019Avventura del pensiero<\/strong>, la giornalista <strong>Lilli Gruber <\/strong>nella sezione<strong> Testimone del nostro tempo<\/strong> e l\u2019artista <strong>Francesca Della Toffola <\/strong>per la<strong> Fotografia<\/strong> sono i <strong>vincitori <\/strong>del<strong> Premio Hemingway 2018<\/strong>, dedicato in questa edizione a <strong>Pierluigi Cappello<\/strong> e promosso dal <strong>Comune di Lignano<\/strong> con il sostegno degli Assessorati alla <strong>Cultura<\/strong> e alle <strong>Attivit\u00e0 Produttive<\/strong> della <strong>Regione Friuli Venezia Giulia<\/strong>, attraverso la consolidata collaborazione con la <strong>Fondazione Pordenonelegge.it. \u00a0\u00a0<\/strong><\/p>\n<p>\u00c8 <strong>un Premio che quest\u2019anno \u201cparla\u201d molto al femminile<\/strong>, nella esplorazione poliedrica dei tratti portanti della personalit\u00e0 di Ernest Hemingway: sar\u00e0 una delle pi\u00f9 amate voci della cultura francese, <strong>Annie Ernaux<\/strong>, a restituire la sua profonda anima di scrittore con i tratti forti e incisivi che le sono propri e che scandiscono anche il suo ultimo romanzo, \u201cUna donna\u201d, appena pubblicato in Italia per L\u2019Orma editore. Mentre una delle pi\u00f9 note e apprezzate giornaliste e inviate degli ultimi decenni, <strong>Lilli Gruber<\/strong>, rappresenter\u00e0 l\u2019intensa esperienza di reporter di guerra che avrebbe poi ispirato molte pagine indimenticabili dell\u2019opera di Hemingway. Il poker dei vincitori 2018 del Premio si completa con il talento fotografico di <strong>Francesca Della Toffola<\/strong>, artista che unisce alla ricerca un\u2019appassionata sensibilit\u00e0 estetica, e con le geniali intuizioni di un grande esploratore della natura umana e soprattutto della nostra coscienza, il neuroscienziato <strong>Antonio Damasio<\/strong>, di cui <strong>proprio domani uscir\u00e0 in Italia, per Adelphi, il nuovo saggio \u201c<\/strong><strong>Lo strano ordine delle cose. La vita, i sentimenti e la creazione delle culture\u201d<\/strong><em>.<\/em><\/p>\n<p>I vincitori sono stati annunciati dal sindaco del Comune di Lignano <strong>Luca Fanotto<\/strong> con l\u2019assessore alla Cultura <strong>Ada Iuri<\/strong>, il presidente della Fondazione Pordenonelegge.it <strong>Giovanni Pavan<\/strong> e con il presidente della Giuria del Premio Hemingway <strong>Alberto Garlini<\/strong>, affiancato dai giurati <strong>Gian Mario<\/strong> <strong>Villalta<\/strong> e <strong>Italo<\/strong> <strong>Zannier<\/strong>. Impossibile non ricordare un nome eccellente che fino al 2017 aveva preso parte alle scelte dei vincitori quale componente di Giuria del Premio Hemingway, il poeta e scrittore friulano <strong>Pierluigi Cappello<\/strong>, scomparso lo scorso autunno. Il suo ricordo e la profondit\u00e0 del suo pensiero e della sua opera resteranno di ispirazione per le edizioni a venire, e a lui sono dedicati gli incontri del cartellone 2018.<\/p>\n<p>Nel segno di <strong>Ernest Hemingway<\/strong>, dunque, gli \u201cIncontri\u201d che ogni anno trasformano il Premio in un vero e proprio Festival, aperto alla partecipazione del pubblico nella \u201cpiccola Florida italiana\u201d, la radiosa citt\u00e0 di <strong>Lignano Sabbiadoro.<\/strong> Un cartellone prche permetter\u00e0 di incontrare <strong>Annie Ernaux, Antonio Damasio<\/strong><strong>,<\/strong><strong> Lilli Gruber <\/strong>e<strong> Francesca Della Toffola <\/strong>al Centro Congressi Kursaal. La <strong>Serata di Premiazione <\/strong>si svolger\u00e0 al<strong> CinemaCity sabato 23 giugno alle 18<\/strong>. Per informazioni e per prenotare il proprio posto, fino ad esaurimento: <u><a href=\"http:\/\/www.premiohemingway.it\/\" target=\"_blank\" rel=\"noopener\"><strong>www.premiohemingway.it<\/strong><\/a><\/u><\/p>\n","protected":false},"excerpt":{"rendered":"<p>Il 23 giugno la cerimonia di premiazione<\/p>\n","protected":false},"author":28,"featured_media":26576,"comment_status":"closed","ping_status":"closed","sticky":false,"template":"","format":"standard","meta":{"dwc-title":[],"dwc-content":[],"footnotes":""},"categories":[37],"tags":[],"class_list":["post-26575","post","type-post","status-publish","format-standard","has-post-thumbnail","hentry","category-cultura-e-spettacolo"],"rttpg_featured_image_url":{"full":["https:\/\/imagazine.it\/wp-content\/uploads\/2024\/01\/25183-1.webp",750,582,false],"landscape":["https:\/\/imagazine.it\/wp-content\/uploads\/2024\/01\/25183-1.webp",750,582,false],"portraits":["https:\/\/imagazine.it\/wp-content\/uploads\/2024\/01\/25183-1.webp",750,582,false],"thumbnail":["https:\/\/imagazine.it\/wp-content\/uploads\/2024\/01\/25183-1-150x150.webp",150,150,true],"medium":["https:\/\/imagazine.it\/wp-content\/uploads\/2024\/01\/25183-1-300x233.webp",300,233,true],"large":["https:\/\/imagazine.it\/wp-content\/uploads\/2024\/01\/25183-1.webp",640,497,false],"thumblist":["https:\/\/imagazine.it\/wp-content\/uploads\/2024\/01\/25183-1.webp",300,233,false],"thumbrelated":["https:\/\/imagazine.it\/wp-content\/uploads\/2024\/01\/25183-1.webp",500,388,false],"meccarouselthumb":["https:\/\/imagazine.it\/wp-content\/uploads\/2024\/01\/25183-1.webp",418,324,false],"gridsquare":["https:\/\/imagazine.it\/wp-content\/uploads\/2024\/01\/25183-1.webp",335,260,false],"tileview":["https:\/\/imagazine.it\/wp-content\/uploads\/2024\/01\/25183-1.webp",300,233,false],"1536x1536":["https:\/\/imagazine.it\/wp-content\/uploads\/2024\/01\/25183-1.webp",750,582,false],"2048x2048":["https:\/\/imagazine.it\/wp-content\/uploads\/2024\/01\/25183-1.webp",750,582,false],"newsup-slider-full":["https:\/\/imagazine.it\/wp-content\/uploads\/2024\/01\/25183-1.webp",750,582,false],"newsup-featured":["https:\/\/imagazine.it\/wp-content\/uploads\/2024\/01\/25183-1.webp",750,582,false],"newsup-medium":["https:\/\/imagazine.it\/wp-content\/uploads\/2024\/01\/25183-1-720x380.webp",720,380,true],"tptn_thumbnail":["https:\/\/imagazine.it\/wp-content\/uploads\/2024\/01\/25183-1.webp",250,194,false],"sow-carousel-default":["https:\/\/imagazine.it\/wp-content\/uploads\/2024\/01\/25183-1-272x182.webp",272,182,true]},"rttpg_author":{"display_name":"redazione","author_link":"https:\/\/imagazine.it\/home_desk\/author\/redazione\/"},"rttpg_comment":0,"rttpg_category":"<a href=\"https:\/\/imagazine.it\/home_desk\/category\/cultura-e-spettacolo\/\" rel=\"category tag\">CULTURA&amp;SPETTACOLO<\/a>","rttpg_excerpt":"Il 23 giugno la cerimonia di premiazione","_links":{"self":[{"href":"https:\/\/imagazine.it\/home_desk\/wp-json\/wp\/v2\/posts\/26575","targetHints":{"allow":["GET"]}}],"collection":[{"href":"https:\/\/imagazine.it\/home_desk\/wp-json\/wp\/v2\/posts"}],"about":[{"href":"https:\/\/imagazine.it\/home_desk\/wp-json\/wp\/v2\/types\/post"}],"author":[{"embeddable":true,"href":"https:\/\/imagazine.it\/home_desk\/wp-json\/wp\/v2\/users\/28"}],"replies":[{"embeddable":true,"href":"https:\/\/imagazine.it\/home_desk\/wp-json\/wp\/v2\/comments?post=26575"}],"version-history":[{"count":0,"href":"https:\/\/imagazine.it\/home_desk\/wp-json\/wp\/v2\/posts\/26575\/revisions"}],"wp:featuredmedia":[{"embeddable":true,"href":"https:\/\/imagazine.it\/home_desk\/wp-json\/wp\/v2\/media\/26576"}],"wp:attachment":[{"href":"https:\/\/imagazine.it\/home_desk\/wp-json\/wp\/v2\/media?parent=26575"}],"wp:term":[{"taxonomy":"category","embeddable":true,"href":"https:\/\/imagazine.it\/home_desk\/wp-json\/wp\/v2\/categories?post=26575"},{"taxonomy":"post_tag","embeddable":true,"href":"https:\/\/imagazine.it\/home_desk\/wp-json\/wp\/v2\/tags?post=26575"}],"curies":[{"name":"wp","href":"https:\/\/api.w.org\/{rel}","templated":true}]}}