{"id":26573,"date":"2018-05-07T00:00:00","date_gmt":"2018-05-06T23:00:00","guid":{"rendered":"https:\/\/imagazine.it\/?p=26573"},"modified":"2018-05-07T00:00:00","modified_gmt":"2018-05-06T23:00:00","slug":"fondazione-ca-ri-go-oltre-330-milioni-per-il-territorio","status":"publish","type":"post","link":"https:\/\/imagazine.it\/home_desk\/fondazione-ca-ri-go-oltre-330-milioni-per-il-territorio\/","title":{"rendered":"Fondazione Ca.Ri.Go, oltre 330 milioni per il territorio"},"content":{"rendered":"<p>Un <strong>patrimonio di 185,94 milioni di euro a valori di bilancio<\/strong>, un <strong>avanzo di gestione pari a 4,8 milioni di euro<\/strong> e <strong>3 milioni di euro per l\u2019attivit\u00e0 erogativa 2018<\/strong>: sono questi i dati che emergono <strong>dal bilancio consuntivo 2017 della Fondazione Cassa di Risparmio di Gorizia<\/strong>, approvato dal Consiglio di Indirizzo della stessa Fondazione sotto la <strong>presidenza di <u><a href=\"http:\/\/www.imagazine.it\/notizie-trieste-gorizia-udine-friuli\/4920\" target=\"_blank\" rel=\"noopener\">Roberta Demartin<\/a><\/u><\/strong>, che ha ringraziato per l\u2019impegno profuso e il lavoro svolto il <strong>segretario generale <u><a href=\"http:\/\/www.imagazine.it\/notizie-trieste-gorizia-udine-friuli\/3422\" target=\"_blank\" rel=\"noopener\">Rossella Digiusto<\/a><\/u><\/strong> e tutti i collaboratori della Fondazione.<\/p>\n<p>\u201cI dati che emergono dal bilancio 2017 \u2013 commenta <strong>Demartin<\/strong> \u2013 confermano il fondamentale ruolo della Fondazione per lo sviluppo del territorio, cui nel 2017 ha destinato un ammontare complessivo di <strong>3.339.426 euro<\/strong>, suddivisi nei <strong>430 progetti sostenuti<\/strong>. Tra questi 81 progetti si riferiscono al settore del volontariato, filantropia e beneficenza per 1.239.789 euro, pari al 37% del deliberato totale; 142 progetti all\u2019arte e attivit\u00e0 culturali per 774.573 euro (23% del deliberato); 69 progetti all\u2019educazione, istruzione e formazione per 703.292 euro (21% del totale deliberato); 28 allo sviluppo locale per un totale di 337.559 euro (10% del totale deliberato). Tra le restanti iniziative, relative agli altri settori ammessi, sono 90 quelle incentrate sulla crescita e formazione giovanile, per 175.720 euro\u201d.<\/p>\n<p>\u201cRelativamente al patrimonio \u2013 spiega il <strong>segretario generale Digiusto <\/strong>\u2013 la Fondazione, che nel corso degli anni ha sempre registrato valori in crescita, cos\u00ec da garantire quel passaggio generazionale che \u00e8 sancito negli Statuti delle Fondazioni, nel 2017 ha registrato un<strong> aumento del patrimonio del 2,5% rispetto all\u2019anno precedente, pari a 4,57 milioni di euro a valori contabili e a<\/strong> <strong>223,75 milioni di euro a valori di mercato<\/strong>, in aumento di oltre 21 milioni di euro <strong>(+10,4%) rispetto al 2016<\/strong>. \u00c8 stato inoltre <strong>incrementato di oltre 700 mila euro il<\/strong> <strong>fondo di stabilizzazione delle erogazioni<\/strong>, che dispone oggi di complessivi 7,2 milioni di euro: si tratta di <strong>risorse indispensabili per <\/strong><strong>assicurare piena continuit\u00e0 all\u2019attivit\u00e0 erogativa in una prospettiva pluriennale<\/strong>\u201d.<\/p>\n<p>In relazione al conto consuntivo, chiarisce <strong>Digiusto<\/strong>, \u201cil 2017 \u00e8 stato un anno positivo per l\u2019economia globale e per i mercati finanziari, con una ripresa economica globale che si \u00e8 mantenuta solida. I rendimenti a scadenza degli indici obbligazionari sono rimasti contenuti. In questo scenario <strong>le scelte di investimento adottate dalla Fondazione sono state premianti e le hanno permesso di conseguire i propri obiettivi reddituali, anzi di superarli, pur mantenendo una elevata attenzione alla gestione dei rischi di portafoglio<\/strong>. Un dato di grande rilievo che emerge dalle pagine del bilancio \u00e8 anche quello della <strong>riduzione di oltre il 4% dell\u2019incidenza dei costi di funzionamento<\/strong> e vicino al limite inferiore previsto nel Documento Programmatico Previsionale\u201d.<\/p>\n<p>\u201cIl 2017 \u2013 ricorda il <strong>presidente Demartin <\/strong>\u2013 \u00e8 stato un anno che non solo ha visto il rinnovo dei Consigli di Indirizzo e Amministrazione e la nomina di un nuovo Presidente, ma anche l\u2019avvio di un <strong>percorso di riflessione nel mondo delle Fondazioni<\/strong>, sul loro ruolo in una societ\u00e0 che \u00e8 mutata e muta profondamente ogni giorno. Le questioni che le societ\u00e0 odierne devono affrontare, dalla crescente domanda di servizi da parte delle fasce pi\u00f9 povere della societ\u00e0 alla crescita e all\u2019invecchiamento della popolazione ai cambiamenti climatici, rappresentano sfide inedite che fanno emergere molto spesso l\u2019inadeguatezza degli strumenti e delle strategie su cui \u00e8 stato costruito il modello europeo di sviluppo economico e di protezione sociale. In tale contesto \u00e8 ferma la convinzione che la Fondazione Carigo, cos\u00ec come le altre Fondazioni, pu\u00f2 e anzi deve giocare una funzione essenziale nel sostenere un approccio pluralista allo sviluppo e alla diffusione dell\u2019innovazione sociale attraverso nuovi strumenti competitivi ed innovativi volti a ripensare un\u2019economia dove, per una volta, vincano tutti, anzi, tutti traggano benefici\u201d.<\/p>\n","protected":false},"excerpt":{"rendered":"<p>Approvato il bilancio consuntivo<\/p>\n","protected":false},"author":28,"featured_media":26574,"comment_status":"closed","ping_status":"closed","sticky":false,"template":"","format":"standard","meta":{"dwc-title":[],"dwc-content":[],"footnotes":""},"categories":[5],"tags":[],"class_list":["post-26573","post","type-post","status-publish","format-standard","has-post-thumbnail","hentry","category-attualita"],"rttpg_featured_image_url":{"full":["https:\/\/imagazine.it\/wp-content\/uploads\/2024\/01\/25181-1.webp",750,482,false],"landscape":["https:\/\/imagazine.it\/wp-content\/uploads\/2024\/01\/25181-1.webp",750,482,false],"portraits":["https:\/\/imagazine.it\/wp-content\/uploads\/2024\/01\/25181-1.webp",750,482,false],"thumbnail":["https:\/\/imagazine.it\/wp-content\/uploads\/2024\/01\/25181-1-150x150.webp",150,150,true],"medium":["https:\/\/imagazine.it\/wp-content\/uploads\/2024\/01\/25181-1-300x193.webp",300,193,true],"large":["https:\/\/imagazine.it\/wp-content\/uploads\/2024\/01\/25181-1.webp",640,411,false],"thumblist":["https:\/\/imagazine.it\/wp-content\/uploads\/2024\/01\/25181-1.webp",300,193,false],"thumbrelated":["https:\/\/imagazine.it\/wp-content\/uploads\/2024\/01\/25181-1.webp",500,321,false],"meccarouselthumb":["https:\/\/imagazine.it\/wp-content\/uploads\/2024\/01\/25181-1.webp",474,305,false],"gridsquare":["https:\/\/imagazine.it\/wp-content\/uploads\/2024\/01\/25181-1.webp",391,251,false],"tileview":["https:\/\/imagazine.it\/wp-content\/uploads\/2024\/01\/25181-1.webp",300,193,false],"1536x1536":["https:\/\/imagazine.it\/wp-content\/uploads\/2024\/01\/25181-1.webp",750,482,false],"2048x2048":["https:\/\/imagazine.it\/wp-content\/uploads\/2024\/01\/25181-1.webp",750,482,false],"newsup-slider-full":["https:\/\/imagazine.it\/wp-content\/uploads\/2024\/01\/25181-1.webp",750,482,false],"newsup-featured":["https:\/\/imagazine.it\/wp-content\/uploads\/2024\/01\/25181-1.webp",750,482,false],"newsup-medium":["https:\/\/imagazine.it\/wp-content\/uploads\/2024\/01\/25181-1-720x380.webp",720,380,true],"tptn_thumbnail":["https:\/\/imagazine.it\/wp-content\/uploads\/2024\/01\/25181-1.webp",250,161,false],"sow-carousel-default":["https:\/\/imagazine.it\/wp-content\/uploads\/2024\/01\/25181-1-272x182.webp",272,182,true]},"rttpg_author":{"display_name":"redazione","author_link":"https:\/\/imagazine.it\/home_desk\/author\/redazione\/"},"rttpg_comment":0,"rttpg_category":"<a href=\"https:\/\/imagazine.it\/home_desk\/category\/attualita\/\" rel=\"category tag\">ATTUALIT\u00c0<\/a>","rttpg_excerpt":"Approvato il bilancio consuntivo","_links":{"self":[{"href":"https:\/\/imagazine.it\/home_desk\/wp-json\/wp\/v2\/posts\/26573","targetHints":{"allow":["GET"]}}],"collection":[{"href":"https:\/\/imagazine.it\/home_desk\/wp-json\/wp\/v2\/posts"}],"about":[{"href":"https:\/\/imagazine.it\/home_desk\/wp-json\/wp\/v2\/types\/post"}],"author":[{"embeddable":true,"href":"https:\/\/imagazine.it\/home_desk\/wp-json\/wp\/v2\/users\/28"}],"replies":[{"embeddable":true,"href":"https:\/\/imagazine.it\/home_desk\/wp-json\/wp\/v2\/comments?post=26573"}],"version-history":[{"count":0,"href":"https:\/\/imagazine.it\/home_desk\/wp-json\/wp\/v2\/posts\/26573\/revisions"}],"wp:featuredmedia":[{"embeddable":true,"href":"https:\/\/imagazine.it\/home_desk\/wp-json\/wp\/v2\/media\/26574"}],"wp:attachment":[{"href":"https:\/\/imagazine.it\/home_desk\/wp-json\/wp\/v2\/media?parent=26573"}],"wp:term":[{"taxonomy":"category","embeddable":true,"href":"https:\/\/imagazine.it\/home_desk\/wp-json\/wp\/v2\/categories?post=26573"},{"taxonomy":"post_tag","embeddable":true,"href":"https:\/\/imagazine.it\/home_desk\/wp-json\/wp\/v2\/tags?post=26573"}],"curies":[{"name":"wp","href":"https:\/\/api.w.org\/{rel}","templated":true}]}}