{"id":26567,"date":"2018-05-07T00:00:00","date_gmt":"2018-05-06T23:00:00","guid":{"rendered":"https:\/\/imagazine.it\/?p=26567"},"modified":"2018-05-07T00:00:00","modified_gmt":"2018-05-06T23:00:00","slug":"friulano-il-nuovo-mister-italia","status":"publish","type":"post","link":"https:\/\/imagazine.it\/home_desk\/friulano-il-nuovo-mister-italia\/","title":{"rendered":"Friulano il nuovo Mister Italia"},"content":{"rendered":"<p>Si \u00e8 svolta a Nova Gorica la finale di Mister Italia, concorso di bellezza maschile nato nel 1983 e collegato ai maggiori beauty contest maschili del mondo. Il nuovo\u00a0<strong>Mister Italia<\/strong>\u00a0\u00e8 <strong>Mirko Pividore<\/strong>\u00a019enne di Tavagnacco, alto 183 cm, capelli neri e occhi marrone. Lavora in un noto negozio di abbigliamento di Udine, fino a qualche mese fa giocava a calcio con\u00a0la Reanese, formazione nella quale riprender\u00e0 a giocare con la prossima stagione. La sua ambizione \u00e8 lavorare nel campo cinematografico e musicale, gi\u00e0 fa il DJ e produce sia musica che video musicali che pubblica su YouTube.\u00a0\u00a0<\/p>\n<p>Oltre alla fascia di Mister Italia la giuria internazionale presieduta da <strong>Susanna Huckstep<\/strong> (Miss Italia\u00a01984) ha\u00a0assegnato anche le fasce collaterali. La fascia di\u00a0\u201c<strong>Mister Cinema<\/strong>\u201d \u00e8 andata a\u00a0<strong>Marco D\u2019Elia<\/strong>, 20enne di Peschiera del Garda;\u00a0la nuova fascia abbinata al concorso e assegnata in anteprima<strong>\u00a0\u201cMister #Millennial\u201d\u00a0<\/strong>\u00e8 andata a\u00a0<strong>Valerio Liburgi<\/strong>\u00a028 enne di Roma.\u00a0<strong>\u201cMister Eleganza World of Beauty\u201d<\/strong>\u00a0\u00e8 stato eletto\u00a0<strong>Andrea Santi<\/strong>, 23enne di Pastrengo; il titolo di \u201c<strong>Mister Fitness<\/strong>\u201d \u00e8 stato assegnato a\u00a0<strong>Renzo Max Rodrigues<\/strong>\u00a028enne di origini brasiliane;\u00a0<strong>\u201cMister Barachini\u201d<\/strong>\u00a0\u00e8 <strong>Jawad Tanjaoui<\/strong> di Merano, 25enne di origini marocchine in Italia dall\u2019et\u00e0 di 4 anni;\u00a0<strong>\u201cMister Boy Italia<\/strong>\u201d \u00e8\u00a0<strong>Andrea Fragali<\/strong>\u00a021enne di Udine, mentre \u201c<strong>Mister Alpe Adria<\/strong>\u201d \u00e8 <strong>Alessandro Rigo<\/strong> di Milano, universitario 23enne. La serata \u00e8 stata presentata da <strong>Laura Zambelli<\/strong> e da <strong>Valentina Suligoi<\/strong>.<\/p>\n<p>Nei prossimi mesi il nuovo Mister Italia rappresenter\u00e0 in nostro paese alla Finale Mondiale di Mister Universal Ambassador che si terr\u00e0 in India, a Jaipur.<\/p>\n","protected":false},"excerpt":{"rendered":"<p>Eletto a Nova Gorica<\/p>\n","protected":false},"author":28,"featured_media":26568,"comment_status":"closed","ping_status":"closed","sticky":false,"template":"","format":"standard","meta":{"dwc-title":[],"dwc-content":[],"footnotes":""},"categories":[37],"tags":[],"class_list":["post-26567","post","type-post","status-publish","format-standard","has-post-thumbnail","hentry","category-cultura-e-spettacolo"],"rttpg_featured_image_url":{"full":["https:\/\/imagazine.it\/wp-content\/uploads\/2024\/01\/25144-1.webp",750,448,false],"landscape":["https:\/\/imagazine.it\/wp-content\/uploads\/2024\/01\/25144-1.webp",750,448,false],"portraits":["https:\/\/imagazine.it\/wp-content\/uploads\/2024\/01\/25144-1.webp",750,448,false],"thumbnail":["https:\/\/imagazine.it\/wp-content\/uploads\/2024\/01\/25144-1-150x150.webp",150,150,true],"medium":["https:\/\/imagazine.it\/wp-content\/uploads\/2024\/01\/25144-1-300x179.webp",300,179,true],"large":["https:\/\/imagazine.it\/wp-content\/uploads\/2024\/01\/25144-1.webp",640,382,false],"thumblist":["https:\/\/imagazine.it\/wp-content\/uploads\/2024\/01\/25144-1.webp",300,179,false],"thumbrelated":["https:\/\/imagazine.it\/wp-content\/uploads\/2024\/01\/25144-1.webp",500,299,false],"meccarouselthumb":["https:\/\/imagazine.it\/wp-content\/uploads\/2024\/01\/25144-1.webp",474,283,false],"gridsquare":["https:\/\/imagazine.it\/wp-content\/uploads\/2024\/01\/25144-1.webp",391,234,false],"tileview":["https:\/\/imagazine.it\/wp-content\/uploads\/2024\/01\/25144-1.webp",300,179,false],"1536x1536":["https:\/\/imagazine.it\/wp-content\/uploads\/2024\/01\/25144-1.webp",750,448,false],"2048x2048":["https:\/\/imagazine.it\/wp-content\/uploads\/2024\/01\/25144-1.webp",750,448,false],"newsup-slider-full":["https:\/\/imagazine.it\/wp-content\/uploads\/2024\/01\/25144-1.webp",750,448,false],"newsup-featured":["https:\/\/imagazine.it\/wp-content\/uploads\/2024\/01\/25144-1.webp",750,448,false],"newsup-medium":["https:\/\/imagazine.it\/wp-content\/uploads\/2024\/01\/25144-1-720x380.webp",720,380,true],"tptn_thumbnail":["https:\/\/imagazine.it\/wp-content\/uploads\/2024\/01\/25144-1.webp",250,149,false],"sow-carousel-default":["https:\/\/imagazine.it\/wp-content\/uploads\/2024\/01\/25144-1-272x182.webp",272,182,true]},"rttpg_author":{"display_name":"redazione","author_link":"https:\/\/imagazine.it\/home_desk\/author\/redazione\/"},"rttpg_comment":0,"rttpg_category":"<a href=\"https:\/\/imagazine.it\/home_desk\/category\/cultura-e-spettacolo\/\" rel=\"category tag\">CULTURA&amp;SPETTACOLO<\/a>","rttpg_excerpt":"Eletto a Nova Gorica","_links":{"self":[{"href":"https:\/\/imagazine.it\/home_desk\/wp-json\/wp\/v2\/posts\/26567","targetHints":{"allow":["GET"]}}],"collection":[{"href":"https:\/\/imagazine.it\/home_desk\/wp-json\/wp\/v2\/posts"}],"about":[{"href":"https:\/\/imagazine.it\/home_desk\/wp-json\/wp\/v2\/types\/post"}],"author":[{"embeddable":true,"href":"https:\/\/imagazine.it\/home_desk\/wp-json\/wp\/v2\/users\/28"}],"replies":[{"embeddable":true,"href":"https:\/\/imagazine.it\/home_desk\/wp-json\/wp\/v2\/comments?post=26567"}],"version-history":[{"count":0,"href":"https:\/\/imagazine.it\/home_desk\/wp-json\/wp\/v2\/posts\/26567\/revisions"}],"wp:featuredmedia":[{"embeddable":true,"href":"https:\/\/imagazine.it\/home_desk\/wp-json\/wp\/v2\/media\/26568"}],"wp:attachment":[{"href":"https:\/\/imagazine.it\/home_desk\/wp-json\/wp\/v2\/media?parent=26567"}],"wp:term":[{"taxonomy":"category","embeddable":true,"href":"https:\/\/imagazine.it\/home_desk\/wp-json\/wp\/v2\/categories?post=26567"},{"taxonomy":"post_tag","embeddable":true,"href":"https:\/\/imagazine.it\/home_desk\/wp-json\/wp\/v2\/tags?post=26567"}],"curies":[{"name":"wp","href":"https:\/\/api.w.org\/{rel}","templated":true}]}}