{"id":26565,"date":"2018-05-07T00:00:00","date_gmt":"2018-05-06T23:00:00","guid":{"rendered":"https:\/\/imagazine.it\/?p=26565"},"modified":"2018-05-07T00:00:00","modified_gmt":"2018-05-06T23:00:00","slug":"da-cervignano-alle-svalbard-sulle-tracce-del-dirigibile-italia","status":"publish","type":"post","link":"https:\/\/imagazine.it\/home_desk\/da-cervignano-alle-svalbard-sulle-tracce-del-dirigibile-italia\/","title":{"rendered":"Da Cervignano alle Svalbard sulle tracce del dirigibile Italia"},"content":{"rendered":"<p>Il 15 aprile 1928 il dirigibile &#8220;Italia&#8221; comandato dal generale Umberto Nobile part\u00ec da Milano Bresso per arrivare alla Baia del Re, nelle Isole Svalbard. Il 25 maggio 1928, al terzo volo, la nave aerea dopo aver raggiunto il Polo Nord, sulla via del ritorno, si schiant\u00f2 sulla banchisa Polare. Sei membri dell&#39;equipaggio rimasero intrappolati sull&#39;involucro che si allontan\u00f2 senza governo, un altro mor\u00ec nell&#39;impatto e 9 persone riuscirono in qualche modo a sopravvivere. Roald Amundsen, informato dell&#39;incidente, and\u00f2 generosamente in loro soccorso, tuttavia scomparve in mare senza mai essere ritrovato. Il 12 luglio 1928, dopo 49 giorni di prigionia sui ghiacci, l&#39;equipaggio superstite fu recuperato e portato in salvo dal rompighiaccio sovietico &#8220;Krassin&#8221;.<\/p>\n<p>In occasione del 90esimo anniversario e per la prima volta dopo 90 anni, i discendenti di quell&#39;equipaggio (tra cui il cervignanese e nostro collaboratore <strong>Michele Tomaselli<\/strong> in rappresentanza di Cesco Tomaselli) si sono radunati a Roma, presso la sede della Societ\u00e0 Geografica italiana.<\/p>\n<p>Alla presenza del Presidente del CNR professore <strong>Massimo Inguscio<\/strong>, della giornalista scientifica del CERN, <strong>Paola Catapano<\/strong>, del professor <strong>Gianluca Casagrande<\/strong> dell&#39;Universit\u00e0 Europea, hanno deciso di raggiungere nel mese di agosto le isole Svalbard per ricordare degnamente le imprese dei propri Avi. Tale commemorazione si svolger\u00e0 in occasione del passaggio presso Kings Bay della spedizione scientifica PolarQuest 2018, promossa dal CNR.<\/p>\n<p><strong>Francesco Ugo \u201cCesco\u201d Tomaselli<\/strong>\u00a0\u00e8 stato testimone di alcuni tra i pi\u00f9 importanti avvenimenti del Novecento: dalla Prima guerra mondiale al viaggio del Norge; dalla drammatica spedizione del dirigibile Italia alla caccia alle balene; dalla campagna d&#39;Etiopia e da quella di Russia con l&#39;8\u00aaArmata fino alla Guerra civile spagnola, all\u2019ascesa di Mao Tse-Tung in Cina e al giro del mondo in aereo. Alpino e alpinista, inviato speciale e grande viaggiatore, ha saputo restituire racconti sempre lucidi, puntuali, appassionati. Un reporter le cui cronache, ancora oggi, sono di sorprendente attualit\u00e0.<\/p>\n<p>Noto giornalista e scrittore, che per \u00a0quasi quaranta anni fu \u00a0inviato speciale del Corriere della Sera, descrivendo i grandi eventi. Tomaselli venne scelto come inviato al seguito della spedizione di Nobile e Amundsen che col dirigibile Norge raggiunsero nel &#39;25 il Circolo polare artico. Nel 1928 partecip\u00f2 al viaggio del dirigibile Italia comandato da Nobile e al cui disastro scamp\u00f2 fortunosamente perch\u00e9 all\u2019ultimo fu sostituito dal giornalista Ugo Lago del Popolo d\u2019Italia che qui incontr\u00f2 la morte.<\/p>\n<p>A Cesco Tomaselli \u00e8 dedicato il noto \u00a0premio nazionale di giornalismo che porta il suo nome.<\/p>\n","protected":false},"excerpt":{"rendered":"<p>Progetto del CNR<\/p>\n","protected":false},"author":28,"featured_media":26566,"comment_status":"closed","ping_status":"closed","sticky":false,"template":"","format":"standard","meta":{"dwc-title":[],"dwc-content":[],"footnotes":""},"categories":[5],"tags":[],"class_list":["post-26565","post","type-post","status-publish","format-standard","has-post-thumbnail","hentry","category-attualita"],"rttpg_featured_image_url":{"full":["https:\/\/imagazine.it\/wp-content\/uploads\/2024\/01\/25113-1.webp",750,281,false],"landscape":["https:\/\/imagazine.it\/wp-content\/uploads\/2024\/01\/25113-1.webp",750,281,false],"portraits":["https:\/\/imagazine.it\/wp-content\/uploads\/2024\/01\/25113-1.webp",750,281,false],"thumbnail":["https:\/\/imagazine.it\/wp-content\/uploads\/2024\/01\/25113-1-150x150.webp",150,150,true],"medium":["https:\/\/imagazine.it\/wp-content\/uploads\/2024\/01\/25113-1-300x112.webp",300,112,true],"large":["https:\/\/imagazine.it\/wp-content\/uploads\/2024\/01\/25113-1.webp",640,240,false],"thumblist":["https:\/\/imagazine.it\/wp-content\/uploads\/2024\/01\/25113-1.webp",300,112,false],"thumbrelated":["https:\/\/imagazine.it\/wp-content\/uploads\/2024\/01\/25113-1.webp",500,187,false],"meccarouselthumb":["https:\/\/imagazine.it\/wp-content\/uploads\/2024\/01\/25113-1.webp",474,178,false],"gridsquare":["https:\/\/imagazine.it\/wp-content\/uploads\/2024\/01\/25113-1.webp",391,146,false],"tileview":["https:\/\/imagazine.it\/wp-content\/uploads\/2024\/01\/25113-1.webp",300,112,false],"1536x1536":["https:\/\/imagazine.it\/wp-content\/uploads\/2024\/01\/25113-1.webp",750,281,false],"2048x2048":["https:\/\/imagazine.it\/wp-content\/uploads\/2024\/01\/25113-1.webp",750,281,false],"newsup-slider-full":["https:\/\/imagazine.it\/wp-content\/uploads\/2024\/01\/25113-1.webp",750,281,false],"newsup-featured":["https:\/\/imagazine.it\/wp-content\/uploads\/2024\/01\/25113-1.webp",750,281,false],"newsup-medium":["https:\/\/imagazine.it\/wp-content\/uploads\/2024\/01\/25113-1-720x281.webp",720,281,true],"tptn_thumbnail":["https:\/\/imagazine.it\/wp-content\/uploads\/2024\/01\/25113-1.webp",250,94,false],"sow-carousel-default":["https:\/\/imagazine.it\/wp-content\/uploads\/2024\/01\/25113-1-272x182.webp",272,182,true]},"rttpg_author":{"display_name":"redazione","author_link":"https:\/\/imagazine.it\/home_desk\/author\/redazione\/"},"rttpg_comment":0,"rttpg_category":"<a href=\"https:\/\/imagazine.it\/home_desk\/category\/attualita\/\" rel=\"category tag\">ATTUALIT\u00c0<\/a>","rttpg_excerpt":"Progetto del CNR","_links":{"self":[{"href":"https:\/\/imagazine.it\/home_desk\/wp-json\/wp\/v2\/posts\/26565","targetHints":{"allow":["GET"]}}],"collection":[{"href":"https:\/\/imagazine.it\/home_desk\/wp-json\/wp\/v2\/posts"}],"about":[{"href":"https:\/\/imagazine.it\/home_desk\/wp-json\/wp\/v2\/types\/post"}],"author":[{"embeddable":true,"href":"https:\/\/imagazine.it\/home_desk\/wp-json\/wp\/v2\/users\/28"}],"replies":[{"embeddable":true,"href":"https:\/\/imagazine.it\/home_desk\/wp-json\/wp\/v2\/comments?post=26565"}],"version-history":[{"count":0,"href":"https:\/\/imagazine.it\/home_desk\/wp-json\/wp\/v2\/posts\/26565\/revisions"}],"wp:featuredmedia":[{"embeddable":true,"href":"https:\/\/imagazine.it\/home_desk\/wp-json\/wp\/v2\/media\/26566"}],"wp:attachment":[{"href":"https:\/\/imagazine.it\/home_desk\/wp-json\/wp\/v2\/media?parent=26565"}],"wp:term":[{"taxonomy":"category","embeddable":true,"href":"https:\/\/imagazine.it\/home_desk\/wp-json\/wp\/v2\/categories?post=26565"},{"taxonomy":"post_tag","embeddable":true,"href":"https:\/\/imagazine.it\/home_desk\/wp-json\/wp\/v2\/tags?post=26565"}],"curies":[{"name":"wp","href":"https:\/\/api.w.org\/{rel}","templated":true}]}}