{"id":26549,"date":"2018-05-03T00:00:00","date_gmt":"2018-05-02T23:00:00","guid":{"rendered":"https:\/\/imagazine.it\/?p=26549"},"modified":"2018-05-03T00:00:00","modified_gmt":"2018-05-02T23:00:00","slug":"le-promesse-della-musica-protagoniste-a-palmanova","status":"publish","type":"post","link":"https:\/\/imagazine.it\/home_desk\/le-promesse-della-musica-protagoniste-a-palmanova\/","title":{"rendered":"Le promesse della musica protagoniste a Palmanova"},"content":{"rendered":"<p>Su promozione dell\u2019Accademia Musicale Citt\u00e0 di Palmanova, della Scuola di Musica Comunale di Bagnaria Arsa e della Scuola di Musica Comunale di Mossa (Rete \u201cLegatura di Valore\u201d) Palmanova ospiter\u00e0, <strong>dal 7 al 13 maggio<\/strong>, la sesta edizione del <strong>Concorso Internazionale Musicale Citt\u00e0 di Palmanova<\/strong>, evento organizzato in collaborazione con i Comuni di Palmanova, Bagnaria Arsa, Mossa e con il patrocinio della Regione Friuli Venezia Giulia (nonch\u00e9, per la prima volta, dei Comuni di Grado e Aquileia).<\/p>\n<p>Ad accogliere la manifestazione, che culminer\u00e0 nell&#39;assegnazione del <strong>Premio Palmanova Citt\u00e0 Unesco<\/strong>, destinato alle scuole, e del <strong>Premio corale Lucia Ferigutti<\/strong>, entrambi rivolti a giovani esecutori fino ai 24 anni d&#39;et\u00e0, sar\u00e0 il <strong>teatro comunale Gustavo Modena<\/strong>.<\/p>\n<p><strong>Due sezioni di concorso.<\/strong> La prima riguarda il <strong>Premio Palmanova Citt\u00e0 Unesco<\/strong> riservato alle scuole e si articola nelle categorie <strong>solisti<\/strong> (con vari strumenti: pianoforte, archi, chitarra, arpa, fiati, fisarmonica e percussioni), <strong>musica da camera<\/strong>, <strong>orchestre<\/strong> e <strong>cori scolastici<\/strong>, che si esibiranno davanti alla giuria da luned\u00ec 7 a sabato 12 maggio. La seconda, collegata al <strong>Premio corale Lucia Ferigutti<\/strong>, \u00e8 rivolta ai <strong>cori di voci bianche e giovanili<\/strong> (con un numero di componenti non inferiore alle 15 unit\u00e0): la giornata d&#39;&#8221;esame&#8221; sar\u00e0 sabato 12 maggio, in fascia pomeridiana. Si tratta di un concorso <strong>unico in regione<\/strong>, perch\u00e9 abbraccia tutti i gradi dell&#39;istruzione scolastica, dalle primarie ai conservatori, includendo i licei a indirizzo musicale. Con l\u2019aggiunta delle scuole di musica private, cui l&#39;edizione 2018 \u00e8 aperta, il panorama \u00e8 davvero ampio e qualificato.<\/p>\n<p><strong>I<\/strong><strong> partecipanti saranno 1.150<\/strong>. Ambedue le sezioni sono riservate a giovani esecutori fino ai 24 anni d&#39;et\u00e0, iscritti a scuole primarie, secondarie di primo e secondo grado, secondarie di primo e secondo grado a indirizzo musicale, scuole di musica private e conservatori. I candidati possono iscriversi a pi\u00f9 categorie e,\u00a0 qualora lo ritengano opportuno, anche a una categoria superiore a quella di appartenenza. Le prove degli iscritti saranno aperte al pubblico. Tutti gli ordini di concorso potranno presentare un <strong>programma a propria scelta, di durata variabile a seconda delle fasce d&#39;et\u00e0<\/strong> e comunque racchiuso fra un minimo di 4 minuti (per i pi\u00f9 piccoli, gli allievi delle scuole primarie) e un massimo di 20 (per gli universitari). Programma libero anche per i partecipanti al Premio Lucia Ferigutti, con due requisiti: andranno proposti almeno tre brani,\u00a0 di cui uno a cappella, e l\u2019elaborazione di un canto popolare della regione di provenienza del coro.<\/p>\n<p>Il team dei giurati sar\u00e0 composto da insegnanti e personalit\u00e0 di fama del panorama musicale nazionale e internazionale: <strong>presidenti<\/strong> saranno i <strong>maestri Franco Poloni<\/strong>, per la giuria scuole, e <strong>Fabio Alberti<\/strong> (sezione cori). La votazione sar\u00e0 espressa in centesimi, a scrutinio segreto: la giuria potr\u00e0 assegnare premi ex-aequo e avr\u00e0 la facolt\u00e0 di non conferire riconoscimenti qualora ritenga inadeguato il livello raggiunto dai candidati. Sar\u00e0 inoltre disponibile a incontrare questi ultimi per un breve commento sulle esecuzioni dopo le premiazioni, a chiusura delle categorie.<\/p>\n<p>La <strong>cerimonia di consegna del Premio Palmanova Citt\u00e0 Unesco <\/strong>\u00e8 in calendario per <strong>domenica 13<\/strong> <strong>maggio, alle 18, al teatro Modena<\/strong>; quella del <strong>Premio Lucia Ferigutti<\/strong>, invece, per <strong>sabato 12 maggio, nella stessa sede, alle 20.30. <\/strong>Entrambe le cerimonie saranno accompagnate da un concerto dei vincitori.<\/p>\n<p>In tutte e due le sezioni di concorso il primo premio assoluto sar\u00e0 conseguito con un punteggio racchiuso nella fascia 98-100\/100; primo premio con punteggio da 95 a 97\/100, secondo da 91 a 94\/100, terzo da 85 a 90\/100; premio merito, infine, da 80 a 84\/100.<\/p>\n<p>Per entrambe le sezioni di concorso \u00e8 prevista l&#39;assegnazione di una serie di <strong>borse di studio<\/strong>. <strong>Quattro<\/strong>, del valore di <strong>200 euro<\/strong> ciascuna, quelle per i <strong>solisti<\/strong>: ne beneficer\u00e0 chi avr\u00e0 ottenuto il miglior punteggio fra i primi assoluti. Due borse di studio andranno ai candidati delle scuole primarie, secondarie di primo e secondo grado, secondarie di primo e secondo grado a indirizzo musicale, le altre due sono riservate ai candidati delle scuole di musica private e dei conservatori. <strong>Quattro<\/strong> borse di studio, da <strong>250 euro<\/strong> l&#39;una, anche per la sezione <strong>musica da camera<\/strong> (sempre a chi otterr\u00e0 il miglior punteggio fra i primi assoluti e con una\u00a0 ripartizione analoga a quella sopra citata) e ulteriori <strong>quattro<\/strong>, da<strong> 350 euro <\/strong>ciascuna, per le orchestre e i cori scolastici. Sono infine previste <strong>due<\/strong> borse di studio di <strong>500 euro<\/strong> l&#39;una per l&#39;istituto (fra scuole primarie, secondarie di primo e secondo grado e secondarie di primo e secondo grado a indirizzo musicale) che avr\u00e0 totalizzato il miglior punteggio, sommando i primi 4 punteggi migliori conseguiti dai propri iscritti, e per le scuole di musica private e conservatori che vanteranno il medesimo risultato. Infine: <strong>una<\/strong> borsa di studio di <strong>500 euro<\/strong> (battezzata &#8220;Palmanova Citt\u00e0 Unesco&#8221;) andr\u00e0 alla scuola che avr\u00e0 ottenuto il maggior numero di premi dagli 85\/100 in su fra tutti gli istituti partecipanti.<\/p>\n<p>Per il <strong>&#8220;Premio corale Lucia Ferigutti&#8221;<\/strong>, <strong>quattro<\/strong> (ripartite fra le due categorie) le borse di studio a disposizione di chi avr\u00e0 totalizzato un punteggio dal 95 al 100\/100: primo premio <strong>400 euro<\/strong>, secondo <strong>250<\/strong>. Verr\u00e0 poi conferito il <strong>Premio Corale Lucia Ferigutti (400 euro)<\/strong> al coro che avr\u00e0 ottenuto il punteggio migliore tra le categorie della regione Friuli Venezia Giulia. Previsti pure dei premi speciali, che consistono in varie pubblicazioni di musica corale per voci bianche e giovanili: spetteranno al coro che eseguir\u00e0 il miglior programma e a quello che arriver\u00e0 da pi\u00f9 lontano. Verr\u00e0 infine assegnato un diploma di distinzione al miglior direttore e uno di partecipazione a tutti i cori.<\/p>\n","protected":false},"excerpt":{"rendered":"<p>Dal 7 al 13 maggio<\/p>\n","protected":false},"author":28,"featured_media":26550,"comment_status":"closed","ping_status":"closed","sticky":false,"template":"","format":"standard","meta":{"dwc-title":[],"dwc-content":[],"footnotes":""},"categories":[37],"tags":[],"class_list":["post-26549","post","type-post","status-publish","format-standard","has-post-thumbnail","hentry","category-cultura-e-spettacolo"],"rttpg_featured_image_url":{"full":["https:\/\/imagazine.it\/wp-content\/uploads\/2024\/01\/25071-1.webp",750,500,false],"landscape":["https:\/\/imagazine.it\/wp-content\/uploads\/2024\/01\/25071-1.webp",750,500,false],"portraits":["https:\/\/imagazine.it\/wp-content\/uploads\/2024\/01\/25071-1.webp",750,500,false],"thumbnail":["https:\/\/imagazine.it\/wp-content\/uploads\/2024\/01\/25071-1-150x150.webp",150,150,true],"medium":["https:\/\/imagazine.it\/wp-content\/uploads\/2024\/01\/25071-1-300x200.webp",300,200,true],"large":["https:\/\/imagazine.it\/wp-content\/uploads\/2024\/01\/25071-1.webp",640,427,false],"thumblist":["https:\/\/imagazine.it\/wp-content\/uploads\/2024\/01\/25071-1.webp",300,200,false],"thumbrelated":["https:\/\/imagazine.it\/wp-content\/uploads\/2024\/01\/25071-1.webp",500,333,false],"meccarouselthumb":["https:\/\/imagazine.it\/wp-content\/uploads\/2024\/01\/25071-1.webp",474,316,false],"gridsquare":["https:\/\/imagazine.it\/wp-content\/uploads\/2024\/01\/25071-1.webp",391,260,false],"tileview":["https:\/\/imagazine.it\/wp-content\/uploads\/2024\/01\/25071-1.webp",300,200,false],"1536x1536":["https:\/\/imagazine.it\/wp-content\/uploads\/2024\/01\/25071-1.webp",750,500,false],"2048x2048":["https:\/\/imagazine.it\/wp-content\/uploads\/2024\/01\/25071-1.webp",750,500,false],"newsup-slider-full":["https:\/\/imagazine.it\/wp-content\/uploads\/2024\/01\/25071-1.webp",750,500,false],"newsup-featured":["https:\/\/imagazine.it\/wp-content\/uploads\/2024\/01\/25071-1.webp",750,500,false],"newsup-medium":["https:\/\/imagazine.it\/wp-content\/uploads\/2024\/01\/25071-1-720x380.webp",720,380,true],"tptn_thumbnail":["https:\/\/imagazine.it\/wp-content\/uploads\/2024\/01\/25071-1.webp",250,167,false],"sow-carousel-default":["https:\/\/imagazine.it\/wp-content\/uploads\/2024\/01\/25071-1-272x182.webp",272,182,true]},"rttpg_author":{"display_name":"redazione","author_link":"https:\/\/imagazine.it\/home_desk\/author\/redazione\/"},"rttpg_comment":0,"rttpg_category":"<a href=\"https:\/\/imagazine.it\/home_desk\/category\/cultura-e-spettacolo\/\" rel=\"category tag\">CULTURA&amp;SPETTACOLO<\/a>","rttpg_excerpt":"Dal 7 al 13 maggio","_links":{"self":[{"href":"https:\/\/imagazine.it\/home_desk\/wp-json\/wp\/v2\/posts\/26549","targetHints":{"allow":["GET"]}}],"collection":[{"href":"https:\/\/imagazine.it\/home_desk\/wp-json\/wp\/v2\/posts"}],"about":[{"href":"https:\/\/imagazine.it\/home_desk\/wp-json\/wp\/v2\/types\/post"}],"author":[{"embeddable":true,"href":"https:\/\/imagazine.it\/home_desk\/wp-json\/wp\/v2\/users\/28"}],"replies":[{"embeddable":true,"href":"https:\/\/imagazine.it\/home_desk\/wp-json\/wp\/v2\/comments?post=26549"}],"version-history":[{"count":0,"href":"https:\/\/imagazine.it\/home_desk\/wp-json\/wp\/v2\/posts\/26549\/revisions"}],"wp:featuredmedia":[{"embeddable":true,"href":"https:\/\/imagazine.it\/home_desk\/wp-json\/wp\/v2\/media\/26550"}],"wp:attachment":[{"href":"https:\/\/imagazine.it\/home_desk\/wp-json\/wp\/v2\/media?parent=26549"}],"wp:term":[{"taxonomy":"category","embeddable":true,"href":"https:\/\/imagazine.it\/home_desk\/wp-json\/wp\/v2\/categories?post=26549"},{"taxonomy":"post_tag","embeddable":true,"href":"https:\/\/imagazine.it\/home_desk\/wp-json\/wp\/v2\/tags?post=26549"}],"curies":[{"name":"wp","href":"https:\/\/api.w.org\/{rel}","templated":true}]}}