{"id":26539,"date":"2018-04-30T00:00:00","date_gmt":"2018-04-29T23:00:00","guid":{"rendered":"https:\/\/imagazine.it\/?p=26539"},"modified":"2018-04-30T00:00:00","modified_gmt":"2018-04-29T23:00:00","slug":"a-gorizia-rinasce-la-passione-per-la-speleologia","status":"publish","type":"post","link":"https:\/\/imagazine.it\/home_desk\/a-gorizia-rinasce-la-passione-per-la-speleologia\/","title":{"rendered":"A Gorizia rinasce la passione per la speleologia"},"content":{"rendered":"<p>Si \u00e8 concluso il ventitreesimo Corso di Speleologia organizzato dal Centro Ricerche Carsiche \u201cC. Seppenhofer\u201d di Gorizia. Sono stati dieci gli allievi che hanno voluto intraprendere questa esperienza e conoscere le bellezze del mondo sotterraneo. Molti dei corsisti provenivano dal recente \u201cCorso di introduzione alla Speleologia\u201d svolto in collaborazione con il Punto Giovani di Gorizia.<\/p>\n<p>\u201cAssistiamo a un improvviso interesse dei giovani verso questa disciplina molto particolare e suggestiva. Era da tempo \u2013 afferma il presidente del Seppenhofer, <strong>Maurizio Tavagnutti<\/strong> \u2013 che non si registrava, nella nostra citt\u00e0, un cos\u00ec vivo interesse per la speleologia\u201d.<\/p>\n<p>I dirigenti del \u201cSeppenhofer\u201d credono che questa tendenza sia il risultato della nuova impostazione che la Scuola di Speleologia di Gorizia \u201cIgor Ko\u010djan\u010di\u010d\u201d (sempre del Centro Ricerche Carsiche \u201cC. Seppenhofer\u201d) ha voluto darsi. Essa, infatti, predilige un approccio iniziale al mondo speleologico, meno didattico inteso nel senso tradizionalmente scolastico, preferendo far conoscere agli allievi il fenomeno carsico con lezioni ricche di immagini e preferibilmente eseguendo le lezioni direttamente a contatto con la natura. Spesso le lezioni di geologia, biologia, carsismo e topografia sono state fatte in modo pratico all\u2019aperto e, dove era possibile, in ambiente sotterraneo.<\/p>\n<p>Intensa anche l\u2019attivit\u00e0 del Centro Ricerche Carsiche \u201cC. Seppenhofer\u201d che lo vedr\u00e0, nell\u2019immediato futuro, impegnato a \u201c\u00e8Storia\u201d con la presentazione di una relazione sulle cavit\u00e0 naturali della Valle dello Judrio impiegate per scopi bellici durante la Grande Guerra. Gli speleologi goriziani, a fine giugno, saranno anche presenti in un convegno internazionale denominato \u201cALCADI 2018\u201d, in Bosnia Herzegovina vicino a Sarajevo, dove presenteranno una memoria riguardante il lavoro svolto dal goriziano Luigi Gallino, capitano del regio esercito italiano che nel 1924 rilev\u00f2 e disegn\u00f2 per la prima volta e per intero la topografia delle Grotte di Postumia.<\/p>\n","protected":false},"excerpt":{"rendered":"<p>Grazie all&#8217;attivit\u00e0 del &#8220;Seppenhofer&#8221;<\/p>\n","protected":false},"author":28,"featured_media":26540,"comment_status":"closed","ping_status":"closed","sticky":false,"template":"","format":"standard","meta":{"dwc-title":[],"dwc-content":[],"footnotes":""},"categories":[5],"tags":[],"class_list":["post-26539","post","type-post","status-publish","format-standard","has-post-thumbnail","hentry","category-attualita"],"rttpg_featured_image_url":{"full":["https:\/\/imagazine.it\/wp-content\/uploads\/2024\/01\/25048-1.webp",750,449,false],"landscape":["https:\/\/imagazine.it\/wp-content\/uploads\/2024\/01\/25048-1.webp",750,449,false],"portraits":["https:\/\/imagazine.it\/wp-content\/uploads\/2024\/01\/25048-1.webp",750,449,false],"thumbnail":["https:\/\/imagazine.it\/wp-content\/uploads\/2024\/01\/25048-1-150x150.webp",150,150,true],"medium":["https:\/\/imagazine.it\/wp-content\/uploads\/2024\/01\/25048-1-300x180.webp",300,180,true],"large":["https:\/\/imagazine.it\/wp-content\/uploads\/2024\/01\/25048-1.webp",640,383,false],"thumblist":["https:\/\/imagazine.it\/wp-content\/uploads\/2024\/01\/25048-1.webp",300,180,false],"thumbrelated":["https:\/\/imagazine.it\/wp-content\/uploads\/2024\/01\/25048-1.webp",500,299,false],"meccarouselthumb":["https:\/\/imagazine.it\/wp-content\/uploads\/2024\/01\/25048-1.webp",474,284,false],"gridsquare":["https:\/\/imagazine.it\/wp-content\/uploads\/2024\/01\/25048-1.webp",391,234,false],"tileview":["https:\/\/imagazine.it\/wp-content\/uploads\/2024\/01\/25048-1.webp",300,180,false],"1536x1536":["https:\/\/imagazine.it\/wp-content\/uploads\/2024\/01\/25048-1.webp",750,449,false],"2048x2048":["https:\/\/imagazine.it\/wp-content\/uploads\/2024\/01\/25048-1.webp",750,449,false],"newsup-slider-full":["https:\/\/imagazine.it\/wp-content\/uploads\/2024\/01\/25048-1.webp",750,449,false],"newsup-featured":["https:\/\/imagazine.it\/wp-content\/uploads\/2024\/01\/25048-1.webp",750,449,false],"newsup-medium":["https:\/\/imagazine.it\/wp-content\/uploads\/2024\/01\/25048-1-720x380.webp",720,380,true],"tptn_thumbnail":["https:\/\/imagazine.it\/wp-content\/uploads\/2024\/01\/25048-1.webp",250,150,false],"sow-carousel-default":["https:\/\/imagazine.it\/wp-content\/uploads\/2024\/01\/25048-1-272x182.webp",272,182,true]},"rttpg_author":{"display_name":"redazione","author_link":"https:\/\/imagazine.it\/home_desk\/author\/redazione\/"},"rttpg_comment":0,"rttpg_category":"<a href=\"https:\/\/imagazine.it\/home_desk\/category\/attualita\/\" rel=\"category tag\">ATTUALIT\u00c0<\/a>","rttpg_excerpt":"Grazie all'attivit\u00e0 del \"Seppenhofer\"","_links":{"self":[{"href":"https:\/\/imagazine.it\/home_desk\/wp-json\/wp\/v2\/posts\/26539","targetHints":{"allow":["GET"]}}],"collection":[{"href":"https:\/\/imagazine.it\/home_desk\/wp-json\/wp\/v2\/posts"}],"about":[{"href":"https:\/\/imagazine.it\/home_desk\/wp-json\/wp\/v2\/types\/post"}],"author":[{"embeddable":true,"href":"https:\/\/imagazine.it\/home_desk\/wp-json\/wp\/v2\/users\/28"}],"replies":[{"embeddable":true,"href":"https:\/\/imagazine.it\/home_desk\/wp-json\/wp\/v2\/comments?post=26539"}],"version-history":[{"count":0,"href":"https:\/\/imagazine.it\/home_desk\/wp-json\/wp\/v2\/posts\/26539\/revisions"}],"wp:featuredmedia":[{"embeddable":true,"href":"https:\/\/imagazine.it\/home_desk\/wp-json\/wp\/v2\/media\/26540"}],"wp:attachment":[{"href":"https:\/\/imagazine.it\/home_desk\/wp-json\/wp\/v2\/media?parent=26539"}],"wp:term":[{"taxonomy":"category","embeddable":true,"href":"https:\/\/imagazine.it\/home_desk\/wp-json\/wp\/v2\/categories?post=26539"},{"taxonomy":"post_tag","embeddable":true,"href":"https:\/\/imagazine.it\/home_desk\/wp-json\/wp\/v2\/tags?post=26539"}],"curies":[{"name":"wp","href":"https:\/\/api.w.org\/{rel}","templated":true}]}}