{"id":26525,"date":"2018-04-27T00:00:00","date_gmt":"2018-04-26T23:00:00","guid":{"rendered":"https:\/\/imagazine.it\/?p=26525"},"modified":"2018-04-27T00:00:00","modified_gmt":"2018-04-26T23:00:00","slug":"terzo-e-aquileia-domenica-il-referendum","status":"publish","type":"post","link":"https:\/\/imagazine.it\/home_desk\/terzo-e-aquileia-domenica-il-referendum\/","title":{"rendered":"Terzo e Aquileia, domenica il referendum"},"content":{"rendered":"<p>Terzo d\u2019Aquileia e Aquileia si fonderanno in un\u2019unica entit\u00e0 amministrativa?<\/p>\n<p>Ancora poche ore e i cittadini delle due comunit\u00e0 della bassa friulana esprimeranno nel segreto dell\u2019urna la propria opinione. Domenica 29 aprile, infatti, oltre alle elezioni regionali, sia a Terzo che ad Aquileia si voter\u00e0 anche per il referendum nel quale i cittadini dovranno esprimere il proprio parere favorevole o contrario alla nascita del nuovo comune di Aquileia, con sede municipale a Terzo.<\/p>\n<p>Come per il voto regionale, anche per il quesito referendario i seggi predisposti nei due comuni resteranno aperti dalle ore 7 alle 23.<\/p>\n<p>Come anticipato dai sindaci di entrambe le realt\u00e0 \u2013 <strong>Gabriele Spanghero<\/strong> per Aquileia e <strong>Michele Tibald<\/strong> per Terzo \u2013 sar\u00e0 rispettata la volont\u00e0 popolare. Tradotto: la procedura di fusione andr\u00e0 avanti solo se in entrambi i comuni si raggiunger\u00e0 la maggioranza di voti favorevoli.<\/p>\n<p>In caso di vittoria del SI alla fusione, le due amministrazioni resteranno in carica fino al prossimo 31 dicembre. Con il primo gennaio 2019 nascerebbe il nuovo ente, che sar\u00e0 guidato da un commissario fino alle nuove elezioni amministrative in programma nella primavera 2019.<\/p>\n","protected":false},"excerpt":{"rendered":"<p>In concomitanza con le elezioni regionali<\/p>\n","protected":false},"author":28,"featured_media":26526,"comment_status":"closed","ping_status":"closed","sticky":false,"template":"","format":"standard","meta":{"dwc-title":[],"dwc-content":[],"footnotes":""},"categories":[5],"tags":[],"class_list":["post-26525","post","type-post","status-publish","format-standard","has-post-thumbnail","hentry","category-attualita"],"rttpg_featured_image_url":{"full":["https:\/\/imagazine.it\/wp-content\/uploads\/2024\/01\/25025-1.webp",750,489,false],"landscape":["https:\/\/imagazine.it\/wp-content\/uploads\/2024\/01\/25025-1.webp",750,489,false],"portraits":["https:\/\/imagazine.it\/wp-content\/uploads\/2024\/01\/25025-1.webp",750,489,false],"thumbnail":["https:\/\/imagazine.it\/wp-content\/uploads\/2024\/01\/25025-1-150x150.webp",150,150,true],"medium":["https:\/\/imagazine.it\/wp-content\/uploads\/2024\/01\/25025-1-300x196.webp",300,196,true],"large":["https:\/\/imagazine.it\/wp-content\/uploads\/2024\/01\/25025-1.webp",640,417,false],"thumblist":["https:\/\/imagazine.it\/wp-content\/uploads\/2024\/01\/25025-1.webp",300,196,false],"thumbrelated":["https:\/\/imagazine.it\/wp-content\/uploads\/2024\/01\/25025-1.webp",500,326,false],"meccarouselthumb":["https:\/\/imagazine.it\/wp-content\/uploads\/2024\/01\/25025-1.webp",474,309,false],"gridsquare":["https:\/\/imagazine.it\/wp-content\/uploads\/2024\/01\/25025-1.webp",391,255,false],"tileview":["https:\/\/imagazine.it\/wp-content\/uploads\/2024\/01\/25025-1.webp",300,196,false],"1536x1536":["https:\/\/imagazine.it\/wp-content\/uploads\/2024\/01\/25025-1.webp",750,489,false],"2048x2048":["https:\/\/imagazine.it\/wp-content\/uploads\/2024\/01\/25025-1.webp",750,489,false],"newsup-slider-full":["https:\/\/imagazine.it\/wp-content\/uploads\/2024\/01\/25025-1.webp",750,489,false],"newsup-featured":["https:\/\/imagazine.it\/wp-content\/uploads\/2024\/01\/25025-1.webp",750,489,false],"newsup-medium":["https:\/\/imagazine.it\/wp-content\/uploads\/2024\/01\/25025-1-720x380.webp",720,380,true],"tptn_thumbnail":["https:\/\/imagazine.it\/wp-content\/uploads\/2024\/01\/25025-1.webp",250,163,false],"sow-carousel-default":["https:\/\/imagazine.it\/wp-content\/uploads\/2024\/01\/25025-1-272x182.webp",272,182,true]},"rttpg_author":{"display_name":"redazione","author_link":"https:\/\/imagazine.it\/home_desk\/author\/redazione\/"},"rttpg_comment":0,"rttpg_category":"<a href=\"https:\/\/imagazine.it\/home_desk\/category\/attualita\/\" rel=\"category tag\">ATTUALIT\u00c0<\/a>","rttpg_excerpt":"In concomitanza con le elezioni regionali","_links":{"self":[{"href":"https:\/\/imagazine.it\/home_desk\/wp-json\/wp\/v2\/posts\/26525","targetHints":{"allow":["GET"]}}],"collection":[{"href":"https:\/\/imagazine.it\/home_desk\/wp-json\/wp\/v2\/posts"}],"about":[{"href":"https:\/\/imagazine.it\/home_desk\/wp-json\/wp\/v2\/types\/post"}],"author":[{"embeddable":true,"href":"https:\/\/imagazine.it\/home_desk\/wp-json\/wp\/v2\/users\/28"}],"replies":[{"embeddable":true,"href":"https:\/\/imagazine.it\/home_desk\/wp-json\/wp\/v2\/comments?post=26525"}],"version-history":[{"count":0,"href":"https:\/\/imagazine.it\/home_desk\/wp-json\/wp\/v2\/posts\/26525\/revisions"}],"wp:featuredmedia":[{"embeddable":true,"href":"https:\/\/imagazine.it\/home_desk\/wp-json\/wp\/v2\/media\/26526"}],"wp:attachment":[{"href":"https:\/\/imagazine.it\/home_desk\/wp-json\/wp\/v2\/media?parent=26525"}],"wp:term":[{"taxonomy":"category","embeddable":true,"href":"https:\/\/imagazine.it\/home_desk\/wp-json\/wp\/v2\/categories?post=26525"},{"taxonomy":"post_tag","embeddable":true,"href":"https:\/\/imagazine.it\/home_desk\/wp-json\/wp\/v2\/tags?post=26525"}],"curies":[{"name":"wp","href":"https:\/\/api.w.org\/{rel}","templated":true}]}}