{"id":26495,"date":"2018-04-20T00:00:00","date_gmt":"2018-04-19T23:00:00","guid":{"rendered":"https:\/\/imagazine.it\/?p=26495"},"modified":"2018-04-20T00:00:00","modified_gmt":"2018-04-19T23:00:00","slug":"trieste-si-dichiaravano-nullatenenti-ma-possedevano-260-mila-euro","status":"publish","type":"post","link":"https:\/\/imagazine.it\/home_desk\/trieste-si-dichiaravano-nullatenenti-ma-possedevano-260-mila-euro\/","title":{"rendered":"Trieste, si dichiaravano nullatenenti ma possedevano 260 mila euro"},"content":{"rendered":"<p>Madre e figlia, omettendo di indicare il possesso di 260.000 euro detenuti presso una banca slovena, godevano, da alcuni anni, di un alloggio popolare apparendo formalmente \u201cnullatenenti\u201d.<\/p>\n<p>Gli investigatori del Nucleo di Polizia Economico-Finanziaria della Guardia di Finanza di Trieste, sotto l\u2019egida della Procura della Repubblica di Trieste, hanno scovato le due donne anche grazie alla collaborazione delle Autorit\u00e0 slovene, attivate dall\u2019Autorit\u00e0 Giudiziaria triestina tramite rogatoria.<\/p>\n<p>La finta condizione di povert\u00e0 ha consentito loro di beneficiare di un canone di locazione mensile agevolato di 40 euro, anzich\u00e9 di 400, nonch\u00e9 di percepire dal Comune di Trieste benefici economici non spettanti, pari ad alcune migliaia di euro. I soggetti, rispettivamente di 66 e 27 anni, vivono di espedienti e hanno accumulato l\u2019enorme disponibilit\u00e0 grazie all\u2019eredit\u00e0 ricevuta dai parenti. Le indagini hanno potuto inoltre fare riferimento sui dati e le notizie forniti dal Comune di Trieste \u2013 Area Servizi e Politiche Sociali e dall\u2019Azienda Territoriale per l\u2019Edilizia Residenziale di Trieste.<\/p>\n<p>Il capo famiglia che ha sottoscritto le dichiarazioni per la richiesta dell\u2019ISEE \u2013 nascondendo l\u2019esistenza delle cospicue disponibilit\u00e0 bancarie in territorio sloveno \u2013 dovr\u00e0 rispondere di indebita percezione di erogazioni ai danni dello Stato (reato previsto dall\u2019art. 316-te r del Codice Penale). Si \u00e8 altres\u00ec proceduto a contestare \u2013 sia alla madre che alla figlia \u2013 le violazioni amministrative relative agli illeciti contributi ricevuti dal Comune di importo inferiore alla soglia penalmente rilevante di 3.999,96 euro.<\/p>\n<p>L\u2019Azienda Territoriale per l&#39;Edilizia Residenziale di Trieste, infine, ha proceduto immediatamente ad adeguare i canoni di locazione che il nucleo familiare dovr\u00e0 corrispondere per il biennio 2018\/2019.<\/p>\n","protected":false},"excerpt":{"rendered":"<p>Scoperte dalla Guardia di Finanza<\/p>\n","protected":false},"author":28,"featured_media":26496,"comment_status":"closed","ping_status":"closed","sticky":false,"template":"","format":"standard","meta":{"dwc-title":[],"dwc-content":[],"footnotes":""},"categories":[5],"tags":[],"class_list":["post-26495","post","type-post","status-publish","format-standard","has-post-thumbnail","hentry","category-attualita"],"rttpg_featured_image_url":{"full":["https:\/\/imagazine.it\/wp-content\/uploads\/2024\/01\/24916-1.webp",750,474,false],"landscape":["https:\/\/imagazine.it\/wp-content\/uploads\/2024\/01\/24916-1.webp",750,474,false],"portraits":["https:\/\/imagazine.it\/wp-content\/uploads\/2024\/01\/24916-1.webp",750,474,false],"thumbnail":["https:\/\/imagazine.it\/wp-content\/uploads\/2024\/01\/24916-1-150x150.webp",150,150,true],"medium":["https:\/\/imagazine.it\/wp-content\/uploads\/2024\/01\/24916-1-300x190.webp",300,190,true],"large":["https:\/\/imagazine.it\/wp-content\/uploads\/2024\/01\/24916-1.webp",640,404,false],"thumblist":["https:\/\/imagazine.it\/wp-content\/uploads\/2024\/01\/24916-1.webp",300,190,false],"thumbrelated":["https:\/\/imagazine.it\/wp-content\/uploads\/2024\/01\/24916-1.webp",500,316,false],"meccarouselthumb":["https:\/\/imagazine.it\/wp-content\/uploads\/2024\/01\/24916-1.webp",474,300,false],"gridsquare":["https:\/\/imagazine.it\/wp-content\/uploads\/2024\/01\/24916-1.webp",391,247,false],"tileview":["https:\/\/imagazine.it\/wp-content\/uploads\/2024\/01\/24916-1.webp",300,190,false],"1536x1536":["https:\/\/imagazine.it\/wp-content\/uploads\/2024\/01\/24916-1.webp",750,474,false],"2048x2048":["https:\/\/imagazine.it\/wp-content\/uploads\/2024\/01\/24916-1.webp",750,474,false],"newsup-slider-full":["https:\/\/imagazine.it\/wp-content\/uploads\/2024\/01\/24916-1.webp",750,474,false],"newsup-featured":["https:\/\/imagazine.it\/wp-content\/uploads\/2024\/01\/24916-1.webp",750,474,false],"newsup-medium":["https:\/\/imagazine.it\/wp-content\/uploads\/2024\/01\/24916-1-720x380.webp",720,380,true],"tptn_thumbnail":["https:\/\/imagazine.it\/wp-content\/uploads\/2024\/01\/24916-1.webp",250,158,false],"sow-carousel-default":["https:\/\/imagazine.it\/wp-content\/uploads\/2024\/01\/24916-1-272x182.webp",272,182,true]},"rttpg_author":{"display_name":"redazione","author_link":"https:\/\/imagazine.it\/home_desk\/author\/redazione\/"},"rttpg_comment":0,"rttpg_category":"<a href=\"https:\/\/imagazine.it\/home_desk\/category\/attualita\/\" rel=\"category tag\">ATTUALIT\u00c0<\/a>","rttpg_excerpt":"Scoperte dalla Guardia di Finanza","_links":{"self":[{"href":"https:\/\/imagazine.it\/home_desk\/wp-json\/wp\/v2\/posts\/26495","targetHints":{"allow":["GET"]}}],"collection":[{"href":"https:\/\/imagazine.it\/home_desk\/wp-json\/wp\/v2\/posts"}],"about":[{"href":"https:\/\/imagazine.it\/home_desk\/wp-json\/wp\/v2\/types\/post"}],"author":[{"embeddable":true,"href":"https:\/\/imagazine.it\/home_desk\/wp-json\/wp\/v2\/users\/28"}],"replies":[{"embeddable":true,"href":"https:\/\/imagazine.it\/home_desk\/wp-json\/wp\/v2\/comments?post=26495"}],"version-history":[{"count":0,"href":"https:\/\/imagazine.it\/home_desk\/wp-json\/wp\/v2\/posts\/26495\/revisions"}],"wp:featuredmedia":[{"embeddable":true,"href":"https:\/\/imagazine.it\/home_desk\/wp-json\/wp\/v2\/media\/26496"}],"wp:attachment":[{"href":"https:\/\/imagazine.it\/home_desk\/wp-json\/wp\/v2\/media?parent=26495"}],"wp:term":[{"taxonomy":"category","embeddable":true,"href":"https:\/\/imagazine.it\/home_desk\/wp-json\/wp\/v2\/categories?post=26495"},{"taxonomy":"post_tag","embeddable":true,"href":"https:\/\/imagazine.it\/home_desk\/wp-json\/wp\/v2\/tags?post=26495"}],"curies":[{"name":"wp","href":"https:\/\/api.w.org\/{rel}","templated":true}]}}