{"id":26493,"date":"2018-04-19T00:00:00","date_gmt":"2018-04-18T23:00:00","guid":{"rendered":"https:\/\/imagazine.it\/?p=26493"},"modified":"2018-04-19T00:00:00","modified_gmt":"2018-04-18T23:00:00","slug":"cinque-petali-per-donna-di-fiori","status":"publish","type":"post","link":"https:\/\/imagazine.it\/home_desk\/cinque-petali-per-donna-di-fiori\/","title":{"rendered":"Cinque petali per &#8220;Donna di Fiori&#8221;"},"content":{"rendered":"<p>Sono cinque le donne \u201cdi fiori\u201d che sabato 21 aprile riceveranno il premio internazionale alla carriera Donna di Fiori nell\u2019atmosfera ottocentesca del Teatro Verdi a Gorizia: due provengono dalla nostra regione, poi Verona, Roma e Mosca.<\/p>\n<p>Giunto alla sua settima edizione, il premio \u00e8 organizzato da <em>Gentium Academia Florum Artis<\/em> &#8211; Associazione culturale fioristi del Friuli Venezia Giulia presieduta da Rossella Biasiol ed \u00e8 realizzato con il contributo della Regione Friuli Venezia Giulia, il patrocinio e la co-organizzazione del Comune di Gorizia.<\/p>\n<p>IL PREMIO<\/p>\n<p>Il premio \u00e8 strutturato in categorie che spaziano dal settore internazionale al settore letterario, arte, ricerca e innovazione, ambiente, tradizioni del Friuli Venezia Giulia e impegno nel sociale.<\/p>\n<p>Il profilo ideale della Donna di Fiori \u00e8 quello di chi ha vissuto in prima persona le battaglie per i diritti femminili e le conquiste sociali; sono donne di valore che con il loro impegno nel corso della vita hanno contribuito a far s\u00ec che la presenza femminile nei posti di rilievo delle maggiori realt\u00e0 produttive, su scala europea, sia quasi raddoppiata rispetto ad anni precedenti, cos\u00ec come la presenza femminile sempre pi\u00f9 qualificata nelle istituzioni, nell&#39;associazionismo, nel sociale, nella cultura, nell&#39;arte e nelle tradizioni.<\/p>\n<p>Donna di Fiori quindi premia donne \u201cconosciute nel mondo\u201d e donne \u201csconosciute al mondo\u201d di provenienza regionale, nazionale e internazionale, con l\u2019intenzione concreta di dare risalto a comportamenti meritevoli.<\/p>\n<p>LE VINCITRICI<\/p>\n<p>La commissione giudicatrice &#8211; composta da rappresentanti di Regione Fvg, Camera di commercio, Confartigianato isontino, Comune di San Canzian d\u2019Isonzo e Associazione Progetto 4 Stagioni \u2013 ha scelto di attribuire il premio internazionale alla carriera Donna di Fiori (ndr. in ordine di chiamata sul palcoscenico) a:<\/p>\n<p><strong>Maria Rosaria Peri<\/strong> (<strong>Udine<\/strong><strong>)<\/strong> donna di fiori nella ricerca.<\/p>\n<p><strong>D<\/strong><strong>ietista e docente a contratto Universit\u00e0 di Udine<\/strong>.<\/p>\n<p>Consegna il premio <strong>Rodolfo Ziberna<\/strong> sindaco di Gorizia.<\/p>\n<p>Motivazione: il suo impegno per la continua ricerca di riconoscere dignit\u00e0 scientifica alla cucina tradizionale esaltandone gli elementi salutistici collegati alla piramide alimentare.<\/p>\n<p><strong>Irina Ilicheva<\/strong> <strong>(Mosca), <\/strong>donna di fiori nel mondo.<\/p>\n<p><strong>Dirigente scolastica, deputata.<\/strong><\/p>\n<p>Consegna il premio <strong>Massimo Marchesiello<\/strong> prefetto di Gorizia.<\/p>\n<p>Motivazione: le \u00e8 stato conferito l&#39;Ordine della Stella d&#39;Italia dal Presidente della Repubblica Giorgio Napolitano, per la promozione dei rapporti di amicizia e collaborazione tra l&#39;Italia e la Russia. Ci\u00f2 si \u00e8 tradotto nella promozione del bel canto italiano in Russia e nel coordinamento dello scambio di gruppi di studenti italiani con studenti russi.\u00a0\u00a0\u00a0\u00a0\u00a0\u00a0\u00a0\u00a0\u00a0\u00a0\u00a0\u00a0\u00a0\u00a0\u00a0\u00a0\u00a0\u00a0\u00a0\u00a0\u00a0\u00a0\u00a0\u00a0\u00a0\u00a0\u00a0\u00a0\u00a0\u00a0\u00a0\u00a0\u00a0\u00a0\u00a0\u00a0\u00a0\u00a0<\/p>\n<p><strong>Caterina Lucia Costa<\/strong> (Roma), donna di fiori nell\u2019arte.<\/p>\n<p><strong>Coreografa, ballerina e insegnante di flamenco.<\/strong><\/p>\n<p>Consegna il premio <strong>Sara Vito<\/strong> assessore all&#39;ambiente della Regione FVG.<\/p>\n<p>Motivazione: per la capacit\u00e0 unica e personale di coniugare la professionalit\u00e0 con l&#39;amore per l&#39;arte conducendo a passo di danza la femminilit\u00e0 nel mondo.<\/p>\n<p><strong>Tiziana Dalla Valle<\/strong> (Villa Santina), donna di fiori nelle tradizioni.<\/p>\n<p><strong>Imprenditrice Carnica Arte Tessile srl.<\/strong><\/p>\n<p>Consegna il premio l&#39;assessore <strong>Silvia Caruso<\/strong> in rappresentanza del sindaco di San Canzian d&#39;Isonzo<\/p>\n<p>Motivazione: alla tradizione che diventa passione, mestiere e opportunit\u00e0 per le giovani generazioni. Storia di una famiglia che tessendo la tela dei legami sentimentali recupera il passato e lo proietta nel futuro.<\/p>\n<p><strong>Claudia Speri<\/strong> (Peschiera del Garda) \u201cdonna di\u2026donna di fiori\u201d per il suo impegno nel sociale.<\/p>\n<p><strong>Imprenditrice Hotel Ristorante Al Fiore.<\/strong><\/p>\n<p>Consegna il premio <strong>Giacomo Rubini<\/strong>, vice presidente vicario Amira (Associazione maitres italiani ristoranti e alberghi).<\/p>\n<p>Motivazione: per la capacit\u00e0 di mettere a disposizione della collettivit\u00e0 le sue conoscenze professionali che filtrate dalla sua personale sensibilit\u00e0, riescono a rendere pi\u00f9 lievi le fragilit\u00e0 umane.<\/p>\n<p>LA CERIMONIA DI PREMIAZIONE<\/p>\n<p>Dopo i saluti del sindaco di Gorizia Rodolfo Ziberna, e <strong>Rossella Biasiol <\/strong>presidente dell\u2019associazione dei Fioristi del Fvg, aprir\u00e0 la serata l\u2019associazione di promozione sociale <strong>Progetto Futuro<\/strong> che ha assegnato un riconoscimento a <strong>Simona Minisini<\/strong> (Palmanova), insegnante, danzatrice, coreografa di Club Sunshine che si \u00e8 imposta ai massimi livelli mondiali nella danza orientale. Il riconoscimento sar\u00e0 consegnato dal sindaco di Palmanova <strong>Francesco Martines<\/strong>.<\/p>\n<p>Nelle passate edizioni l\u2019associazione Progetto Futuro ha conferito il riconoscimento Progetto Solidariet\u00e0 a <strong>Luciana Degano<\/strong> e Progetto Coraggio a <strong>Nadia Narduzzi<\/strong>.<\/p>\n<p>\u201c\u00c8 un\u2019emozione conferire questo riconoscimento a una donna che \u2013 dichiara <strong>Luca Furios<\/strong>, presidente dell\u2019Associazione Progetto Futuro \u2013 con tenacia ha saputo portare dal mondo a Palmanova l\u2019arte della danza orientale\u201d.<\/p>\n<p>A seguire saranno premiate le cinque vincitrici di Donna di Fiori 2018.<\/p>\n<p><strong>Luca Babbucci<\/strong> condurr\u00e0 la serata tra gag e composizioni floreali, allietata dal coro dell&#39;Accademia Lirica di Santa Croce diretto da Alessandro Svab. Ospite d&#39;onore \u00e8 la delegazione maltese della The Malta Horticultural Society con le quali l\u2019Associazione culturale fioristi FVG collabora dalla primavera 2017.<\/p>\n","protected":false},"excerpt":{"rendered":"<p>Cerimonia al Teatro Verdi<\/p>\n","protected":false},"author":28,"featured_media":26494,"comment_status":"closed","ping_status":"closed","sticky":false,"template":"","format":"standard","meta":{"dwc-title":[],"dwc-content":[],"footnotes":""},"categories":[37],"tags":[],"class_list":["post-26493","post","type-post","status-publish","format-standard","has-post-thumbnail","hentry","category-cultura-e-spettacolo"],"rttpg_featured_image_url":{"full":["https:\/\/imagazine.it\/wp-content\/uploads\/2024\/01\/24911-1.webp",750,476,false],"landscape":["https:\/\/imagazine.it\/wp-content\/uploads\/2024\/01\/24911-1.webp",750,476,false],"portraits":["https:\/\/imagazine.it\/wp-content\/uploads\/2024\/01\/24911-1.webp",750,476,false],"thumbnail":["https:\/\/imagazine.it\/wp-content\/uploads\/2024\/01\/24911-1-150x150.webp",150,150,true],"medium":["https:\/\/imagazine.it\/wp-content\/uploads\/2024\/01\/24911-1-300x190.webp",300,190,true],"large":["https:\/\/imagazine.it\/wp-content\/uploads\/2024\/01\/24911-1.webp",640,406,false],"thumblist":["https:\/\/imagazine.it\/wp-content\/uploads\/2024\/01\/24911-1.webp",300,190,false],"thumbrelated":["https:\/\/imagazine.it\/wp-content\/uploads\/2024\/01\/24911-1.webp",500,317,false],"meccarouselthumb":["https:\/\/imagazine.it\/wp-content\/uploads\/2024\/01\/24911-1.webp",474,301,false],"gridsquare":["https:\/\/imagazine.it\/wp-content\/uploads\/2024\/01\/24911-1.webp",391,248,false],"tileview":["https:\/\/imagazine.it\/wp-content\/uploads\/2024\/01\/24911-1.webp",300,190,false],"1536x1536":["https:\/\/imagazine.it\/wp-content\/uploads\/2024\/01\/24911-1.webp",750,476,false],"2048x2048":["https:\/\/imagazine.it\/wp-content\/uploads\/2024\/01\/24911-1.webp",750,476,false],"newsup-slider-full":["https:\/\/imagazine.it\/wp-content\/uploads\/2024\/01\/24911-1.webp",750,476,false],"newsup-featured":["https:\/\/imagazine.it\/wp-content\/uploads\/2024\/01\/24911-1.webp",750,476,false],"newsup-medium":["https:\/\/imagazine.it\/wp-content\/uploads\/2024\/01\/24911-1-720x380.webp",720,380,true],"tptn_thumbnail":["https:\/\/imagazine.it\/wp-content\/uploads\/2024\/01\/24911-1.webp",250,159,false],"sow-carousel-default":["https:\/\/imagazine.it\/wp-content\/uploads\/2024\/01\/24911-1-272x182.webp",272,182,true]},"rttpg_author":{"display_name":"redazione","author_link":"https:\/\/imagazine.it\/home_desk\/author\/redazione\/"},"rttpg_comment":0,"rttpg_category":"<a href=\"https:\/\/imagazine.it\/home_desk\/category\/cultura-e-spettacolo\/\" rel=\"category tag\">CULTURA&amp;SPETTACOLO<\/a>","rttpg_excerpt":"Cerimonia al Teatro Verdi","_links":{"self":[{"href":"https:\/\/imagazine.it\/home_desk\/wp-json\/wp\/v2\/posts\/26493","targetHints":{"allow":["GET"]}}],"collection":[{"href":"https:\/\/imagazine.it\/home_desk\/wp-json\/wp\/v2\/posts"}],"about":[{"href":"https:\/\/imagazine.it\/home_desk\/wp-json\/wp\/v2\/types\/post"}],"author":[{"embeddable":true,"href":"https:\/\/imagazine.it\/home_desk\/wp-json\/wp\/v2\/users\/28"}],"replies":[{"embeddable":true,"href":"https:\/\/imagazine.it\/home_desk\/wp-json\/wp\/v2\/comments?post=26493"}],"version-history":[{"count":0,"href":"https:\/\/imagazine.it\/home_desk\/wp-json\/wp\/v2\/posts\/26493\/revisions"}],"wp:featuredmedia":[{"embeddable":true,"href":"https:\/\/imagazine.it\/home_desk\/wp-json\/wp\/v2\/media\/26494"}],"wp:attachment":[{"href":"https:\/\/imagazine.it\/home_desk\/wp-json\/wp\/v2\/media?parent=26493"}],"wp:term":[{"taxonomy":"category","embeddable":true,"href":"https:\/\/imagazine.it\/home_desk\/wp-json\/wp\/v2\/categories?post=26493"},{"taxonomy":"post_tag","embeddable":true,"href":"https:\/\/imagazine.it\/home_desk\/wp-json\/wp\/v2\/tags?post=26493"}],"curies":[{"name":"wp","href":"https:\/\/api.w.org\/{rel}","templated":true}]}}