{"id":26481,"date":"2018-04-18T00:00:00","date_gmt":"2018-04-17T23:00:00","guid":{"rendered":"https:\/\/imagazine.it\/?p=26481"},"modified":"2018-04-18T00:00:00","modified_gmt":"2018-04-17T23:00:00","slug":"federcultura-fvg-serena-mizzan-nuova-presidente","status":"publish","type":"post","link":"https:\/\/imagazine.it\/home_desk\/federcultura-fvg-serena-mizzan-nuova-presidente\/","title":{"rendered":"Federcultura FVG, Serena Mizzan nuova presidente"},"content":{"rendered":"<p>\u00c8 <strong>Serena Mizzan<\/strong> la nuova presidente di Federcultura Fvg \u2013 Confcooperative Fvg. Triestina, 58 anni, \u00e8 laureata in lettere, con un diploma di specializzazione in archeologia e diploma di perfezionamento in didattica generale e museale e, attualmente, \u00e8 direttore dell&#39;Immaginario Scientifico di Trieste con, all\u2019attivo, la pubblicazione di 30 contributi scientifici e divulgativi. Riunitasi a Pordenone, l\u2019Assemblea dell\u2019organizzazione, alla quale hanno partecipato anche <strong>Fabrizio Pozzoli<\/strong> e <strong>Debora Violi<\/strong> (rispettivamente vicepresidente e direttore nazionale di Federcultura turismo e sport), l\u2019ha eletta, all\u2019unanimit\u00e0, in sostituzione a <strong>Francesco Rossi<\/strong>, presidente uscente.<\/p>\n<p>\u00ab\u00c8 di tutta evidenza l\u2019apporto specifico che la cooperazione pu\u00f2 dare allo sviluppo dell\u2019offerta culturale del territorio regionale: la crescita dell\u2019intero sistema \u00e8 funzione diretta della solidit\u00e0, dell\u2019innovativit\u00e0 e della capacit\u00e0 di intervento delle imprese che vi operano. Va considerato che il moltiplicatore del settore culturale, \u00e8 in FVG 2,1 (rispetto a 1,7 della media italiana), e cio\u00e8 rende evidente quanto sia significativo, nei nostri territori, l\u2019aggregato economico della cultura. Da qui vogliamo partire per contribuire a far crescere la dimensione economica dei settori culturali e turistici regionali\u00bb, dice Serena Mizzan.<\/p>\n<p>A Federcultura Fvg aderiscono 61 imprese di svariati settori (comunicazione ed editoria; servizi per la valorizzazione dei beni culturali, artistici e ambientali; gestioni di musei, biblioteche e aree naturalistiche; servizi di catalogazione e archiviazione; spettacolo e teatro; scuola e formazione; turismo, Alberghi Diffusi compresi; sport) alle quali fanno riferimento 4.549 soci (+8%), 2.925 addetti (+7,1%), per un fatturato complessivo che sfiora i 29 milioni di euro (dei quali, quasi 12 milioni destinati ai compensi dei collaboratori), in crescita del 2,9%.<\/p>\n<p>Oltre alla Mizzan, fanno parte del nuovo organo dirigente i Consiglieri eletti: <strong>Federico Maria Barnaba<\/strong>, <strong>Giuliano Biasin<\/strong>, <strong>Tatiana Castellan<\/strong>, <strong>Giuseppe Cesaratto<\/strong>, <strong>Ylenia Cristofoli<\/strong>, <strong>Fabio Dubolino<\/strong>, <strong>Lucia Miotti<\/strong>, <strong>Michele Presot<\/strong>, <strong>Francesco Rossi<\/strong> e <strong>Roberta Tossutto<\/strong>.<\/p>\n","protected":false},"excerpt":{"rendered":"<p>Eletta all&#8217;unanimit\u00e0<\/p>\n","protected":false},"author":28,"featured_media":26482,"comment_status":"closed","ping_status":"closed","sticky":false,"template":"","format":"standard","meta":{"dwc-title":[],"dwc-content":[],"footnotes":""},"categories":[5],"tags":[],"class_list":["post-26481","post","type-post","status-publish","format-standard","has-post-thumbnail","hentry","category-attualita"],"rttpg_featured_image_url":{"full":["https:\/\/imagazine.it\/wp-content\/uploads\/2024\/01\/24895-1.webp",750,500,false],"landscape":["https:\/\/imagazine.it\/wp-content\/uploads\/2024\/01\/24895-1.webp",750,500,false],"portraits":["https:\/\/imagazine.it\/wp-content\/uploads\/2024\/01\/24895-1.webp",750,500,false],"thumbnail":["https:\/\/imagazine.it\/wp-content\/uploads\/2024\/01\/24895-1-150x150.webp",150,150,true],"medium":["https:\/\/imagazine.it\/wp-content\/uploads\/2024\/01\/24895-1-300x200.webp",300,200,true],"large":["https:\/\/imagazine.it\/wp-content\/uploads\/2024\/01\/24895-1.webp",640,427,false],"thumblist":["https:\/\/imagazine.it\/wp-content\/uploads\/2024\/01\/24895-1.webp",300,200,false],"thumbrelated":["https:\/\/imagazine.it\/wp-content\/uploads\/2024\/01\/24895-1.webp",500,333,false],"meccarouselthumb":["https:\/\/imagazine.it\/wp-content\/uploads\/2024\/01\/24895-1.webp",474,316,false],"gridsquare":["https:\/\/imagazine.it\/wp-content\/uploads\/2024\/01\/24895-1.webp",391,260,false],"tileview":["https:\/\/imagazine.it\/wp-content\/uploads\/2024\/01\/24895-1.webp",300,200,false],"1536x1536":["https:\/\/imagazine.it\/wp-content\/uploads\/2024\/01\/24895-1.webp",750,500,false],"2048x2048":["https:\/\/imagazine.it\/wp-content\/uploads\/2024\/01\/24895-1.webp",750,500,false],"newsup-slider-full":["https:\/\/imagazine.it\/wp-content\/uploads\/2024\/01\/24895-1.webp",750,500,false],"newsup-featured":["https:\/\/imagazine.it\/wp-content\/uploads\/2024\/01\/24895-1.webp",750,500,false],"newsup-medium":["https:\/\/imagazine.it\/wp-content\/uploads\/2024\/01\/24895-1-720x380.webp",720,380,true],"tptn_thumbnail":["https:\/\/imagazine.it\/wp-content\/uploads\/2024\/01\/24895-1.webp",250,167,false],"sow-carousel-default":["https:\/\/imagazine.it\/wp-content\/uploads\/2024\/01\/24895-1-272x182.webp",272,182,true]},"rttpg_author":{"display_name":"redazione","author_link":"https:\/\/imagazine.it\/home_desk\/author\/redazione\/"},"rttpg_comment":0,"rttpg_category":"<a href=\"https:\/\/imagazine.it\/home_desk\/category\/attualita\/\" rel=\"category tag\">ATTUALIT\u00c0<\/a>","rttpg_excerpt":"Eletta all'unanimit\u00e0","_links":{"self":[{"href":"https:\/\/imagazine.it\/home_desk\/wp-json\/wp\/v2\/posts\/26481","targetHints":{"allow":["GET"]}}],"collection":[{"href":"https:\/\/imagazine.it\/home_desk\/wp-json\/wp\/v2\/posts"}],"about":[{"href":"https:\/\/imagazine.it\/home_desk\/wp-json\/wp\/v2\/types\/post"}],"author":[{"embeddable":true,"href":"https:\/\/imagazine.it\/home_desk\/wp-json\/wp\/v2\/users\/28"}],"replies":[{"embeddable":true,"href":"https:\/\/imagazine.it\/home_desk\/wp-json\/wp\/v2\/comments?post=26481"}],"version-history":[{"count":0,"href":"https:\/\/imagazine.it\/home_desk\/wp-json\/wp\/v2\/posts\/26481\/revisions"}],"wp:featuredmedia":[{"embeddable":true,"href":"https:\/\/imagazine.it\/home_desk\/wp-json\/wp\/v2\/media\/26482"}],"wp:attachment":[{"href":"https:\/\/imagazine.it\/home_desk\/wp-json\/wp\/v2\/media?parent=26481"}],"wp:term":[{"taxonomy":"category","embeddable":true,"href":"https:\/\/imagazine.it\/home_desk\/wp-json\/wp\/v2\/categories?post=26481"},{"taxonomy":"post_tag","embeddable":true,"href":"https:\/\/imagazine.it\/home_desk\/wp-json\/wp\/v2\/tags?post=26481"}],"curies":[{"name":"wp","href":"https:\/\/api.w.org\/{rel}","templated":true}]}}