{"id":26467,"date":"2018-04-16T00:00:00","date_gmt":"2018-04-15T23:00:00","guid":{"rendered":"https:\/\/imagazine.it\/?p=26467"},"modified":"2018-04-16T00:00:00","modified_gmt":"2018-04-15T23:00:00","slug":"malattie-respiratorie-esperti-internazionali-a-trieste","status":"publish","type":"post","link":"https:\/\/imagazine.it\/home_desk\/malattie-respiratorie-esperti-internazionali-a-trieste\/","title":{"rendered":"Malattie respiratorie, esperti internazionali a Trieste"},"content":{"rendered":"<p>Si \u00e8 aperto a Trieste il congresso PneumoTrieste che, fino al 18 aprile, riunir\u00e0 presso l\u2019Hotel Savoia gli esperti internazionali nel campo delle malattie respiratorie. L\u2019evento \u00e8 organizzato dalla Struttura Complessa Pneumologia di ASUITs diretta dal professor <strong>Marco Confalonieri<\/strong>; \u00e8 prevista la partecipazione di qualche centinaio di medici e personale sanitario provenienti da tutta Italia per confrontarsi e aggiornarsi sulle malattie respiratorie con la partecipazione di relatori e ricercatori dei maggiori Centri Europei e del Nord America.<\/p>\n<p>In apertura del congresso, il sindaco di Trieste <strong>Roberto Di Piazza<\/strong> ha consegnato il sigillo Trecentesco della Citt\u00e0 al professor <strong>Mario Raviglione<\/strong>, gi\u00e0 Responsabile del Programma globale Tubercolosi dell\u2019Organizzazione Mondiale della Sanit\u00e0; alla tubercolosi, malattia \u201cvecchia\u201d ma tutt\u2019ora di attualit\u00e0, sar\u00e0 dedicata una sessione che vedr\u00e0 la partecipazione di alcuni dei maggiori esperti.<\/p>\n<p>A seguire una lettura magistrale sulla medicina rigenerativa del professor <strong>Mauro Giacca<\/strong>, direttore dell\u2019ICGEB, Centro di Ricerca delle Nazioni Unite con sede in Area di Ricerca a Trieste. Ci saranno poi interventi di ricercatori delle Universit\u00e0 di Stanford (California) e dell\u2019Illinois. L\u2019Associazione Triestina Malattie Respiratorie (ATMAR-onlus) presieduta dal professor <strong>Domenico Romeo<\/strong> ha dato il suo patrocinio all\u2019evento.<\/p>\n<p>Le malattie respiratorie sono in aumento in tutto il mondo, sia nelle forme croniche che acute e rientrano ormai tra le principali cause di malattia, mortalit\u00e0 e disabilit\u00e0. Nel 2013 la bronco pneumopatia cronico ostruttiva (BPCO), la pi\u00f9 diffusa malattia cronica broncopolmonare, \u00e8 diventata la prima causa di ricovero ospedaliero a Trieste. Dal 2017 la BPCO \u00e8 riconosciuta come malattia sociale che pu\u00f2 beneficiare dell\u2019esenzione del ticket. Di fatto si tratta di un fenomeno conosciuto a livello mondiale, tanto che l\u2019Organizzazione mondiale della Sanit\u00e0 gi\u00e0 alcuni anni orsono aveva previsto una crescita globale delle malattie respiratorie ai vertici delle cause di mortalit\u00e0, frequenza di malattia e disabilit\u00e0.\u00a0 La Struttura Complessa Pneumologia dell\u2019Azienda Sanitaria Universitaria Integrata di Trieste \u00e8 enormemente cresciuta come numerosit\u00e0 di prestazioni e differenziazione delle stesse. Nel solo anno 2017 sono state erogate pi\u00f9 di 43mila prestazioni ambulatoriali pneumologiche tra pazienti esterni e interni all\u2019ospedale. I ricoveri sono stati pi\u00f9 di 1.100 tra Unit\u00e0 Terapia Intensiva Respiratoria (UTIR) (intensiva respiratoria, degenza ordinaria e day-hospital) e le prestazioni di broncologia e pneumologia interventistica quasi 1.300, sempre su base annua. Dall\u2019anno scorso le consulenze della pneumologia triestina sono state richieste anche dall\u2019ospedale di Tolmezzo in convenzione per due giorni alla settimana.<\/p>\n<p>Infine l\u2019attrazione di pazienti provenienti da fuori Trieste e fuori regione da tutte le regioni italiane \u00e8 in continua crescita fino a superare il 30% dei pazienti in regime di ricovero e pi\u00f9 del 7% di tutte le prime visite.<\/p>\n<p>Oltre alla BPCO sono seguite dalla Pneumologia triestina tutte le principali malattie respiratorie acute e croniche e in particolare molte malattie rare (es. sarcoidosi, pneumopatie infiltrative). Grazie a collaborazioni con altre istituzioni di ricerca triestine e internazionali (es. ICGEB, Temple Lung Center di Filadelfia) \u00e8 vivace anche un\u2019attivit\u00e0 di ricerca aiutata dall\u2019Associazione Triestina Malattie Respiratorie (ATMAR-onlus) e da fondazioni locali ed estere. Sempre nel 2017 la Pneumologia Triestina \u00e8 stata riconosciuta a pieno diritto come Centro di riferimento per le malattie rare polmonari a livello comunitario dalla Commissione Europea (rete ERN-LUNG), fra le poche in Italia. Infine, il prof. Confalonieri ha vinto nel 2017 il concorso di ruolo universitario e pertanto ci si aspetta che la pneumologia triestina diventi presto sede riconosciuta dal ministero dell\u2019universit\u00e0 e della ricerca per la Scuola di Specializzazione in Malattie dell\u2019Apparato Respiratorio.<\/p>\n<p>Il Convegno PneumoTrieste 2018 \u00e8 un appuntamento annuale che attira alcune centinaia di esperti e rappresentanti di varie professioni sanitarie da tutte le regioni d\u2019Italia e anche dall\u2019estero, a partire da specialisti provenienti dalle vicine Slovenia e Croazia.<\/p>\n","protected":false},"excerpt":{"rendered":"<p>Fino al 18 aprile<\/p>\n","protected":false},"author":28,"featured_media":26468,"comment_status":"closed","ping_status":"closed","sticky":false,"template":"","format":"standard","meta":{"dwc-title":[],"dwc-content":[],"footnotes":""},"categories":[5],"tags":[],"class_list":["post-26467","post","type-post","status-publish","format-standard","has-post-thumbnail","hentry","category-attualita"],"rttpg_featured_image_url":{"full":["https:\/\/imagazine.it\/wp-content\/uploads\/2024\/01\/24857-1.webp",750,520,false],"landscape":["https:\/\/imagazine.it\/wp-content\/uploads\/2024\/01\/24857-1.webp",750,520,false],"portraits":["https:\/\/imagazine.it\/wp-content\/uploads\/2024\/01\/24857-1.webp",750,520,false],"thumbnail":["https:\/\/imagazine.it\/wp-content\/uploads\/2024\/01\/24857-1-150x150.webp",150,150,true],"medium":["https:\/\/imagazine.it\/wp-content\/uploads\/2024\/01\/24857-1-300x208.webp",300,208,true],"large":["https:\/\/imagazine.it\/wp-content\/uploads\/2024\/01\/24857-1.webp",640,444,false],"thumblist":["https:\/\/imagazine.it\/wp-content\/uploads\/2024\/01\/24857-1.webp",300,208,false],"thumbrelated":["https:\/\/imagazine.it\/wp-content\/uploads\/2024\/01\/24857-1.webp",500,347,false],"meccarouselthumb":["https:\/\/imagazine.it\/wp-content\/uploads\/2024\/01\/24857-1.webp",467,324,false],"gridsquare":["https:\/\/imagazine.it\/wp-content\/uploads\/2024\/01\/24857-1.webp",375,260,false],"tileview":["https:\/\/imagazine.it\/wp-content\/uploads\/2024\/01\/24857-1.webp",300,208,false],"1536x1536":["https:\/\/imagazine.it\/wp-content\/uploads\/2024\/01\/24857-1.webp",750,520,false],"2048x2048":["https:\/\/imagazine.it\/wp-content\/uploads\/2024\/01\/24857-1.webp",750,520,false],"newsup-slider-full":["https:\/\/imagazine.it\/wp-content\/uploads\/2024\/01\/24857-1.webp",750,520,false],"newsup-featured":["https:\/\/imagazine.it\/wp-content\/uploads\/2024\/01\/24857-1.webp",750,520,false],"newsup-medium":["https:\/\/imagazine.it\/wp-content\/uploads\/2024\/01\/24857-1-720x380.webp",720,380,true],"tptn_thumbnail":["https:\/\/imagazine.it\/wp-content\/uploads\/2024\/01\/24857-1.webp",250,173,false],"sow-carousel-default":["https:\/\/imagazine.it\/wp-content\/uploads\/2024\/01\/24857-1-272x182.webp",272,182,true]},"rttpg_author":{"display_name":"redazione","author_link":"https:\/\/imagazine.it\/home_desk\/author\/redazione\/"},"rttpg_comment":0,"rttpg_category":"<a href=\"https:\/\/imagazine.it\/home_desk\/category\/attualita\/\" rel=\"category tag\">ATTUALIT\u00c0<\/a>","rttpg_excerpt":"Fino al 18 aprile","_links":{"self":[{"href":"https:\/\/imagazine.it\/home_desk\/wp-json\/wp\/v2\/posts\/26467","targetHints":{"allow":["GET"]}}],"collection":[{"href":"https:\/\/imagazine.it\/home_desk\/wp-json\/wp\/v2\/posts"}],"about":[{"href":"https:\/\/imagazine.it\/home_desk\/wp-json\/wp\/v2\/types\/post"}],"author":[{"embeddable":true,"href":"https:\/\/imagazine.it\/home_desk\/wp-json\/wp\/v2\/users\/28"}],"replies":[{"embeddable":true,"href":"https:\/\/imagazine.it\/home_desk\/wp-json\/wp\/v2\/comments?post=26467"}],"version-history":[{"count":0,"href":"https:\/\/imagazine.it\/home_desk\/wp-json\/wp\/v2\/posts\/26467\/revisions"}],"wp:featuredmedia":[{"embeddable":true,"href":"https:\/\/imagazine.it\/home_desk\/wp-json\/wp\/v2\/media\/26468"}],"wp:attachment":[{"href":"https:\/\/imagazine.it\/home_desk\/wp-json\/wp\/v2\/media?parent=26467"}],"wp:term":[{"taxonomy":"category","embeddable":true,"href":"https:\/\/imagazine.it\/home_desk\/wp-json\/wp\/v2\/categories?post=26467"},{"taxonomy":"post_tag","embeddable":true,"href":"https:\/\/imagazine.it\/home_desk\/wp-json\/wp\/v2\/tags?post=26467"}],"curies":[{"name":"wp","href":"https:\/\/api.w.org\/{rel}","templated":true}]}}