{"id":26455,"date":"2018-04-13T00:00:00","date_gmt":"2018-04-12T23:00:00","guid":{"rendered":"https:\/\/imagazine.it\/?p=26455"},"modified":"2018-04-13T00:00:00","modified_gmt":"2018-04-12T23:00:00","slug":"lestate-a-grado-con-i-big-della-musica","status":"publish","type":"post","link":"https:\/\/imagazine.it\/home_desk\/lestate-a-grado-con-i-big-della-musica\/","title":{"rendered":"L&#8217;estate a Grado con i big della musica"},"content":{"rendered":"<p>Progressive rock con un pizzico di punk, cantautorato, pop, rock, Rhythm &#038; Blues. Questi gli ingredienti della seconda edizione di <u><a href=\"http:\/\/www.sunandsoundsfestival.it\/\" target=\"_blank\" rel=\"noopener\"><strong><em>Sun&#038;Sounds Festival<\/em><\/strong><\/a><\/u> per l<strong>\u2019estate 2018 a<\/strong> <strong>Grado<\/strong>. Promosso dal <strong>Comune di Grado<\/strong> e organizzato da <strong>The Groove Factory<\/strong> \u2013 con il sostegno della Regione Friuli Venezia Giulia, della Camera di Commercio di Gorizia e con il patrocinio di PromoTurismo FVG \u2013 <strong>dal 23 giugno al 23 agosto<\/strong>, il festival estivo dell\u2019Isola d\u2019Oro presenter\u00e0 sei concerti in diga Nazario Sauro con nomi della musica internazionale: arriveranno a Grado <strong>Gizmodrome, Bungaro, The Original Blues Brothers Band, Gino Paoli, Morgan e Le Vibrazioni<\/strong>.<\/p>\n<p>Inoltre, spazio verr\u00e0 dedicato agli artisti del Friuli Venezia Giulia &#8211; tra cui Shari &#8211; che si esibiranno in concerti acustici e nella finale del contest PLAY! organizzato con Homepage Festival.<\/p>\n<p>\u00abSiamo felici di organizzare nuovamente il <em>Sun&#038;Sounds Festival<\/em> nella splendida isola di Grado \u2013 spiega <strong>Stefano Palaferri<\/strong>, titolare di <strong>The Groove Factory<\/strong> \u2013. Anche quest\u2019anno abbiamo pensato a soddisfare i gusti di un pubblico variegato, proponendo stili musicali differenti, sempre all\u2019insegna della qualit\u00e0. Avere come ospiti grandi nomi che hanno scritto la storia della musica come Stewart Copeland, Mark King, Gino Paoli, giusto per citarne alcuni, \u00e8 davvero un onore e un vanto. Inoltre, in questa seconda edizione, ancora maggiore sar\u00e0 lo spazio che dedicheremo ai talenti regionali con i concerti in centro storico, la selezione degli artisti che apriranno i concerti sul Lungomare e la finale del contest PLAY!\u00bb.<\/p>\n<p><strong>Domenica 1 luglio,<\/strong> i primi a esibirsi sul palco che si affaccia sul mare, saranno i <strong>Gizmodrome<\/strong>. Una All Star band formata da quattro musicisti di fama internazionale, provenienti da mondi musicali diversi, che hanno deciso di fondere i loro rispettivi backgrounds e creare nuova musica in totale libert\u00e0. Si tratta di <strong>Stewart Copeland<\/strong>, storico batterista dei Police; <strong>Adrian Belew,<\/strong> chitarrista di Frank Zappa, King Crimson, Talking Heads, David Bowie; <strong>Mark King<\/strong>, storico bassista dei Level 42; e <strong>Vittorio Cosma<\/strong>, pianista e produttore di Elio e Le Storie Tese ed ex componente della Premiata Forneria Marconi (PFM). Il progetto Gizmodrome \u00e8 un&#39;avventura musicale che ha portato alla creazione di una miscela cosmopolita di progressive rock con un pizzico di punk e un tocco di umorismo d&#39;avanguardia. L\u2019omonimo album di debutto \u00e8 uscito a settembre 2017 e a febbraio \u00e8 partito un tour internazionale che toccher\u00e0 anche l\u2019Europa e il Giappone.<\/p>\n<p>Si prosegue <strong>domenica 15 luglio<\/strong> con un concerto in acustico in chiave assolutamente inedita e originale: <strong>Bungaro<\/strong> con il live \u201cMaredentro\u201d, mira dritto al centro delle emozioni pi\u00f9 profonde dello spettatore, senza filtri, avvolgendolo in un&#39;atmosfera rarefatta e sognante. Un viaggio attraverso la riscoperta di suoi indimenticabili successi reinterpretati dalla sua voce e da una band straordinaria: <strong>Antonio Fresa<\/strong> al pianoforte, <strong>Marco Pacassoni<\/strong> (vibrafono, percussioni, batteria), <strong>Armand Priftuli<\/strong> (violino, viola), <strong>Gabriela Ungureanu<\/strong> al violoncello e <strong>Antonio De Luise<\/strong> al contrabbasso.<\/p>\n<p>Il mese di agosto si aprir\u00e0 con gli inconfondibili ritmi e le sonorit\u00e0 del Rhythm &#038; Blues. <strong>Venerd\u00ec 3 agosto<\/strong> sul palco della Diga Nazario Sauro <strong><em>The Original Blues Brothers Band<\/em><\/strong>. Il nucleo di questa band fu scelto personalmente da John Belushi e Dan Aykroyd per accompagnare musicalmente il celeberrimo film di John Landis, uno dei capolavori della storia del cinema al quale parteciparono, in veste di attori-cantanti, James Brown, Aretha Franklin, Ray Charles, Cab Calloway. Quello dei Blues Brothers \u00e8 uno stile che ha segnato un\u2019epoca ed ha attraversato generazioni, diventando un cult. Tra i membri della Blues Brothers Band ci sono alcuni dei migliori musicisti del genere, artisti che hanno accompagnato individualmente leggende della musica come Otis Redding, Wilson Pickett, Sam &#038; Dave, Howlin\u2019 Wolf, Chuck Berry, Eric Clapton, James Cotton e molti altri.<\/p>\n<p><strong>Domenica 5 agosto <\/strong>appuntamento con <strong>Gino Paoli<\/strong>. A Grado proporr\u00e0 il suo ultimo progetto live \u201c<strong>Paoli canta Paoli\u201d, <\/strong>affiancato da dei giganti della musica strumentale italiana: <strong>Rita Marcotulli<\/strong> al pianoforte, <strong>Alfredo Golino<\/strong> alla batteria e <strong>Ares Tavolazzi<\/strong> al basso, gi\u00e0 unificati da tempo sotto il nome di Tri(o)K\u00e0la e dediti alla reinterpretazione della musica d\u2019autore. \u201cIl cielo in una stanza\u201d, \u201cLa Gatta\u201d, \u201cUna lunga storia D\u2019amore\u201d sono solo alcuni titoli del noto repertorio offerto durante il loro concerto, tutto incentrato sulla prolifica produzione di Gino Paoli che, fedele a s\u00e9 stessa, veste in maniera inedita sonorit\u00e0 avvolgenti come il velluto e ritmiche appassionanti ma, come in un quadro impressionista, \u00e8 sempre al servizio delle nostre emozioni.<\/p>\n<p>Domenica 12 agosto toccher\u00e0 a uno dei pi\u00f9 poliedrici artisti italiani<strong>: domenica 12 agosto <\/strong>a Grado<strong> Morgan<\/strong>, all\u2019anagrafe Marco Castoldi. Con Andrea Fumagalli ha formato i Bluvertigo; innumerevoli gli album, le colonne sonore di film e i concerti che Morgan alterna a trasmissioni televisive: da Sanremo ad Amici di Maria De Filippi, fino a XFactor. Proprio grazie a quest\u2019ultimo talent \u00e8 entrato nel Guinness dei primati come giudice che ha vinto pi\u00f9 edizioni del programma a livello mondiale. Attualmente Morgan sta lavorando a un libro autobiografico e al suo nuovo album di inediti. A Grado canter\u00e0 i suoi brani pi\u00f9 conosciuti, a partire da quelli con i Bluvertigo e non mancheranno alcune cover che hanno segnato la sua formazione musicale.<\/p>\n<p><strong>Marted\u00ec 14 agosto<\/strong>, <em>Sun&#038;Sounds<\/em> ospiter\u00e0 la serata finale della terza edizione di <strong>PLAY!<\/strong>, contest musicale per artisti emergenti organizzato da <strong>Associazione Dreamers<\/strong> e <strong>Homepage Festival<\/strong>, in collaborazione con The Groove Factory.\u2028 Sei giovani band del Friuli Venezia Giulia, dopo aver seguito un percorso di tutoring musicale, si esibiranno live in Diga Nazario Sauro e sar\u00e0 decretata la migliore.\u2028 L\u2019ingresso \u00e8 gratuito.<\/p>\n<p>A chiudere <em>Sun&#038;Sounds Festival<\/em> 2018, <strong>gioved\u00ec 23 agosto Le Vibrazioni<\/strong>. La rock band italiana capitanata dall\u2019energico frontman <strong>Francesco Sarcina<\/strong> e composta da <strong>Stefano Verderi <\/strong>(chitarra, tastiera, sitar), <strong>Marco Castellani<\/strong> (basso) e <strong>Alessandro Deidda<\/strong> (batteria), nasce nel 1999 dall\u2019incontro di quattro amici con la passione per il rock e gli anni \u201970. In pochi anni riescono a conquistare il grande pubblico con le loro melodie retr\u00f2 e trascinanti. Nella primavera del 2003, il singolo Dedicato A Te scala subito l\u2019airplay radiofonico e tutte le classifiche di vendita, diventando Disco di Platino in poche settimane. Seguono anni ricchi di successi e riconoscimenti, fino all\u2019ottobre 2012, quando il gruppo annuncia una pausa che verr\u00e0 interrotta nel 2017 con il ritorno sulle scene. Nel 2018 sono tra i protagonisti del 68\u00b0 Festival della Canzone Italiana di Sanremo con il brano Cos\u00ec Sbagliato, che balza subito in testa alle classifiche radiofoniche. Il brano fa parte di V, il quinto album di inediti uscito lo scorso 9 febbraio.<\/p>\n<p>Oltre ai \u201cbig\u201d, in programma quest\u2019estate a <em>Sun&#038;Sounds<\/em> anche tre ulteriori <strong>concerti a ingresso libero nel centro storico di Grado<\/strong>: il <strong>23 giugno Shari,<\/strong> il <strong>31 luglio The NuVoices Project<\/strong> e il <strong>19 agosto Aurora Rays<\/strong>.<\/p>\n","protected":false},"excerpt":{"rendered":"<p>Dal 23 giugno al 23 agosto<\/p>\n","protected":false},"author":28,"featured_media":26456,"comment_status":"closed","ping_status":"closed","sticky":false,"template":"","format":"standard","meta":{"dwc-title":[],"dwc-content":[],"footnotes":""},"categories":[37],"tags":[],"class_list":["post-26455","post","type-post","status-publish","format-standard","has-post-thumbnail","hentry","category-cultura-e-spettacolo"],"rttpg_featured_image_url":{"full":["https:\/\/imagazine.it\/wp-content\/uploads\/2024\/01\/24822-1.webp",750,441,false],"landscape":["https:\/\/imagazine.it\/wp-content\/uploads\/2024\/01\/24822-1.webp",750,441,false],"portraits":["https:\/\/imagazine.it\/wp-content\/uploads\/2024\/01\/24822-1.webp",750,441,false],"thumbnail":["https:\/\/imagazine.it\/wp-content\/uploads\/2024\/01\/24822-1-150x150.webp",150,150,true],"medium":["https:\/\/imagazine.it\/wp-content\/uploads\/2024\/01\/24822-1-300x176.webp",300,176,true],"large":["https:\/\/imagazine.it\/wp-content\/uploads\/2024\/01\/24822-1.webp",640,376,false],"thumblist":["https:\/\/imagazine.it\/wp-content\/uploads\/2024\/01\/24822-1.webp",300,176,false],"thumbrelated":["https:\/\/imagazine.it\/wp-content\/uploads\/2024\/01\/24822-1.webp",500,294,false],"meccarouselthumb":["https:\/\/imagazine.it\/wp-content\/uploads\/2024\/01\/24822-1.webp",474,279,false],"gridsquare":["https:\/\/imagazine.it\/wp-content\/uploads\/2024\/01\/24822-1.webp",391,230,false],"tileview":["https:\/\/imagazine.it\/wp-content\/uploads\/2024\/01\/24822-1.webp",300,176,false],"1536x1536":["https:\/\/imagazine.it\/wp-content\/uploads\/2024\/01\/24822-1.webp",750,441,false],"2048x2048":["https:\/\/imagazine.it\/wp-content\/uploads\/2024\/01\/24822-1.webp",750,441,false],"newsup-slider-full":["https:\/\/imagazine.it\/wp-content\/uploads\/2024\/01\/24822-1.webp",750,441,false],"newsup-featured":["https:\/\/imagazine.it\/wp-content\/uploads\/2024\/01\/24822-1.webp",750,441,false],"newsup-medium":["https:\/\/imagazine.it\/wp-content\/uploads\/2024\/01\/24822-1-720x380.webp",720,380,true],"tptn_thumbnail":["https:\/\/imagazine.it\/wp-content\/uploads\/2024\/01\/24822-1.webp",250,147,false],"sow-carousel-default":["https:\/\/imagazine.it\/wp-content\/uploads\/2024\/01\/24822-1-272x182.webp",272,182,true]},"rttpg_author":{"display_name":"redazione","author_link":"https:\/\/imagazine.it\/home_desk\/author\/redazione\/"},"rttpg_comment":0,"rttpg_category":"<a href=\"https:\/\/imagazine.it\/home_desk\/category\/cultura-e-spettacolo\/\" rel=\"category tag\">CULTURA&amp;SPETTACOLO<\/a>","rttpg_excerpt":"Dal 23 giugno al 23 agosto","_links":{"self":[{"href":"https:\/\/imagazine.it\/home_desk\/wp-json\/wp\/v2\/posts\/26455","targetHints":{"allow":["GET"]}}],"collection":[{"href":"https:\/\/imagazine.it\/home_desk\/wp-json\/wp\/v2\/posts"}],"about":[{"href":"https:\/\/imagazine.it\/home_desk\/wp-json\/wp\/v2\/types\/post"}],"author":[{"embeddable":true,"href":"https:\/\/imagazine.it\/home_desk\/wp-json\/wp\/v2\/users\/28"}],"replies":[{"embeddable":true,"href":"https:\/\/imagazine.it\/home_desk\/wp-json\/wp\/v2\/comments?post=26455"}],"version-history":[{"count":0,"href":"https:\/\/imagazine.it\/home_desk\/wp-json\/wp\/v2\/posts\/26455\/revisions"}],"wp:featuredmedia":[{"embeddable":true,"href":"https:\/\/imagazine.it\/home_desk\/wp-json\/wp\/v2\/media\/26456"}],"wp:attachment":[{"href":"https:\/\/imagazine.it\/home_desk\/wp-json\/wp\/v2\/media?parent=26455"}],"wp:term":[{"taxonomy":"category","embeddable":true,"href":"https:\/\/imagazine.it\/home_desk\/wp-json\/wp\/v2\/categories?post=26455"},{"taxonomy":"post_tag","embeddable":true,"href":"https:\/\/imagazine.it\/home_desk\/wp-json\/wp\/v2\/tags?post=26455"}],"curies":[{"name":"wp","href":"https:\/\/api.w.org\/{rel}","templated":true}]}}