{"id":26451,"date":"2018-04-12T00:00:00","date_gmt":"2018-04-11T23:00:00","guid":{"rendered":"https:\/\/imagazine.it\/?p=26451"},"modified":"2018-04-12T00:00:00","modified_gmt":"2018-04-11T23:00:00","slug":"trieste-abitazioni-assistite-per-persone-con-disabilita","status":"publish","type":"post","link":"https:\/\/imagazine.it\/home_desk\/trieste-abitazioni-assistite-per-persone-con-disabilita\/","title":{"rendered":"Trieste, abitazioni assistite per persone con disabilit\u00e0"},"content":{"rendered":"<p>Una sperimentazione destinata alle persone con disabilit\u00e0 volta a sviluppare percorsi di vita indipendente nell&#39;ambito delle azioni connesse alla legge sul \u201cDopo di Noi\u201d sta per essere avviata nella villetta situata in via Malacrea 3 a Trieste, donata al Comune da una benefattrice, <strong>Amalia Knez vedova Ugrin<\/strong> (legato accettato dal Comune con D.G. n. 258 dd 20.6.2005). La sperimentazione \u00e8 stata realizzata grazie alle sinergie attivate tra l&#39;Area Servizi e Politiche Sociali del Comune di Trieste, diretta da <strong>Mauro Silla<\/strong>, il servizio integrazione sociosanitaria della Regione, diretto da <strong>Ranieri Zuttion<\/strong> e gli operatori del terzo settore quali l&#39;Associazione di volontariato \u201cLa strada dell&#39;amore\u201d e l&#39;ANFFAS di Trieste.<\/p>\n<p>La presentazione ufficiale si \u00e8 tenuta stamane alla presenza dell&#39;assessore comunale ai Servizi e Politiche Sociali <strong>Carlo Grilli<\/strong> con i funzionari Mauro Silla e <strong>Luigi Leonardi<\/strong>, il presidente dell&#39;Anffas di Trieste <strong>Giandario Storace<\/strong> e la presidente de \u201cLa strada dell&#39;amore\u201d\u00a0 <strong>Rita Carrino<\/strong>.<\/p>\n<p>La struttura, che ospiter\u00e0 sei persone con disabilit\u00e0 lievi, \u00e8 disposta su due piani ed \u00e8 formata da due appartamenti autonomi oltre a una sala multifunzionale destinata allo svolgimento di attivit\u00e0 didattiche e di intrattenimento. \u00c8 stata completamente ristrutturata nel corso degli anni grazie all&#39;impegno e alla tenacia di Rita Carrino che ha reperito le risorse (pubbliche e private) necessarie per ristrutturare e arredare ognuno degli ambienti interni (cucine, bagni, soggiorni, camere, donati da Ikea), dotati di tutti i comfort e funzionalit\u00e0. Anche il giardino che circonda l&#39;immobile \u00e8 stato completamente recuperato dai volontari dell&#39;associazione e potr\u00e0 essere utilizzato quale orto urbano dove sperimentare la coltivazione delle primizie e delle piante officinali.<\/p>\n<p>Ogni appartamento potr\u00e0 ospitare tre persone con disabilit\u00e0 e vi sar\u00e0 posto per un operatore che si occuper\u00e0 di assisterle con protocolli volti a favorire una vita indipendente e autonoma. Nel piano terra dell&#39;immobile, ove ha sede l&#39;associazione, verranno organizzate attivit\u00e0 e laboratori aperti a tutti e che implementeranno i percorsi di inclusione e socializzazione delle persone disabili.<\/p>\n<p>L&#39;Anfass di Trieste collaborer\u00e0 con l&#39;associazione della Strada dell&#39;Amore al fine di supportarla nella gestione delle problematiche delle persone disabili. <strong>Giuliana Salvador<\/strong>, una delle operatrici sociali comunali con maggior esperienza nel settore della disabilit\u00e0, monitorer\u00e0 l&#39;andamento del progetto. Al personale tecnico del servizio sociale comunale spetter\u00e0 l&#39;individuazione delle persone con disabilit\u00e0 da ospitare negli appartamenti assistiti, tenendo conto della gravit\u00e0 della situazione, della rete familiare e della propensione alla coabitazione dei possibili utenti che comparteciperanno all&#39;abbattimento delle spese per la coabitazione.<\/p>\n","protected":false},"excerpt":{"rendered":"<p>Ricavate in via Malacrea<\/p>\n","protected":false},"author":28,"featured_media":26452,"comment_status":"closed","ping_status":"closed","sticky":false,"template":"","format":"standard","meta":{"dwc-title":[],"dwc-content":[],"footnotes":""},"categories":[5],"tags":[],"class_list":["post-26451","post","type-post","status-publish","format-standard","has-post-thumbnail","hentry","category-attualita"],"rttpg_featured_image_url":{"full":["https:\/\/imagazine.it\/wp-content\/uploads\/2024\/01\/24816-1.webp",750,500,false],"landscape":["https:\/\/imagazine.it\/wp-content\/uploads\/2024\/01\/24816-1.webp",750,500,false],"portraits":["https:\/\/imagazine.it\/wp-content\/uploads\/2024\/01\/24816-1.webp",750,500,false],"thumbnail":["https:\/\/imagazine.it\/wp-content\/uploads\/2024\/01\/24816-1-150x150.webp",150,150,true],"medium":["https:\/\/imagazine.it\/wp-content\/uploads\/2024\/01\/24816-1-300x200.webp",300,200,true],"large":["https:\/\/imagazine.it\/wp-content\/uploads\/2024\/01\/24816-1.webp",640,427,false],"thumblist":["https:\/\/imagazine.it\/wp-content\/uploads\/2024\/01\/24816-1.webp",300,200,false],"thumbrelated":["https:\/\/imagazine.it\/wp-content\/uploads\/2024\/01\/24816-1.webp",500,333,false],"meccarouselthumb":["https:\/\/imagazine.it\/wp-content\/uploads\/2024\/01\/24816-1.webp",474,316,false],"gridsquare":["https:\/\/imagazine.it\/wp-content\/uploads\/2024\/01\/24816-1.webp",391,260,false],"tileview":["https:\/\/imagazine.it\/wp-content\/uploads\/2024\/01\/24816-1.webp",300,200,false],"1536x1536":["https:\/\/imagazine.it\/wp-content\/uploads\/2024\/01\/24816-1.webp",750,500,false],"2048x2048":["https:\/\/imagazine.it\/wp-content\/uploads\/2024\/01\/24816-1.webp",750,500,false],"newsup-slider-full":["https:\/\/imagazine.it\/wp-content\/uploads\/2024\/01\/24816-1.webp",750,500,false],"newsup-featured":["https:\/\/imagazine.it\/wp-content\/uploads\/2024\/01\/24816-1.webp",750,500,false],"newsup-medium":["https:\/\/imagazine.it\/wp-content\/uploads\/2024\/01\/24816-1-720x380.webp",720,380,true],"tptn_thumbnail":["https:\/\/imagazine.it\/wp-content\/uploads\/2024\/01\/24816-1.webp",250,167,false],"sow-carousel-default":["https:\/\/imagazine.it\/wp-content\/uploads\/2024\/01\/24816-1-272x182.webp",272,182,true]},"rttpg_author":{"display_name":"redazione","author_link":"https:\/\/imagazine.it\/home_desk\/author\/redazione\/"},"rttpg_comment":0,"rttpg_category":"<a href=\"https:\/\/imagazine.it\/home_desk\/category\/attualita\/\" rel=\"category tag\">ATTUALIT\u00c0<\/a>","rttpg_excerpt":"Ricavate in via Malacrea","_links":{"self":[{"href":"https:\/\/imagazine.it\/home_desk\/wp-json\/wp\/v2\/posts\/26451","targetHints":{"allow":["GET"]}}],"collection":[{"href":"https:\/\/imagazine.it\/home_desk\/wp-json\/wp\/v2\/posts"}],"about":[{"href":"https:\/\/imagazine.it\/home_desk\/wp-json\/wp\/v2\/types\/post"}],"author":[{"embeddable":true,"href":"https:\/\/imagazine.it\/home_desk\/wp-json\/wp\/v2\/users\/28"}],"replies":[{"embeddable":true,"href":"https:\/\/imagazine.it\/home_desk\/wp-json\/wp\/v2\/comments?post=26451"}],"version-history":[{"count":0,"href":"https:\/\/imagazine.it\/home_desk\/wp-json\/wp\/v2\/posts\/26451\/revisions"}],"wp:featuredmedia":[{"embeddable":true,"href":"https:\/\/imagazine.it\/home_desk\/wp-json\/wp\/v2\/media\/26452"}],"wp:attachment":[{"href":"https:\/\/imagazine.it\/home_desk\/wp-json\/wp\/v2\/media?parent=26451"}],"wp:term":[{"taxonomy":"category","embeddable":true,"href":"https:\/\/imagazine.it\/home_desk\/wp-json\/wp\/v2\/categories?post=26451"},{"taxonomy":"post_tag","embeddable":true,"href":"https:\/\/imagazine.it\/home_desk\/wp-json\/wp\/v2\/tags?post=26451"}],"curies":[{"name":"wp","href":"https:\/\/api.w.org\/{rel}","templated":true}]}}