{"id":26449,"date":"2018-04-12T00:00:00","date_gmt":"2018-04-11T23:00:00","guid":{"rendered":"https:\/\/imagazine.it\/?p=26449"},"modified":"2018-04-12T00:00:00","modified_gmt":"2018-04-11T23:00:00","slug":"domenico-quirico-vince-il-premio-terzani","status":"publish","type":"post","link":"https:\/\/imagazine.it\/home_desk\/domenico-quirico-vince-il-premio-terzani\/","title":{"rendered":"Domenico Quirico vince il Premio Terzani"},"content":{"rendered":"<p><strong><em>Succede ad Aleppo<\/em><\/strong><em>,\u00a0<\/em>l\u2019affresco sulla guerra civile in Siria a firma dell\u2019inviato della Stampa <strong>Domenico Quirico<\/strong> &#8211; edito da\u00a0<strong>Laterza\u00a0<\/strong>&#8211; vince la<strong>\u00a0XIV edizione del Premio Letterario Internazionale Tiziano Terzani<\/strong>.<\/p>\n<p>Lo ha annunciato a Milano questa mattina la\u00a0presidente della Giuria\u00a0<strong>Angela Terzani<\/strong>.\u00a0Domenico Quirico\u00a0sar\u00e0 premiato sabato 12 maggio al Teatro Nuovo Giovanni da Udine\u00a0(ore 21) nel corso di una serata-evento del\u00a0<strong>Festival vicino\/lontano<\/strong>,\u00a0che nel 2005, in collaborazione con la famiglia Terzani, ha istituito il Premio<strong>. <\/strong>Il festival,\u00a0quest\u2019anno alla sua XIV edizione, \u00e8 in programma a\u00a0<strong>Udine dal 10 al 13 maggio<\/strong>. La\u00a0<strong>Giuria<\/strong>\u00a0che ha assegnato il riconoscimento \u00e8 composta da Giulio Anselmi, Enza Campino, Toni Capuozzo, Marco Del Corona, Andrea Filippi, \u00c0len Loreti, Milena Gabanelli, Nicola Gasbarro, Ettore Mo, Carla Nicolini, Paolo Pecile, Valerio Pellizzari, Peter Popham, Marino Sinibaldi.\u00a0\u00a0\u00a0\u00a0<\/p>\n<p>\u00abUn\u00a0<strong>mondo occidentale distratto, inerte<\/strong>, per anni ha guardato senza vedere i morti e le macerie siriane &#8211;\u00a0<strong>ha spiegato Angela Terzani nel corso della proclamazione<\/strong>\u00a0&#8211; Domenico Quirico, cronista in quel paese, si \u00e8 accorto invece che \u201cl\u2019alchimia delle sue parole\u201d non riusciva pi\u00f9 a trasmettere quel caos barbaro e impunito. Nelle pagine di \u201cSuccede ad Aleppo\u201d mette da parte i termini enfatici, dirompenti, che nei racconti di guerra tradizionalmente sembrano voler competere con il rumore delle bombe e il colore del sangue. Nonostante le lunghe esperienze nelle periferie disperate del mondo l\u2019occhio dell\u2019autore non conosce quella patina insidiosa, grigiastra, di chi ha gi\u00e0 visto tutto e conosce gi\u00e0 il peggio.\u00a0Nell\u2019epoca in cui milioni di persone si accaniscono su una tastiera per commentare notizie sfacciatamente bugiarde o per inseguire esili promesse virtuali questo libro percorre un itinerario faticoso, inesplorato. Per i suoi inediti, teneri necrologi di guerra,\u00a0per questa scrittura eretica di fronte alla carneficina siriana e alla indifferenza della opinione pubblica, la giuria affida a \u201cSuccede ad Aleppo\u201d il premio Terzani 2018\u00bb.\u00a0<\/p>\n<p>E<strong> Domenico Quirico <\/strong>ha dichiarato:\u00a0\u00abOggi scrivere &#8211; di Aleppo, di Siria, di guerre, di Migrazione di profughi &#8211; \u00e8 un atto obbligatorio. Contro il silenzio: opaco, atroce, inumano. \u00c8\u00a0<strong>la lezione di Tiziano Terzani.<\/strong>\u00a0Sui giornali finch\u00e9 esisteranno, nei libri, con le immagini, le parole: guardare, ascoltare impregnarsi della violenza del mondo e scrivere. Scrivere per disfarsi dei pregiudizi, dell&#39;illusione di aver gi\u00e0 compreso tutto, della paura\u00bb.<\/p>\n<p>\u00abIn questo libro &#8211;\u00a0ha aggiunto<strong> Angela Terzani<\/strong>\u00a0&#8211;\u00a0\u00a0Quirico non ci dice perch\u00e9 in Siria sia scoppiata la guerra civile. Ha scelto con chi stare: con l\u2019Armata siriana libera di Aleppo che con un coraggio che non ha niente di brutale si difende contro i soldati di Assad. Non ci dice quanti sono i morti dall\u2019una e l\u2019altra parte. Sa che contarli non ci dice ancora niente sulla guerra. La guerra \u00e8 quel bambino che ti sorride e un attimo dopo \u00e8 ucciso da una scheggia; \u00e8 quell\u2019elicottero che ronza sopra i tetti e il momento in cui esci di casa ti spara; \u00e8 quella camera da letto al terzo piano, senza scala e senza muri e senza umani; sono quegli uomini col kalashnikov appostati dietro l\u2019angolo che hanno paura. Alla fine non sai ancora perch\u00e9 combattano in Siria, ma sai un po\u2019 di pi\u00f9 sull\u2019uomo, il suo idealismo, il rammarico con cui muore.\u00a0Per potercelo dire il giornalista dev\u2019essere tornato a essere un semplice uomo. Anche di questo vorremmo ringraziarlo\u00bb.<\/p>\n","protected":false},"excerpt":{"rendered":"<p>Annuncio ufficiale a Milano<\/p>\n","protected":false},"author":28,"featured_media":26450,"comment_status":"closed","ping_status":"closed","sticky":false,"template":"","format":"standard","meta":{"dwc-title":[],"dwc-content":[],"footnotes":""},"categories":[37],"tags":[],"class_list":["post-26449","post","type-post","status-publish","format-standard","has-post-thumbnail","hentry","category-cultura-e-spettacolo"],"rttpg_featured_image_url":{"full":["https:\/\/imagazine.it\/wp-content\/uploads\/2024\/01\/24813-1.webp",750,500,false],"landscape":["https:\/\/imagazine.it\/wp-content\/uploads\/2024\/01\/24813-1.webp",750,500,false],"portraits":["https:\/\/imagazine.it\/wp-content\/uploads\/2024\/01\/24813-1.webp",750,500,false],"thumbnail":["https:\/\/imagazine.it\/wp-content\/uploads\/2024\/01\/24813-1-150x150.webp",150,150,true],"medium":["https:\/\/imagazine.it\/wp-content\/uploads\/2024\/01\/24813-1-300x200.webp",300,200,true],"large":["https:\/\/imagazine.it\/wp-content\/uploads\/2024\/01\/24813-1.webp",640,427,false],"thumblist":["https:\/\/imagazine.it\/wp-content\/uploads\/2024\/01\/24813-1.webp",300,200,false],"thumbrelated":["https:\/\/imagazine.it\/wp-content\/uploads\/2024\/01\/24813-1.webp",500,333,false],"meccarouselthumb":["https:\/\/imagazine.it\/wp-content\/uploads\/2024\/01\/24813-1.webp",474,316,false],"gridsquare":["https:\/\/imagazine.it\/wp-content\/uploads\/2024\/01\/24813-1.webp",391,260,false],"tileview":["https:\/\/imagazine.it\/wp-content\/uploads\/2024\/01\/24813-1.webp",300,200,false],"1536x1536":["https:\/\/imagazine.it\/wp-content\/uploads\/2024\/01\/24813-1.webp",750,500,false],"2048x2048":["https:\/\/imagazine.it\/wp-content\/uploads\/2024\/01\/24813-1.webp",750,500,false],"newsup-slider-full":["https:\/\/imagazine.it\/wp-content\/uploads\/2024\/01\/24813-1.webp",750,500,false],"newsup-featured":["https:\/\/imagazine.it\/wp-content\/uploads\/2024\/01\/24813-1.webp",750,500,false],"newsup-medium":["https:\/\/imagazine.it\/wp-content\/uploads\/2024\/01\/24813-1-720x380.webp",720,380,true],"tptn_thumbnail":["https:\/\/imagazine.it\/wp-content\/uploads\/2024\/01\/24813-1.webp",250,167,false],"sow-carousel-default":["https:\/\/imagazine.it\/wp-content\/uploads\/2024\/01\/24813-1-272x182.webp",272,182,true]},"rttpg_author":{"display_name":"redazione","author_link":"https:\/\/imagazine.it\/home_desk\/author\/redazione\/"},"rttpg_comment":0,"rttpg_category":"<a href=\"https:\/\/imagazine.it\/home_desk\/category\/cultura-e-spettacolo\/\" rel=\"category tag\">CULTURA&amp;SPETTACOLO<\/a>","rttpg_excerpt":"Annuncio ufficiale a Milano","_links":{"self":[{"href":"https:\/\/imagazine.it\/home_desk\/wp-json\/wp\/v2\/posts\/26449","targetHints":{"allow":["GET"]}}],"collection":[{"href":"https:\/\/imagazine.it\/home_desk\/wp-json\/wp\/v2\/posts"}],"about":[{"href":"https:\/\/imagazine.it\/home_desk\/wp-json\/wp\/v2\/types\/post"}],"author":[{"embeddable":true,"href":"https:\/\/imagazine.it\/home_desk\/wp-json\/wp\/v2\/users\/28"}],"replies":[{"embeddable":true,"href":"https:\/\/imagazine.it\/home_desk\/wp-json\/wp\/v2\/comments?post=26449"}],"version-history":[{"count":0,"href":"https:\/\/imagazine.it\/home_desk\/wp-json\/wp\/v2\/posts\/26449\/revisions"}],"wp:featuredmedia":[{"embeddable":true,"href":"https:\/\/imagazine.it\/home_desk\/wp-json\/wp\/v2\/media\/26450"}],"wp:attachment":[{"href":"https:\/\/imagazine.it\/home_desk\/wp-json\/wp\/v2\/media?parent=26449"}],"wp:term":[{"taxonomy":"category","embeddable":true,"href":"https:\/\/imagazine.it\/home_desk\/wp-json\/wp\/v2\/categories?post=26449"},{"taxonomy":"post_tag","embeddable":true,"href":"https:\/\/imagazine.it\/home_desk\/wp-json\/wp\/v2\/tags?post=26449"}],"curies":[{"name":"wp","href":"https:\/\/api.w.org\/{rel}","templated":true}]}}