{"id":26445,"date":"2018-04-11T00:00:00","date_gmt":"2018-04-10T23:00:00","guid":{"rendered":"https:\/\/imagazine.it\/?p=26445"},"modified":"2018-04-11T00:00:00","modified_gmt":"2018-04-10T23:00:00","slug":"fvgstrade-manutenzioni-e-nuove-opere-per-40-milioni-di-euro","status":"publish","type":"post","link":"https:\/\/imagazine.it\/home_desk\/fvgstrade-manutenzioni-e-nuove-opere-per-40-milioni-di-euro\/","title":{"rendered":"FVGStrade, manutenzioni e nuove opere per 40 milioni di euro"},"content":{"rendered":"<p>Il piano delle nuove opere e delle manutenzioni straordinarie di FVGStrade Spa del 2018 approvato dalla Regione prevede investimenti, gi\u00e0 coperti da finanziamenti, per circa 24 milioni in relazione alle strade regionali mentre nel 2018 saranno avviati lavori per oltre 13 milioni nella viabilit\u00e0 locale, ex rete provinciale, la cui gestione \u00e8 di competenza dal 1\u00b0 gennaio a Friuli Venezia Giulia Strade spa (FvgStrade).<\/p>\n<p>I dati sono emersi oggi, in occasione della presentazione in conferenza stampa a Udine, da parte dell\u2019amministratore unico di FvgStrade <strong>Giorgio Damiani <\/strong>con i rappresentanti della Regione FVG, delle principali opere gi\u00e0 finanziate, previste nella programmazione della societ\u00e0 regionale, condivisa con la Regione e approvata dalla Giunta Regionale.<\/p>\n<p>Per le infrastrutture stradali della rete regionale FVGStrade intende avviare nel 2018 lavori per 5.050.000 euro, procedere alla pubblicazione dei bandi di gara per opere stimate in 3.040.000 euro, e dare avvio alla progettazione di opere finanziate per complessivi 16.350.000 euro.<\/p>\n<p>Nel dettaglio, gli investimenti per i lavori che FVGStrade intende avviare nel 2018 riguardano la messa in sicurezza e la pista ciclabile lungo la strada regionale 352 a Palmanova in prossimit\u00e0 di Porta Udine (350.000 euro), la messa in sicurezza e il miglioramento del traffico in localit\u00e0 &#8220;Tre noci&#8221; a Duino Aurisina con la realizzazione di una rotatoria (900.000 euro), la riconfigurazione della rotatoria all&#39;incrocio della strada regionale 464 con la Sp 2 e la Sp 26 a Maniago (500.000), il potenziamento infrastrutturale della Sr 355 a Rigolato, a Comeglians e della Sr 465 ad Ovaro (850.000) oltre alla realizzazione \u2013 gi\u00e0 prevista nella programmazione del 2017 &#8211; di una rotatoria ad Ovaro e la sistemazione di un tratto stradale della Sr 355(2.450.000).<\/p>\n<p>Entro il 2018, la societ\u00e0 interamente partecipata dalla Regione intende avviare i bandi di gara relativi alla rotatoria in localit\u00e0 Sedrano a San Quirino (790.000), alla messa in \u00a0\u00a0sicurezza dell&#39;incrocio semaforizzato in localit\u00e0 Dandini a Gradisca d&#39;Isonzo (600.000), alla rotatoria all&#39;incrocio fra la Ss 13 &#8220;Pontebbana&#8221; e la strada comunale denominata &#8220;via Basaldella&#8221; a Campoformido (950.000). A questi si aggiunge il bando di gara per lavori di sistemazione a Zovello e per l&#39;allargamento della Sr 465 a Ravascletto (700.000).<\/p>\n<p>Il piano delle opere 2018, approvato dalla Giunta Regionale, prevede altres\u00ec l\u2019avvio della progettazione di opere per le quali gi\u00e0 \u00e8 prevista la copertura con finanziamenti CIPE, ovvero il completamento della ciclabile di Grado (2.120.000), la messa in sicurezza di un tratto della S.S. 14 in Comune di Torviscosa con la realizzazione di una ciclabile \u00a0(930.000), la variante esterna di Rigolato, che sar\u00e0 oggetto di confronto con la comunit\u00e0 locale (9.300.000), cui si aggiunge la messa in sicurezza inerente SS 14 in Comune di Fiumicello (4.000.000).<\/p>\n<p>Per le opere di viabilit\u00e0 locale, trasferite a FVGStrade da quest\u2019anno, fermi gli impegni tutti in relazione<\/p>\n<p>alle opere ex provinciali gi\u00e0 approvate e trasferite a FVGStrade ex L.R. 32\/2017, Damiani ha indicato per il 2018 la realizzazione di opere per un investimento di 13.727.000 euro di cui 6.760.000 per l\u2019avvio dei lavori per la manutenzione di piani viabili (suddivisi in 600.000 per ambito territoriale di Gorizia e 600.000 per l\u2019ambito di Trieste, 4.010.000 per quello di Udine e 1.550.000 per quello di Pordenone) e 6.937.000 per nuove opere e manutenzione straordinaria.<\/p>\n<p>\u201cFra i lavori della rete ex provinciale che avvieremo a brevissimo &#8211; ha aggiunto Damiani &#8211; vi sono le rotatorie di Cavalicco e di Adegliacco, nonch\u00e9 i lavori di allargamento della sede stradale e del ponte nell&#39;abitato di San Pietro di Ragogna. Entro l\u2019anno avvieremo \u00a0sicuramente anche le rotatorie di Salt, di Roveredo in Piano e di Fontanafredda\u201d.<\/p>\n<p>La societ\u00e0 regionale intende altres\u00ec avviare la progettazione di opere molto attese dal territorio, fra cui il collegamento fra la Sp 91 di Beligna e la Sp 8 aquileiense nell\u2019incrocio con la Sp 26 della Colombara e il nuovo ponte sul canale Cucchini, opere gi\u00e0 finanziate dalla Regione per Euro 6.850.000.<\/p>\n<p>\u201cIl programma di FVGStrade, integrato dalla prosecuzione dei lavori in delegazione amministrativa (fra cui quelli relativi alla Strada del Mobile), dal completamento delle opere commissariali (che termineranno nel 2018 con l\u2019avvio delle rotatorie sulla S.R.354), e dalle opere e servizi di manutenzione ordinaria dell\u2019intera rete regionale ed ex provinciale (per oltre 15 milioni), &#8211; ha concluso Damiani &#8211; mira a garantire la sicurezza e l\u2019efficienza dell\u2019intera rete delle infrastrutture stradali, regionali ed ex provinciali oggi affidata a un unico gestore, evidenziando che nel periodo 2014-2017 FVGStrade ha realizzato produzioni (lavori e servizi) nell\u2019ambito delle nuove opere e delle manutenzioni ordinarie e straordinarie per oltre 80 milioni di Euro\u201d.<\/p>\n<p>Nel corso della conferenza stampa \u00e8 stato comunicato, inoltre, come tutto il sistema delle ciclovie sar\u00e0 gestito da FVGStrade; la Regione ha dato, infatti, indirizzo alla societ\u00e0 \u00a0regionale di creare il nucleo operativo ciclabile per consentire un ragionamento compiuto sull\u2019intero sistema.\u00a0<\/p>\n","protected":false},"excerpt":{"rendered":"<p>Presentata la programmazione 2018<\/p>\n","protected":false},"author":28,"featured_media":26446,"comment_status":"closed","ping_status":"closed","sticky":false,"template":"","format":"standard","meta":{"dwc-title":[],"dwc-content":[],"footnotes":""},"categories":[5],"tags":[],"class_list":["post-26445","post","type-post","status-publish","format-standard","has-post-thumbnail","hentry","category-attualita"],"rttpg_featured_image_url":{"full":["https:\/\/imagazine.it\/wp-content\/uploads\/2024\/01\/24805-1.webp",750,519,false],"landscape":["https:\/\/imagazine.it\/wp-content\/uploads\/2024\/01\/24805-1.webp",750,519,false],"portraits":["https:\/\/imagazine.it\/wp-content\/uploads\/2024\/01\/24805-1.webp",750,519,false],"thumbnail":["https:\/\/imagazine.it\/wp-content\/uploads\/2024\/01\/24805-1-150x150.webp",150,150,true],"medium":["https:\/\/imagazine.it\/wp-content\/uploads\/2024\/01\/24805-1-300x208.webp",300,208,true],"large":["https:\/\/imagazine.it\/wp-content\/uploads\/2024\/01\/24805-1.webp",640,443,false],"thumblist":["https:\/\/imagazine.it\/wp-content\/uploads\/2024\/01\/24805-1.webp",300,208,false],"thumbrelated":["https:\/\/imagazine.it\/wp-content\/uploads\/2024\/01\/24805-1.webp",500,346,false],"meccarouselthumb":["https:\/\/imagazine.it\/wp-content\/uploads\/2024\/01\/24805-1.webp",468,324,false],"gridsquare":["https:\/\/imagazine.it\/wp-content\/uploads\/2024\/01\/24805-1.webp",376,260,false],"tileview":["https:\/\/imagazine.it\/wp-content\/uploads\/2024\/01\/24805-1.webp",300,208,false],"1536x1536":["https:\/\/imagazine.it\/wp-content\/uploads\/2024\/01\/24805-1.webp",750,519,false],"2048x2048":["https:\/\/imagazine.it\/wp-content\/uploads\/2024\/01\/24805-1.webp",750,519,false],"newsup-slider-full":["https:\/\/imagazine.it\/wp-content\/uploads\/2024\/01\/24805-1.webp",750,519,false],"newsup-featured":["https:\/\/imagazine.it\/wp-content\/uploads\/2024\/01\/24805-1.webp",750,519,false],"newsup-medium":["https:\/\/imagazine.it\/wp-content\/uploads\/2024\/01\/24805-1-720x380.webp",720,380,true],"tptn_thumbnail":["https:\/\/imagazine.it\/wp-content\/uploads\/2024\/01\/24805-1.webp",250,173,false],"sow-carousel-default":["https:\/\/imagazine.it\/wp-content\/uploads\/2024\/01\/24805-1-272x182.webp",272,182,true]},"rttpg_author":{"display_name":"redazione","author_link":"https:\/\/imagazine.it\/home_desk\/author\/redazione\/"},"rttpg_comment":0,"rttpg_category":"<a href=\"https:\/\/imagazine.it\/home_desk\/category\/attualita\/\" rel=\"category tag\">ATTUALIT\u00c0<\/a>","rttpg_excerpt":"Presentata la programmazione 2018","_links":{"self":[{"href":"https:\/\/imagazine.it\/home_desk\/wp-json\/wp\/v2\/posts\/26445","targetHints":{"allow":["GET"]}}],"collection":[{"href":"https:\/\/imagazine.it\/home_desk\/wp-json\/wp\/v2\/posts"}],"about":[{"href":"https:\/\/imagazine.it\/home_desk\/wp-json\/wp\/v2\/types\/post"}],"author":[{"embeddable":true,"href":"https:\/\/imagazine.it\/home_desk\/wp-json\/wp\/v2\/users\/28"}],"replies":[{"embeddable":true,"href":"https:\/\/imagazine.it\/home_desk\/wp-json\/wp\/v2\/comments?post=26445"}],"version-history":[{"count":0,"href":"https:\/\/imagazine.it\/home_desk\/wp-json\/wp\/v2\/posts\/26445\/revisions"}],"wp:featuredmedia":[{"embeddable":true,"href":"https:\/\/imagazine.it\/home_desk\/wp-json\/wp\/v2\/media\/26446"}],"wp:attachment":[{"href":"https:\/\/imagazine.it\/home_desk\/wp-json\/wp\/v2\/media?parent=26445"}],"wp:term":[{"taxonomy":"category","embeddable":true,"href":"https:\/\/imagazine.it\/home_desk\/wp-json\/wp\/v2\/categories?post=26445"},{"taxonomy":"post_tag","embeddable":true,"href":"https:\/\/imagazine.it\/home_desk\/wp-json\/wp\/v2\/tags?post=26445"}],"curies":[{"name":"wp","href":"https:\/\/api.w.org\/{rel}","templated":true}]}}