{"id":26439,"date":"2018-04-10T00:00:00","date_gmt":"2018-04-09T23:00:00","guid":{"rendered":"https:\/\/imagazine.it\/?p=26439"},"modified":"2018-04-10T00:00:00","modified_gmt":"2018-04-09T23:00:00","slug":"da-staranzano-progetto-europeo-di-educazione-ambientale","status":"publish","type":"post","link":"https:\/\/imagazine.it\/home_desk\/da-staranzano-progetto-europeo-di-educazione-ambientale\/","title":{"rendered":"Da Staranzano progetto europeo di educazione ambientale"},"content":{"rendered":"<p>L\u2019Unione Europea ha selezionato <strong>tra i vincitori del Programma di cooperazione transfrontaliera Adrion <\/strong>il progetto IM.PRE.CO. che vede il Comune di Staranzano e la Riserva Naturale Regionale Foce dell\u2019Isonzo\u00a0capofila di una compagine proveniente da <strong>5 Paesi\u00a0<\/strong>(Italia, Grecia, Albania, Croazia, Slovenia)\u00a0e composta <strong>da 7 membri<\/strong>\u00a0(Comune di Staranzano, Agenzia Regionale Veneto Agricoltura, Universit\u00e0 del Salento \u2013 IT; Regione di Creta \u2013 GR; Fondo di Sviluppo Nazionale \u2013 AL; Agenzia Regionale Dalmata \u201cSea and Karst\u201d \u2013 HR; DOPPS Birdlife Slovenia \u2013 SL).<\/p>\n<p>Il progetto, <strong>finanziato con 1.254.180,50<\/strong> euro e presentato stamattina in conferenza stampa alla Riserva Naturale Foce dell\u2019Isonzo &#8211; presenti anche l\u2019assessore all\u2019ambiente della Regione FVG <strong>Sara Vito<\/strong> e l\u2019assessore del Comune di Staranzano <strong>Serena Francovig<\/strong> &#8211; prender\u00e0 il via ufficialmente con\u00a0 l\u2019evento di lancio che si terr\u00e0 mercoled\u00ec 11 aprile e vedr\u00e0 convergere su Staranzano i rappresentanti, i portatori di interesse e gli esperti selezionati da tutti i partner. L\u2019incontro si articoler\u00e0 in tre giornate durante le quali sono previsti, oltre agli incontri tecnici, le visite di studio alla Riserva Naturale Foce dell\u2019Isonzo, alla Riserva di Val Stagnon in Slovenia e alla Riserva Naturale Bosco Nordio in Veneto.<\/p>\n<p>L&#39;obiettivo principale di IMPRECO \u00e8 <strong>migliorare la salvaguardia dei servizi ecosistemici e affrontare la loro vulnerabilit\u00e0 ambientale<\/strong> rafforzando il potenziale delle aree protette nella conservazione della biodiversit\u00e0 e degli ecosistemi attraverso un lavoro di rete transnazionale.<\/p>\n<p>Le <strong>tre giornate di incontri e visite studio tra Friuli Venezia Giulia, Veneto e Slovenia<\/strong> saranno il trampolino di lancio di un percorso condiviso tra comunit\u00e0 locali ed esperti.<\/p>\n<p>Nei 24 mesi di durata del progetto sono previste <strong>attivit\u00e0 di educazione ambientale<\/strong> rivolte alle scuole con l\u2019obiettivo di <strong>rendere sempre pi\u00f9 consapevoli i bambini e i ragazzi<\/strong> sull\u2019importanza della salvaguardia degli ecosistemi e di formare delle <strong>\u201cgiovani sentinelle\u201d della biodiversit\u00e0<\/strong>.<\/p>\n","protected":false},"excerpt":{"rendered":"<p>Finanziato con oltre un milione di euro<\/p>\n","protected":false},"author":28,"featured_media":26440,"comment_status":"closed","ping_status":"closed","sticky":false,"template":"","format":"standard","meta":{"dwc-title":[],"dwc-content":[],"footnotes":""},"categories":[5],"tags":[],"class_list":["post-26439","post","type-post","status-publish","format-standard","has-post-thumbnail","hentry","category-attualita"],"rttpg_featured_image_url":{"full":["https:\/\/imagazine.it\/wp-content\/uploads\/2024\/01\/24797-1.webp",750,485,false],"landscape":["https:\/\/imagazine.it\/wp-content\/uploads\/2024\/01\/24797-1.webp",750,485,false],"portraits":["https:\/\/imagazine.it\/wp-content\/uploads\/2024\/01\/24797-1.webp",750,485,false],"thumbnail":["https:\/\/imagazine.it\/wp-content\/uploads\/2024\/01\/24797-1-150x150.webp",150,150,true],"medium":["https:\/\/imagazine.it\/wp-content\/uploads\/2024\/01\/24797-1-300x194.webp",300,194,true],"large":["https:\/\/imagazine.it\/wp-content\/uploads\/2024\/01\/24797-1.webp",640,414,false],"thumblist":["https:\/\/imagazine.it\/wp-content\/uploads\/2024\/01\/24797-1.webp",300,194,false],"thumbrelated":["https:\/\/imagazine.it\/wp-content\/uploads\/2024\/01\/24797-1.webp",500,323,false],"meccarouselthumb":["https:\/\/imagazine.it\/wp-content\/uploads\/2024\/01\/24797-1.webp",474,307,false],"gridsquare":["https:\/\/imagazine.it\/wp-content\/uploads\/2024\/01\/24797-1.webp",391,253,false],"tileview":["https:\/\/imagazine.it\/wp-content\/uploads\/2024\/01\/24797-1.webp",300,194,false],"1536x1536":["https:\/\/imagazine.it\/wp-content\/uploads\/2024\/01\/24797-1.webp",750,485,false],"2048x2048":["https:\/\/imagazine.it\/wp-content\/uploads\/2024\/01\/24797-1.webp",750,485,false],"newsup-slider-full":["https:\/\/imagazine.it\/wp-content\/uploads\/2024\/01\/24797-1.webp",750,485,false],"newsup-featured":["https:\/\/imagazine.it\/wp-content\/uploads\/2024\/01\/24797-1.webp",750,485,false],"newsup-medium":["https:\/\/imagazine.it\/wp-content\/uploads\/2024\/01\/24797-1-720x380.webp",720,380,true],"tptn_thumbnail":["https:\/\/imagazine.it\/wp-content\/uploads\/2024\/01\/24797-1.webp",250,162,false],"sow-carousel-default":["https:\/\/imagazine.it\/wp-content\/uploads\/2024\/01\/24797-1-272x182.webp",272,182,true]},"rttpg_author":{"display_name":"redazione","author_link":"https:\/\/imagazine.it\/home_desk\/author\/redazione\/"},"rttpg_comment":0,"rttpg_category":"<a href=\"https:\/\/imagazine.it\/home_desk\/category\/attualita\/\" rel=\"category tag\">ATTUALIT\u00c0<\/a>","rttpg_excerpt":"Finanziato con oltre un milione di euro","_links":{"self":[{"href":"https:\/\/imagazine.it\/home_desk\/wp-json\/wp\/v2\/posts\/26439","targetHints":{"allow":["GET"]}}],"collection":[{"href":"https:\/\/imagazine.it\/home_desk\/wp-json\/wp\/v2\/posts"}],"about":[{"href":"https:\/\/imagazine.it\/home_desk\/wp-json\/wp\/v2\/types\/post"}],"author":[{"embeddable":true,"href":"https:\/\/imagazine.it\/home_desk\/wp-json\/wp\/v2\/users\/28"}],"replies":[{"embeddable":true,"href":"https:\/\/imagazine.it\/home_desk\/wp-json\/wp\/v2\/comments?post=26439"}],"version-history":[{"count":0,"href":"https:\/\/imagazine.it\/home_desk\/wp-json\/wp\/v2\/posts\/26439\/revisions"}],"wp:featuredmedia":[{"embeddable":true,"href":"https:\/\/imagazine.it\/home_desk\/wp-json\/wp\/v2\/media\/26440"}],"wp:attachment":[{"href":"https:\/\/imagazine.it\/home_desk\/wp-json\/wp\/v2\/media?parent=26439"}],"wp:term":[{"taxonomy":"category","embeddable":true,"href":"https:\/\/imagazine.it\/home_desk\/wp-json\/wp\/v2\/categories?post=26439"},{"taxonomy":"post_tag","embeddable":true,"href":"https:\/\/imagazine.it\/home_desk\/wp-json\/wp\/v2\/tags?post=26439"}],"curies":[{"name":"wp","href":"https:\/\/api.w.org\/{rel}","templated":true}]}}