{"id":26431,"date":"2018-04-09T00:00:00","date_gmt":"2018-04-08T23:00:00","guid":{"rendered":"https:\/\/imagazine.it\/?p=26431"},"modified":"2018-04-09T00:00:00","modified_gmt":"2018-04-08T23:00:00","slug":"information-technology-crescita-a-doppia-cifra-in-fvg","status":"publish","type":"post","link":"https:\/\/imagazine.it\/home_desk\/information-technology-crescita-a-doppia-cifra-in-fvg\/","title":{"rendered":"Information Technology, crescita a doppia cifra in FVG"},"content":{"rendered":"<p>Cresce a doppia cifra Nordest Servizi.\u00a0La societ\u00e0 di Udine, leader nell\u2019Information Technology per il Friuli Venezia Giulia e il Veneto, ha chiuso il 2017 con un incremento superiore al 14% dei volumi rispetto all\u2019anno precedente. Una crescita che rafforza il cammino della societ\u00e0 e che, se rapportato al 2014, fa segnare un salto del 50% con un fatturato che \u00e8 passato da poco pi\u00f9 di 2 milioni a oltre 3 milioni di euro. Scelte aziendali, strategie, crescenti investimenti in formazione e una sempre maggiore attenzione alla gestione dei sistemi informativi delle aziende portano Nordest Servizi a prevedere per il 2018 un\u2019ulteriore crescita.<\/p>\n<p>\u00abIl progetto di aggregazione societaria con Eurosytem \u2013 spiegano\u00a0<strong>Massimo e Nicola Bosello<\/strong>, amministratori delegati di Nordest Servizi \u2013, avviato nell\u2019ottobre del 2016, ha rappresentato indubbiamente un trampolino di lancio. Potenziando il nostro core business, ovvero le esternalizzazioni dei sistemi informativi, questo percorso ci sta portando a sviluppare nuovi progetti e a creare nuove sinergie nell\u2019ottica di dare soluzioni sempre pi\u00f9 evolute integrando anche l\u2019offerta di sistemi MES, APS, ERP, CRM e di Business Intelligence, aprendo nuovi mercati e nuove opportunit\u00e0. Nella logica di gruppo, sono state rafforzate le competenze con l\u2019arrivo di nuove figure tecniche di alto profilo ed \u00e8 stato potenziato tutto l\u2019ambito dedicato alla sicurezza informatica\u00bb. Inoltre, \u00abnell\u2019ambito di progetti per la realizzazione di data center, abbiamo concluso 14 casi di successo legati alle sole tecnologie innovative di iperconvergenza che non solamente semplificano, ma elevano in maniera unica affidabilit\u00e0 e scalabilit\u00e0 degli investimenti fatti in infrastrutture\u00bb, aggiungono gli Ad di Nordest Servizi.<\/p>\n<p>Nel processo di crescita, anche gli spazi fisici sono sottoposti a cambiamento: la sede di Udine infatti sar\u00e0 interessata la lavori di ampliamento.<\/p>\n","protected":false},"excerpt":{"rendered":"<p>Nordest Servizi chiude il 2017 con +14%<\/p>\n","protected":false},"author":28,"featured_media":26432,"comment_status":"closed","ping_status":"closed","sticky":false,"template":"","format":"standard","meta":{"dwc-title":[],"dwc-content":[],"footnotes":""},"categories":[6],"tags":[],"class_list":["post-26431","post","type-post","status-publish","format-standard","has-post-thumbnail","hentry","category-societa"],"rttpg_featured_image_url":{"full":["https:\/\/imagazine.it\/wp-content\/uploads\/2024\/01\/24786-1.webp",750,507,false],"landscape":["https:\/\/imagazine.it\/wp-content\/uploads\/2024\/01\/24786-1.webp",750,507,false],"portraits":["https:\/\/imagazine.it\/wp-content\/uploads\/2024\/01\/24786-1.webp",750,507,false],"thumbnail":["https:\/\/imagazine.it\/wp-content\/uploads\/2024\/01\/24786-1-150x150.webp",150,150,true],"medium":["https:\/\/imagazine.it\/wp-content\/uploads\/2024\/01\/24786-1-300x203.webp",300,203,true],"large":["https:\/\/imagazine.it\/wp-content\/uploads\/2024\/01\/24786-1.webp",640,433,false],"thumblist":["https:\/\/imagazine.it\/wp-content\/uploads\/2024\/01\/24786-1.webp",300,203,false],"thumbrelated":["https:\/\/imagazine.it\/wp-content\/uploads\/2024\/01\/24786-1.webp",500,338,false],"meccarouselthumb":["https:\/\/imagazine.it\/wp-content\/uploads\/2024\/01\/24786-1.webp",474,320,false],"gridsquare":["https:\/\/imagazine.it\/wp-content\/uploads\/2024\/01\/24786-1.webp",385,260,false],"tileview":["https:\/\/imagazine.it\/wp-content\/uploads\/2024\/01\/24786-1.webp",300,203,false],"1536x1536":["https:\/\/imagazine.it\/wp-content\/uploads\/2024\/01\/24786-1.webp",750,507,false],"2048x2048":["https:\/\/imagazine.it\/wp-content\/uploads\/2024\/01\/24786-1.webp",750,507,false],"newsup-slider-full":["https:\/\/imagazine.it\/wp-content\/uploads\/2024\/01\/24786-1.webp",750,507,false],"newsup-featured":["https:\/\/imagazine.it\/wp-content\/uploads\/2024\/01\/24786-1.webp",750,507,false],"newsup-medium":["https:\/\/imagazine.it\/wp-content\/uploads\/2024\/01\/24786-1-720x380.webp",720,380,true],"tptn_thumbnail":["https:\/\/imagazine.it\/wp-content\/uploads\/2024\/01\/24786-1.webp",250,169,false],"sow-carousel-default":["https:\/\/imagazine.it\/wp-content\/uploads\/2024\/01\/24786-1-272x182.webp",272,182,true]},"rttpg_author":{"display_name":"redazione","author_link":"https:\/\/imagazine.it\/home_desk\/author\/redazione\/"},"rttpg_comment":0,"rttpg_category":"<a href=\"https:\/\/imagazine.it\/home_desk\/category\/societa\/\" rel=\"category tag\">SOCIET\u00c0<\/a>","rttpg_excerpt":"Nordest Servizi chiude il 2017 con +14%","_links":{"self":[{"href":"https:\/\/imagazine.it\/home_desk\/wp-json\/wp\/v2\/posts\/26431","targetHints":{"allow":["GET"]}}],"collection":[{"href":"https:\/\/imagazine.it\/home_desk\/wp-json\/wp\/v2\/posts"}],"about":[{"href":"https:\/\/imagazine.it\/home_desk\/wp-json\/wp\/v2\/types\/post"}],"author":[{"embeddable":true,"href":"https:\/\/imagazine.it\/home_desk\/wp-json\/wp\/v2\/users\/28"}],"replies":[{"embeddable":true,"href":"https:\/\/imagazine.it\/home_desk\/wp-json\/wp\/v2\/comments?post=26431"}],"version-history":[{"count":0,"href":"https:\/\/imagazine.it\/home_desk\/wp-json\/wp\/v2\/posts\/26431\/revisions"}],"wp:featuredmedia":[{"embeddable":true,"href":"https:\/\/imagazine.it\/home_desk\/wp-json\/wp\/v2\/media\/26432"}],"wp:attachment":[{"href":"https:\/\/imagazine.it\/home_desk\/wp-json\/wp\/v2\/media?parent=26431"}],"wp:term":[{"taxonomy":"category","embeddable":true,"href":"https:\/\/imagazine.it\/home_desk\/wp-json\/wp\/v2\/categories?post=26431"},{"taxonomy":"post_tag","embeddable":true,"href":"https:\/\/imagazine.it\/home_desk\/wp-json\/wp\/v2\/tags?post=26431"}],"curies":[{"name":"wp","href":"https:\/\/api.w.org\/{rel}","templated":true}]}}