{"id":26423,"date":"2018-04-06T00:00:00","date_gmt":"2018-04-05T23:00:00","guid":{"rendered":"https:\/\/imagazine.it\/?p=26423"},"modified":"2018-04-06T00:00:00","modified_gmt":"2018-04-05T23:00:00","slug":"24-ore-consecutive-in-bici-lungo-il-fvg","status":"publish","type":"post","link":"https:\/\/imagazine.it\/home_desk\/24-ore-consecutive-in-bici-lungo-il-fvg\/","title":{"rendered":"24 ore consecutive in bici lungo il FVG"},"content":{"rendered":"<p>Il grande giorno sar\u00e0 venerd\u00ec 13 aprile. In quella data <strong>Mauro Buoro<\/strong> concretizzer\u00e0 la sua ultima sfida, <u><a href=\"http:\/\/www.imagazine.it\/notizie-trieste-gorizia-udine-friuli\/5673\" target=\"_blank\" rel=\"noopener\">gi\u00e0 anticipata nelle scorse settimane proprio su <em>iMagazine<\/em><\/a><\/u>: un giro del Friuli Venezia Giulia da compiere in 24 ore, pedalando per 330 km e attraversando 39 diverse localit\u00e0 della regione.<\/p>\n<p>La partenza \u00e8 prevista a mezzanotte\u00a0a cavallo tra venerd\u00ec e sabato dalla piazza di Ruda, paese di residenza di Mauro Buoro, dove il\u00a0ciclista far\u00e0 ritorno alla stessa ora del giorno successivo completando cos\u00ec la sua nuova impresa.<\/p>\n<p>Per ultimare la preparazione, nei giorni scorsi Buoro si \u00e8 recato in Svizzera, suo paese natale, dove nella piccola localit\u00e0 di Bauma, paese di 500 abitanti a nord di Zurigo, ha potuto incontrare gli amici d\u2019infanzia. \u201cSono andato l\u00ec \u2013 confida lo stesso Buoro \u2013 per ricaricarmi e trovare la concentrazione e la serenit\u00e0 necessarie per affrontare la nuova sfida. Nel cuore mi sono sempre sentito uno svizzero: i miei genitori emigrarono qui dall\u2019Italia nel 1955 e io nacqui il 22 aprile 1957\u201d.<\/p>\n<p>Ora gli ultimi giorni di preparazione lungo le strade friulane, in attesa della partenza di venerd\u00ec 13 aprile. Gli amici e i simpatizzanti che vorranno assistere allo start, potranno presentarsi in piazza a Ruda gi\u00e0 a partire dalle ore 23.30 dove Mauro Buoro completer\u00e0 gli ultimi preparativi prima del via.<\/p>\n","protected":false},"excerpt":{"rendered":"<p>La partenza venerd\u00ec 13 aprile<\/p>\n","protected":false},"author":28,"featured_media":26424,"comment_status":"closed","ping_status":"closed","sticky":false,"template":"","format":"standard","meta":{"dwc-title":[],"dwc-content":[],"footnotes":""},"categories":[38],"tags":[],"class_list":["post-26423","post","type-post","status-publish","format-standard","has-post-thumbnail","hentry","category-sport"],"rttpg_featured_image_url":{"full":["https:\/\/imagazine.it\/wp-content\/uploads\/2024\/01\/24752-1.webp",750,521,false],"landscape":["https:\/\/imagazine.it\/wp-content\/uploads\/2024\/01\/24752-1.webp",750,521,false],"portraits":["https:\/\/imagazine.it\/wp-content\/uploads\/2024\/01\/24752-1.webp",750,521,false],"thumbnail":["https:\/\/imagazine.it\/wp-content\/uploads\/2024\/01\/24752-1-150x150.webp",150,150,true],"medium":["https:\/\/imagazine.it\/wp-content\/uploads\/2024\/01\/24752-1-300x208.webp",300,208,true],"large":["https:\/\/imagazine.it\/wp-content\/uploads\/2024\/01\/24752-1.webp",640,445,false],"thumblist":["https:\/\/imagazine.it\/wp-content\/uploads\/2024\/01\/24752-1.webp",300,208,false],"thumbrelated":["https:\/\/imagazine.it\/wp-content\/uploads\/2024\/01\/24752-1.webp",500,347,false],"meccarouselthumb":["https:\/\/imagazine.it\/wp-content\/uploads\/2024\/01\/24752-1.webp",466,324,false],"gridsquare":["https:\/\/imagazine.it\/wp-content\/uploads\/2024\/01\/24752-1.webp",374,260,false],"tileview":["https:\/\/imagazine.it\/wp-content\/uploads\/2024\/01\/24752-1.webp",300,208,false],"1536x1536":["https:\/\/imagazine.it\/wp-content\/uploads\/2024\/01\/24752-1.webp",750,521,false],"2048x2048":["https:\/\/imagazine.it\/wp-content\/uploads\/2024\/01\/24752-1.webp",750,521,false],"newsup-slider-full":["https:\/\/imagazine.it\/wp-content\/uploads\/2024\/01\/24752-1.webp",750,521,false],"newsup-featured":["https:\/\/imagazine.it\/wp-content\/uploads\/2024\/01\/24752-1.webp",750,521,false],"newsup-medium":["https:\/\/imagazine.it\/wp-content\/uploads\/2024\/01\/24752-1-720x380.webp",720,380,true],"tptn_thumbnail":["https:\/\/imagazine.it\/wp-content\/uploads\/2024\/01\/24752-1.webp",250,174,false],"sow-carousel-default":["https:\/\/imagazine.it\/wp-content\/uploads\/2024\/01\/24752-1-272x182.webp",272,182,true]},"rttpg_author":{"display_name":"redazione","author_link":"https:\/\/imagazine.it\/home_desk\/author\/redazione\/"},"rttpg_comment":0,"rttpg_category":"<a href=\"https:\/\/imagazine.it\/home_desk\/category\/sport\/\" rel=\"category tag\">SPORT<\/a>","rttpg_excerpt":"La partenza venerd\u00ec 13 aprile","_links":{"self":[{"href":"https:\/\/imagazine.it\/home_desk\/wp-json\/wp\/v2\/posts\/26423","targetHints":{"allow":["GET"]}}],"collection":[{"href":"https:\/\/imagazine.it\/home_desk\/wp-json\/wp\/v2\/posts"}],"about":[{"href":"https:\/\/imagazine.it\/home_desk\/wp-json\/wp\/v2\/types\/post"}],"author":[{"embeddable":true,"href":"https:\/\/imagazine.it\/home_desk\/wp-json\/wp\/v2\/users\/28"}],"replies":[{"embeddable":true,"href":"https:\/\/imagazine.it\/home_desk\/wp-json\/wp\/v2\/comments?post=26423"}],"version-history":[{"count":0,"href":"https:\/\/imagazine.it\/home_desk\/wp-json\/wp\/v2\/posts\/26423\/revisions"}],"wp:featuredmedia":[{"embeddable":true,"href":"https:\/\/imagazine.it\/home_desk\/wp-json\/wp\/v2\/media\/26424"}],"wp:attachment":[{"href":"https:\/\/imagazine.it\/home_desk\/wp-json\/wp\/v2\/media?parent=26423"}],"wp:term":[{"taxonomy":"category","embeddable":true,"href":"https:\/\/imagazine.it\/home_desk\/wp-json\/wp\/v2\/categories?post=26423"},{"taxonomy":"post_tag","embeddable":true,"href":"https:\/\/imagazine.it\/home_desk\/wp-json\/wp\/v2\/tags?post=26423"}],"curies":[{"name":"wp","href":"https:\/\/api.w.org\/{rel}","templated":true}]}}