{"id":26421,"date":"2018-04-06T00:00:00","date_gmt":"2018-04-05T23:00:00","guid":{"rendered":"https:\/\/imagazine.it\/?p=26421"},"modified":"2018-04-06T00:00:00","modified_gmt":"2018-04-05T23:00:00","slug":"ciclismo-il-giro-ditalia-si-affida-alla-motostaffetta-friulana","status":"publish","type":"post","link":"https:\/\/imagazine.it\/home_desk\/ciclismo-il-giro-ditalia-si-affida-alla-motostaffetta-friulana\/","title":{"rendered":"Ciclismo, il Giro d&#8217;Italia si affida alla Motostaffetta Friulana"},"content":{"rendered":"<p>Un&#39;altra gemma della nostra regione impreziosir\u00e0, il prossimo 19 maggio, la tappa del Giro d\u2019Italia con arrivo sul monte Zoncolan.<\/p>\n<p>\u201cRCS ha affidato ai soci della Motostaffetta Friulana il trasporto, in esclusiva, dei meccanici, lungo l\u2019erta del Kaiser; un impegno da far tremare i polsi. Facile immaginare infatti che in tale occasione non si potr\u00e0 sbagliare: abbiamo ancora negli occhi la moto RAI in fumo nella tappa del 2011\u201d, afferma <strong>Daniele Decorte<\/strong>, presidente della Motostaffetta Friulana.<\/p>\n<p>\u201cGrazie ai buoni uffici di Enzo Cainero, quando il Giro d\u2019Italia affronta lo Zoncolan dal versante di Ovaro, RCS si avvale dei servizi della Motostaffetta Friulana, ma quest\u2019anno la richiesta \u00e8 stata particolarmente impegnativa; 23 sono stati i motociclisti richiesti in appoggio all\u2019organizzazione monstre, retta da Mauro Vegni\u201d, anticipa <strong>Federico Ruzzier<\/strong>, socio della Motostaffetta Friulana.<\/p>\n<p>\u201cPer garantire un servizio ad alto livello si render\u00e0 necessario l\u2019impiego di attrezzature e personale di prim\u2019ordine (motocicli, apparati radio, equipaggiamento tecnico, esperienza, professionalit\u00e0) e tra poco partiranno le simulazioni dei piloti, lungo l\u2019ascesa\u201d, confida <strong>Silvio Rinaldi<\/strong> componente la Motostaffetta Friulana.<\/p>\n<p>\u201cA causa delle forti pendenze raggiunte dalla montagna carnica (toccano il 22%) \u2013 precisa un altro socio, <strong>Dino Dell\u2019Oste <\/strong>\u2013 \u00a0le ammiraglie saranno fermate ai piedi della salita e qui entreremo in campo noi, le moto sostituiranno le vetture lungo il budello dello Zoncolan, si potr\u00e0 assistere a un vero pit-stop, con il personale tecnico che scender\u00e0 dalle auto, indosser\u00e0 il casco e salir\u00e0 a bordo delle motociclette con una bicicletta in spalla; qui si dovr\u00e0 dimostrare tutta la professionalit\u00e0 dei piloti, i quali dovranno destreggiarsi tra spazi ridotti, pendenze aspre, tifosi infervorati. Velocit\u00e0 a rischio stallo metteranno l\u2019affidabilit\u00e0 dei mezzi a dura prova\u201d.<\/p>\n<p>Tutti i componenti coglieranno l\u2019occasione per ricordare <strong>Roberto Moimas<\/strong>, il socio della Motostaffetta Friulana prematuramente scomparso nel mese di gennaio. Fu proprio lui a scortare nel 2011 in vetta al Kaiser il vincitore <strong>Igor Anton<\/strong>.<\/p>\n","protected":false},"excerpt":{"rendered":"<p>Nella tappa del 19 maggio<\/p>\n","protected":false},"author":28,"featured_media":26422,"comment_status":"closed","ping_status":"closed","sticky":false,"template":"","format":"standard","meta":{"dwc-title":[],"dwc-content":[],"footnotes":""},"categories":[38],"tags":[],"class_list":["post-26421","post","type-post","status-publish","format-standard","has-post-thumbnail","hentry","category-sport"],"rttpg_featured_image_url":{"full":["https:\/\/imagazine.it\/wp-content\/uploads\/2024\/01\/24751-1.webp",750,500,false],"landscape":["https:\/\/imagazine.it\/wp-content\/uploads\/2024\/01\/24751-1.webp",750,500,false],"portraits":["https:\/\/imagazine.it\/wp-content\/uploads\/2024\/01\/24751-1.webp",750,500,false],"thumbnail":["https:\/\/imagazine.it\/wp-content\/uploads\/2024\/01\/24751-1-150x150.webp",150,150,true],"medium":["https:\/\/imagazine.it\/wp-content\/uploads\/2024\/01\/24751-1-300x200.webp",300,200,true],"large":["https:\/\/imagazine.it\/wp-content\/uploads\/2024\/01\/24751-1.webp",640,427,false],"thumblist":["https:\/\/imagazine.it\/wp-content\/uploads\/2024\/01\/24751-1.webp",300,200,false],"thumbrelated":["https:\/\/imagazine.it\/wp-content\/uploads\/2024\/01\/24751-1.webp",500,333,false],"meccarouselthumb":["https:\/\/imagazine.it\/wp-content\/uploads\/2024\/01\/24751-1.webp",474,316,false],"gridsquare":["https:\/\/imagazine.it\/wp-content\/uploads\/2024\/01\/24751-1.webp",391,260,false],"tileview":["https:\/\/imagazine.it\/wp-content\/uploads\/2024\/01\/24751-1.webp",300,200,false],"1536x1536":["https:\/\/imagazine.it\/wp-content\/uploads\/2024\/01\/24751-1.webp",750,500,false],"2048x2048":["https:\/\/imagazine.it\/wp-content\/uploads\/2024\/01\/24751-1.webp",750,500,false],"newsup-slider-full":["https:\/\/imagazine.it\/wp-content\/uploads\/2024\/01\/24751-1.webp",750,500,false],"newsup-featured":["https:\/\/imagazine.it\/wp-content\/uploads\/2024\/01\/24751-1.webp",750,500,false],"newsup-medium":["https:\/\/imagazine.it\/wp-content\/uploads\/2024\/01\/24751-1-720x380.webp",720,380,true],"tptn_thumbnail":["https:\/\/imagazine.it\/wp-content\/uploads\/2024\/01\/24751-1.webp",250,167,false],"sow-carousel-default":["https:\/\/imagazine.it\/wp-content\/uploads\/2024\/01\/24751-1-272x182.webp",272,182,true]},"rttpg_author":{"display_name":"redazione","author_link":"https:\/\/imagazine.it\/home_desk\/author\/redazione\/"},"rttpg_comment":0,"rttpg_category":"<a href=\"https:\/\/imagazine.it\/home_desk\/category\/sport\/\" rel=\"category tag\">SPORT<\/a>","rttpg_excerpt":"Nella tappa del 19 maggio","_links":{"self":[{"href":"https:\/\/imagazine.it\/home_desk\/wp-json\/wp\/v2\/posts\/26421","targetHints":{"allow":["GET"]}}],"collection":[{"href":"https:\/\/imagazine.it\/home_desk\/wp-json\/wp\/v2\/posts"}],"about":[{"href":"https:\/\/imagazine.it\/home_desk\/wp-json\/wp\/v2\/types\/post"}],"author":[{"embeddable":true,"href":"https:\/\/imagazine.it\/home_desk\/wp-json\/wp\/v2\/users\/28"}],"replies":[{"embeddable":true,"href":"https:\/\/imagazine.it\/home_desk\/wp-json\/wp\/v2\/comments?post=26421"}],"version-history":[{"count":0,"href":"https:\/\/imagazine.it\/home_desk\/wp-json\/wp\/v2\/posts\/26421\/revisions"}],"wp:featuredmedia":[{"embeddable":true,"href":"https:\/\/imagazine.it\/home_desk\/wp-json\/wp\/v2\/media\/26422"}],"wp:attachment":[{"href":"https:\/\/imagazine.it\/home_desk\/wp-json\/wp\/v2\/media?parent=26421"}],"wp:term":[{"taxonomy":"category","embeddable":true,"href":"https:\/\/imagazine.it\/home_desk\/wp-json\/wp\/v2\/categories?post=26421"},{"taxonomy":"post_tag","embeddable":true,"href":"https:\/\/imagazine.it\/home_desk\/wp-json\/wp\/v2\/tags?post=26421"}],"curies":[{"name":"wp","href":"https:\/\/api.w.org\/{rel}","templated":true}]}}