{"id":26385,"date":"2018-03-30T00:00:00","date_gmt":"2018-03-29T23:00:00","guid":{"rendered":"https:\/\/imagazine.it\/?p=26385"},"modified":"2018-03-30T00:00:00","modified_gmt":"2018-03-29T23:00:00","slug":"pordenone-sigillo-della-citta-ad-alfred-brendel","status":"publish","type":"post","link":"https:\/\/imagazine.it\/home_desk\/pordenone-sigillo-della-citta-ad-alfred-brendel\/","title":{"rendered":"Pordenone, Sigillo della Citt\u00e0 ad Alfred Brendel"},"content":{"rendered":"<p>A Pordenone \u00e8 il momento di <strong>Alfred Brendel<\/strong>, uno dei pi\u00f9 grandi pianisti di sempre, figura di assoluto rilievo e riferimento nel panorama musicale mondiale del XX secolo, <strong>vincitore quest\u2019anno del \u201cPremio Pordenone Musica\u201d<\/strong>, istituito dal Teatro Comunale Giuseppe Verdi di Pordenone, in collaborazione con il Comune, come riconoscimento a musicisti, didatti e musicologi che dedicano la loro arte e attivit\u00e0 alle nuove generazioni, coltivandone il talento.<\/p>\n<p>Ad <strong>Alfred Brendel<\/strong>, insignito di prestigiosi riconoscimenti internazionali (dall&#39;Honorary Membership della Vienna Philharmonic Orchestra alle lauree ad honorem di molte universit\u00e0 tra cui Oxford e Yale), \u00e8 <strong>stato consegnato in Municipio il Sigillo della Citt\u00e0<\/strong> alla presenza del sindaco di Pordenone <strong>Alessandro Ciriani<\/strong>, del presidente del Teatro Verdi <strong>Giovanni Lessio<\/strong> e del direttore musicale del Teatro Maurizio Baglini.<\/p>\n<p>Proprio in questa occasione pubblica, <strong>Brendel ha svelato le sue lontane origini friulane<\/strong> \u00abnon conosco la localit\u00e0 esatta d\u2019origine di mia nonna, ma so per certo che la sua famiglia proveniva dal Friuli: scaver\u00f2 meglio per risalire alla provenienza precisa che mi lega a queste terre\u00bb.<\/p>\n<p>Dopo l\u2019addio ufficiale alle scene nel dicembre 2008, Brendel ha intrapreso un\u2019attivit\u00e0 di didatta, adesso concentrata soprattutto sul suo allievo prediletto, stella nascente del pianismo internazionale, l\u2019italiano <strong>Filippo Gorini<\/strong>.<\/p>\n","protected":false},"excerpt":{"rendered":"<p>Consegna in municipio<\/p>\n","protected":false},"author":28,"featured_media":26386,"comment_status":"closed","ping_status":"closed","sticky":false,"template":"","format":"standard","meta":{"dwc-title":[],"dwc-content":[],"footnotes":""},"categories":[37],"tags":[],"class_list":["post-26385","post","type-post","status-publish","format-standard","has-post-thumbnail","hentry","category-cultura-e-spettacolo"],"rttpg_featured_image_url":{"full":["https:\/\/imagazine.it\/wp-content\/uploads\/2024\/01\/24698-1.webp",750,497,false],"landscape":["https:\/\/imagazine.it\/wp-content\/uploads\/2024\/01\/24698-1.webp",750,497,false],"portraits":["https:\/\/imagazine.it\/wp-content\/uploads\/2024\/01\/24698-1.webp",750,497,false],"thumbnail":["https:\/\/imagazine.it\/wp-content\/uploads\/2024\/01\/24698-1-150x150.webp",150,150,true],"medium":["https:\/\/imagazine.it\/wp-content\/uploads\/2024\/01\/24698-1-300x199.webp",300,199,true],"large":["https:\/\/imagazine.it\/wp-content\/uploads\/2024\/01\/24698-1.webp",640,424,false],"thumblist":["https:\/\/imagazine.it\/wp-content\/uploads\/2024\/01\/24698-1.webp",300,199,false],"thumbrelated":["https:\/\/imagazine.it\/wp-content\/uploads\/2024\/01\/24698-1.webp",500,331,false],"meccarouselthumb":["https:\/\/imagazine.it\/wp-content\/uploads\/2024\/01\/24698-1.webp",474,314,false],"gridsquare":["https:\/\/imagazine.it\/wp-content\/uploads\/2024\/01\/24698-1.webp",391,260,false],"tileview":["https:\/\/imagazine.it\/wp-content\/uploads\/2024\/01\/24698-1.webp",300,199,false],"1536x1536":["https:\/\/imagazine.it\/wp-content\/uploads\/2024\/01\/24698-1.webp",750,497,false],"2048x2048":["https:\/\/imagazine.it\/wp-content\/uploads\/2024\/01\/24698-1.webp",750,497,false],"newsup-slider-full":["https:\/\/imagazine.it\/wp-content\/uploads\/2024\/01\/24698-1.webp",750,497,false],"newsup-featured":["https:\/\/imagazine.it\/wp-content\/uploads\/2024\/01\/24698-1.webp",750,497,false],"newsup-medium":["https:\/\/imagazine.it\/wp-content\/uploads\/2024\/01\/24698-1-720x380.webp",720,380,true],"tptn_thumbnail":["https:\/\/imagazine.it\/wp-content\/uploads\/2024\/01\/24698-1.webp",250,166,false],"sow-carousel-default":["https:\/\/imagazine.it\/wp-content\/uploads\/2024\/01\/24698-1-272x182.webp",272,182,true]},"rttpg_author":{"display_name":"redazione","author_link":"https:\/\/imagazine.it\/home_desk\/author\/redazione\/"},"rttpg_comment":0,"rttpg_category":"<a href=\"https:\/\/imagazine.it\/home_desk\/category\/cultura-e-spettacolo\/\" rel=\"category tag\">CULTURA&amp;SPETTACOLO<\/a>","rttpg_excerpt":"Consegna in municipio","_links":{"self":[{"href":"https:\/\/imagazine.it\/home_desk\/wp-json\/wp\/v2\/posts\/26385","targetHints":{"allow":["GET"]}}],"collection":[{"href":"https:\/\/imagazine.it\/home_desk\/wp-json\/wp\/v2\/posts"}],"about":[{"href":"https:\/\/imagazine.it\/home_desk\/wp-json\/wp\/v2\/types\/post"}],"author":[{"embeddable":true,"href":"https:\/\/imagazine.it\/home_desk\/wp-json\/wp\/v2\/users\/28"}],"replies":[{"embeddable":true,"href":"https:\/\/imagazine.it\/home_desk\/wp-json\/wp\/v2\/comments?post=26385"}],"version-history":[{"count":0,"href":"https:\/\/imagazine.it\/home_desk\/wp-json\/wp\/v2\/posts\/26385\/revisions"}],"wp:featuredmedia":[{"embeddable":true,"href":"https:\/\/imagazine.it\/home_desk\/wp-json\/wp\/v2\/media\/26386"}],"wp:attachment":[{"href":"https:\/\/imagazine.it\/home_desk\/wp-json\/wp\/v2\/media?parent=26385"}],"wp:term":[{"taxonomy":"category","embeddable":true,"href":"https:\/\/imagazine.it\/home_desk\/wp-json\/wp\/v2\/categories?post=26385"},{"taxonomy":"post_tag","embeddable":true,"href":"https:\/\/imagazine.it\/home_desk\/wp-json\/wp\/v2\/tags?post=26385"}],"curies":[{"name":"wp","href":"https:\/\/api.w.org\/{rel}","templated":true}]}}