{"id":26375,"date":"2018-03-29T00:00:00","date_gmt":"2018-03-28T23:00:00","guid":{"rendered":"https:\/\/imagazine.it\/?p=26375"},"modified":"2018-03-29T00:00:00","modified_gmt":"2018-03-28T23:00:00","slug":"trieste-un-centro-deccellenza-per-studiare-linvecchiamento","status":"publish","type":"post","link":"https:\/\/imagazine.it\/home_desk\/trieste-un-centro-deccellenza-per-studiare-linvecchiamento\/","title":{"rendered":"Trieste, un  centro d&#8217;eccellenza per studiare l&#8217;invecchiamento"},"content":{"rendered":"<p>Trieste ha un nuovo <em>\u201cCentro di eccellenza per lo studio degli aspetti cognitivi e psicosociali dell&#39;invecchiamento\u201d<\/em> diurno, inaugurato nella rinnovata sede del Padiglione Ralli nel Parco culturale di San Giovanni.<\/p>\n<p>L&#39;avvio dell&#39;attivit\u00e0 sar\u00e0 graduale. Il primo passo \u00e8 costituito dall&#39;apertura del centro diurno, con l&#39;inserimento dei primi utenti, a decorrere dal 4 giugno, con orario 8.30-14.30. Il Centro, disposto su due piani, offre ambienti dotati di cucina e arredi moderni ed \u00e8 in grado di ospitare una quindicina di utenti. Il personale impegnato nell&#39;attivit\u00e0 sar\u00e0 formato da operatori comunali.<\/p>\n<p>Nel frattempo saranno organizzato incontri informativi specifici e di carattere scientifico. Successivamente, si prevede di prolungare l&#39;apertura fino alle 17.30 e di incrementare le disponibilit\u00e0 di posti, con la possibilit\u00e0, eventualmente, di disporre di un servizio di trasporto.<\/p>\n<p>I primi utenti saranno individuati da una \u00e9quipe multidisciplinare formata da tecnici comunali e dell&#39;ASUITs, in connessione con l&#39;associazione de Banfield che si occupa istituzionalmente dei caregiver (coloro che si prendono cura dei pazienti), in base a determinati criteri di accesso (situazione economica, rete familiare, quadro clinico dell&#39;utente\u2026).<\/p>\n<p>\u00a0Accanto al \u201cPadiglione Ralli\u201d, di via Ralli 2, si trova la struttura residenziale \u201cE. Gregoretti\u201d, con la quale potranno attivarsi collaborazioni e interazioni anche grazie a un collegamento interno.<\/p>\n<p>Per consentire alla popolazione interessata di conoscere <em>de visu<\/em> la struttura, nei mesi di aprile e maggio saranno promossi alcuni incontri divulgativi. Le attivit\u00e0 di ricerca e studio a cura della Sissa e dell&#39;Universit\u00e0 di Trieste potranno iniziare nel padiglione a partire da settembre\/ottobre.<\/p>\n<p>La ristrutturazione dell&#39;edificio, a cura del Comune di Trieste (progettista l&#39;arch. <strong>Enzo Angiolini<\/strong>, direttore lavori l&#39;arch. <strong>Sergio Russignan<\/strong> dell&#39;Ufficio tecnico del Comune di Trieste, esecuzione lavori da parte della ditta Giannino Di Betta s.r.l. di Nimis), conclusasi nel 2016 dopo circa quattro anni di lavori, \u00e8 stata quasi interamente finanziata dalla Regione FVG, per un costo totale di circa 4 milioni di euro.<\/p>\n<p>Al taglio del nastro sono intervenuti i rappresentanti dei soggetti coinvolti nella realizzazione: per il l&#39;assessore alle Politiche Sociali del Comune di Trieste, il direttore dell&#39;Uti <strong>Mauro Silla<\/strong> e il direttore del Servizio Strutture Interventi per Disabilit\u00e0 Casa Inserimento lavorativo Accoglienza, <strong>Luigi Leonardi<\/strong> con il funzionario <strong>Anna Galopin<\/strong>, per l&#39;AsuiTs\u00a0 <strong>Flavio Paoletti<\/strong>, per la Sissa <strong>Marilena Aiello<\/strong>, per l&#39;Universit\u00e0 di Trieste <strong>Fabio Del Missier<\/strong>, per l&#39;Associazione de Banfield <strong>Giovanna Pacco<\/strong>. Presenti anche i rappresentanti dei Comuni dell&#39;UTI giuliana, tra cui Muggia e Duino-Aurisina.<\/p>\n","protected":false},"excerpt":{"rendered":"<p>Inaugurato nel Parco di San Giovanni<\/p>\n","protected":false},"author":28,"featured_media":26376,"comment_status":"closed","ping_status":"closed","sticky":false,"template":"","format":"standard","meta":{"dwc-title":[],"dwc-content":[],"footnotes":""},"categories":[5],"tags":[],"class_list":["post-26375","post","type-post","status-publish","format-standard","has-post-thumbnail","hentry","category-attualita"],"rttpg_featured_image_url":{"full":["https:\/\/imagazine.it\/wp-content\/uploads\/2024\/01\/24687-1.webp",750,500,false],"landscape":["https:\/\/imagazine.it\/wp-content\/uploads\/2024\/01\/24687-1.webp",750,500,false],"portraits":["https:\/\/imagazine.it\/wp-content\/uploads\/2024\/01\/24687-1.webp",750,500,false],"thumbnail":["https:\/\/imagazine.it\/wp-content\/uploads\/2024\/01\/24687-1-150x150.webp",150,150,true],"medium":["https:\/\/imagazine.it\/wp-content\/uploads\/2024\/01\/24687-1-300x200.webp",300,200,true],"large":["https:\/\/imagazine.it\/wp-content\/uploads\/2024\/01\/24687-1.webp",640,427,false],"thumblist":["https:\/\/imagazine.it\/wp-content\/uploads\/2024\/01\/24687-1.webp",300,200,false],"thumbrelated":["https:\/\/imagazine.it\/wp-content\/uploads\/2024\/01\/24687-1.webp",500,333,false],"meccarouselthumb":["https:\/\/imagazine.it\/wp-content\/uploads\/2024\/01\/24687-1.webp",474,316,false],"gridsquare":["https:\/\/imagazine.it\/wp-content\/uploads\/2024\/01\/24687-1.webp",391,260,false],"tileview":["https:\/\/imagazine.it\/wp-content\/uploads\/2024\/01\/24687-1.webp",300,200,false],"1536x1536":["https:\/\/imagazine.it\/wp-content\/uploads\/2024\/01\/24687-1.webp",750,500,false],"2048x2048":["https:\/\/imagazine.it\/wp-content\/uploads\/2024\/01\/24687-1.webp",750,500,false],"newsup-slider-full":["https:\/\/imagazine.it\/wp-content\/uploads\/2024\/01\/24687-1.webp",750,500,false],"newsup-featured":["https:\/\/imagazine.it\/wp-content\/uploads\/2024\/01\/24687-1.webp",750,500,false],"newsup-medium":["https:\/\/imagazine.it\/wp-content\/uploads\/2024\/01\/24687-1-720x380.webp",720,380,true],"tptn_thumbnail":["https:\/\/imagazine.it\/wp-content\/uploads\/2024\/01\/24687-1.webp",250,167,false],"sow-carousel-default":["https:\/\/imagazine.it\/wp-content\/uploads\/2024\/01\/24687-1-272x182.webp",272,182,true]},"rttpg_author":{"display_name":"redazione","author_link":"https:\/\/imagazine.it\/home_desk\/author\/redazione\/"},"rttpg_comment":0,"rttpg_category":"<a href=\"https:\/\/imagazine.it\/home_desk\/category\/attualita\/\" rel=\"category tag\">ATTUALIT\u00c0<\/a>","rttpg_excerpt":"Inaugurato nel Parco di San Giovanni","_links":{"self":[{"href":"https:\/\/imagazine.it\/home_desk\/wp-json\/wp\/v2\/posts\/26375","targetHints":{"allow":["GET"]}}],"collection":[{"href":"https:\/\/imagazine.it\/home_desk\/wp-json\/wp\/v2\/posts"}],"about":[{"href":"https:\/\/imagazine.it\/home_desk\/wp-json\/wp\/v2\/types\/post"}],"author":[{"embeddable":true,"href":"https:\/\/imagazine.it\/home_desk\/wp-json\/wp\/v2\/users\/28"}],"replies":[{"embeddable":true,"href":"https:\/\/imagazine.it\/home_desk\/wp-json\/wp\/v2\/comments?post=26375"}],"version-history":[{"count":0,"href":"https:\/\/imagazine.it\/home_desk\/wp-json\/wp\/v2\/posts\/26375\/revisions"}],"wp:featuredmedia":[{"embeddable":true,"href":"https:\/\/imagazine.it\/home_desk\/wp-json\/wp\/v2\/media\/26376"}],"wp:attachment":[{"href":"https:\/\/imagazine.it\/home_desk\/wp-json\/wp\/v2\/media?parent=26375"}],"wp:term":[{"taxonomy":"category","embeddable":true,"href":"https:\/\/imagazine.it\/home_desk\/wp-json\/wp\/v2\/categories?post=26375"},{"taxonomy":"post_tag","embeddable":true,"href":"https:\/\/imagazine.it\/home_desk\/wp-json\/wp\/v2\/tags?post=26375"}],"curies":[{"name":"wp","href":"https:\/\/api.w.org\/{rel}","templated":true}]}}