{"id":26367,"date":"2018-03-28T00:00:00","date_gmt":"2018-03-27T23:00:00","guid":{"rendered":"https:\/\/imagazine.it\/?p=26367"},"modified":"2018-03-28T00:00:00","modified_gmt":"2018-03-27T23:00:00","slug":"udine-ottawa-prime-lauree-magistrali-internazionali","status":"publish","type":"post","link":"https:\/\/imagazine.it\/home_desk\/udine-ottawa-prime-lauree-magistrali-internazionali\/","title":{"rendered":"Udine-Ottawa, prime lauree magistrali internazionali"},"content":{"rendered":"<p>Con le prime lauree magistrali internazionali di <strong>Eliana Fortunato<\/strong> e <strong>Katarina Ghdaye<\/strong>, si \u00e8 concluso con successo il percorso di istituzione e implementazione del \u201cDouble Degree Master of Arts in World Literatures and Cultures\u201d dell\u2019Universit\u00e0 di Ottawa e Laurea magistrale in Lingue e letterature europee ed extra-europee dell\u2019Universit\u00e0 di Udine.<\/p>\n<p>L\u2019iniziativa \u00e8 partita durante una visita in Canada della ex rettrice <strong>Cristiana Compagno<\/strong>, accompagnata dalla referente per il Canada, <strong>Anna Pia De Luca<\/strong>, componente dell\u2019anglistica canadese nell\u2019allora Facolt\u00e0 di Lingue e Letterature Straniere, che, fino al suo pensionamento, ha attivato e coordinato i contatti e gli scambi con molte universit\u00e0 canadesi.<\/p>\n<p><strong>Antonella Riem<\/strong>, gi\u00e0 preside della Facolt\u00e0 di Lingue e letterature straniere dell\u2019ateneo friulano quando vennero avviati i lavori per il doppio titolo e Delegata d\u2019area per l\u2019Internazionalizzazione quando, nel giugno 2014, venne siglato l\u2019accordo dal nuovo rettore dell\u2019Universit\u00e0 di Udine Alberto De Toni e Jacques Fr\u00e9mont, presidente e vice-chancellor dell\u2019Universit\u00e0 di Ottawa, si \u00e8 detta molto felice di questo risultato. \u00abRingrazio quanti hanno lavorato negli anni per ottenere questo risultato e sciogliere le complessit\u00e0 didattiche, organizzative e logistiche che di volta in volta si sono presentate. In primis chi ha \u2018iniziato l\u2019opera\u2019 \u2013 ha spiegato \u2013 ovvero le professoresse Compagno e De Luca, e chi l\u2019ha seguita nelle fasi successive, la docente Alessandra Ferraro, ora referente del doppio titolo per Udine, e la professoressa Cristina Perissinotto referente di Ottawa\u00bb. Un ringraziamento particolare \u00e8 rivolto anche a Manuela Croatto, capoarea dei Servizi agli studenti, e a Sonia Bosero dell\u2019Ufficio Mobilit\u00e0 Internazionale.<\/p>\n<p>\u00abSi tratta \u2013 ha commentato ancora Riem, oggi direttrice del Dipartimento di Lingue e letterature, comunicazione, formazione e societ\u00e0, in cui ha sede il doppio titolo \u2013 di un risultato notevole per i corsi di lingue e letterature straniere della nostra Universit\u00e0, che ci vede \u2018uniti\u2019 a una delle pi\u00f9 grandi e prestigiose universit\u00e0 canadesi in un percorso innovativo che mette le letterature al centro di una formazione di alto livello internazionale\u00bb. Riem e l\u2019ateneo friulano hanno espresso vive congratulazioni e i migliori auspici a Eliana Fortunato di Uniud, giunta in Friuli da un\u2019altra sede italiana (Chieti, Abruzzo) proprio per seguire questo corso, e Katarina Ghdaye, studentessa di Ottawa, \u00abche hanno perseguito con tenacia, competenza e ottimi risultati questo loro obiettivo\u00bb, aggiunge la Delegata d\u2019area per l\u2019Internazionalizzazione.<\/p>\n<p>\u00abEssendo canadese \u2013 ha commentato Katarina Ghdaye \u2013 \u00e8 stato per me un grande piacere laurearmi in Italia e in Canada, ottenendo una preparazione vasta, attraverso due corsi di laurea multidisciplinari\u00bb. Con tesi scritta in lingua inglese, la neodottoressa ha perfezionato l\u2019inglese e il francese in Canada, l\u2019italiano a Udine. \u00abPer me un\u2019esperienza di vita impegnativa, ma molto appagante \u2013 ha detto Eliana Fortunato \u2013, che mi ha dato molte soddisfazioni e che si spera le dia anche in futuro, grazie alle solide competenze acquisite attraverso questo percorso sia per la lingua francese, sia per l\u2019inglese\u00bb.<\/p>\n<p>\u00abQuesto double degree con il Canada \u2013 ha affermato il rettore De Toni \u2013 \u00e8 uno dei tasselli di una politica di internazionalizzazione che vogliamo spingere anche in altre aree extraeuropee. Ci rende particolarmente orgogliosi \u2013 ha aggiunto \u2013 perch\u00e9 un percorso formativo di questo genere \u00e8 un unicum in regione e anche nel Nordest. \u00c8 il frutto di un lungo iter preparatorio, partito dalle docenti De Luca e Ferraro, poi sviluppato dalla rettrice che mi ha preceduto e dalla professoressa Riem. Il risultato di un grande e intenso lavoro di squadra di questo ateneo, che \u00e8 stata portato avanti nel corso degli anni\u00bb.<\/p>\n","protected":false},"excerpt":{"rendered":"<p>Consegnate nel capoluogo friulano<\/p>\n","protected":false},"author":28,"featured_media":26368,"comment_status":"closed","ping_status":"closed","sticky":false,"template":"","format":"standard","meta":{"dwc-title":[],"dwc-content":[],"footnotes":""},"categories":[5],"tags":[],"class_list":["post-26367","post","type-post","status-publish","format-standard","has-post-thumbnail","hentry","category-attualita"],"rttpg_featured_image_url":{"full":["https:\/\/imagazine.it\/wp-content\/uploads\/2024\/01\/24667-1.webp",750,500,false],"landscape":["https:\/\/imagazine.it\/wp-content\/uploads\/2024\/01\/24667-1.webp",750,500,false],"portraits":["https:\/\/imagazine.it\/wp-content\/uploads\/2024\/01\/24667-1.webp",750,500,false],"thumbnail":["https:\/\/imagazine.it\/wp-content\/uploads\/2024\/01\/24667-1-150x150.webp",150,150,true],"medium":["https:\/\/imagazine.it\/wp-content\/uploads\/2024\/01\/24667-1-300x200.webp",300,200,true],"large":["https:\/\/imagazine.it\/wp-content\/uploads\/2024\/01\/24667-1.webp",640,427,false],"thumblist":["https:\/\/imagazine.it\/wp-content\/uploads\/2024\/01\/24667-1.webp",300,200,false],"thumbrelated":["https:\/\/imagazine.it\/wp-content\/uploads\/2024\/01\/24667-1.webp",500,333,false],"meccarouselthumb":["https:\/\/imagazine.it\/wp-content\/uploads\/2024\/01\/24667-1.webp",474,316,false],"gridsquare":["https:\/\/imagazine.it\/wp-content\/uploads\/2024\/01\/24667-1.webp",391,260,false],"tileview":["https:\/\/imagazine.it\/wp-content\/uploads\/2024\/01\/24667-1.webp",300,200,false],"1536x1536":["https:\/\/imagazine.it\/wp-content\/uploads\/2024\/01\/24667-1.webp",750,500,false],"2048x2048":["https:\/\/imagazine.it\/wp-content\/uploads\/2024\/01\/24667-1.webp",750,500,false],"newsup-slider-full":["https:\/\/imagazine.it\/wp-content\/uploads\/2024\/01\/24667-1.webp",750,500,false],"newsup-featured":["https:\/\/imagazine.it\/wp-content\/uploads\/2024\/01\/24667-1.webp",750,500,false],"newsup-medium":["https:\/\/imagazine.it\/wp-content\/uploads\/2024\/01\/24667-1-720x380.webp",720,380,true],"tptn_thumbnail":["https:\/\/imagazine.it\/wp-content\/uploads\/2024\/01\/24667-1.webp",250,167,false],"sow-carousel-default":["https:\/\/imagazine.it\/wp-content\/uploads\/2024\/01\/24667-1-272x182.webp",272,182,true]},"rttpg_author":{"display_name":"redazione","author_link":"https:\/\/imagazine.it\/home_desk\/author\/redazione\/"},"rttpg_comment":0,"rttpg_category":"<a href=\"https:\/\/imagazine.it\/home_desk\/category\/attualita\/\" rel=\"category tag\">ATTUALIT\u00c0<\/a>","rttpg_excerpt":"Consegnate nel capoluogo friulano","_links":{"self":[{"href":"https:\/\/imagazine.it\/home_desk\/wp-json\/wp\/v2\/posts\/26367","targetHints":{"allow":["GET"]}}],"collection":[{"href":"https:\/\/imagazine.it\/home_desk\/wp-json\/wp\/v2\/posts"}],"about":[{"href":"https:\/\/imagazine.it\/home_desk\/wp-json\/wp\/v2\/types\/post"}],"author":[{"embeddable":true,"href":"https:\/\/imagazine.it\/home_desk\/wp-json\/wp\/v2\/users\/28"}],"replies":[{"embeddable":true,"href":"https:\/\/imagazine.it\/home_desk\/wp-json\/wp\/v2\/comments?post=26367"}],"version-history":[{"count":0,"href":"https:\/\/imagazine.it\/home_desk\/wp-json\/wp\/v2\/posts\/26367\/revisions"}],"wp:featuredmedia":[{"embeddable":true,"href":"https:\/\/imagazine.it\/home_desk\/wp-json\/wp\/v2\/media\/26368"}],"wp:attachment":[{"href":"https:\/\/imagazine.it\/home_desk\/wp-json\/wp\/v2\/media?parent=26367"}],"wp:term":[{"taxonomy":"category","embeddable":true,"href":"https:\/\/imagazine.it\/home_desk\/wp-json\/wp\/v2\/categories?post=26367"},{"taxonomy":"post_tag","embeddable":true,"href":"https:\/\/imagazine.it\/home_desk\/wp-json\/wp\/v2\/tags?post=26367"}],"curies":[{"name":"wp","href":"https:\/\/api.w.org\/{rel}","templated":true}]}}