{"id":26365,"date":"2018-03-28T00:00:00","date_gmt":"2018-03-27T23:00:00","guid":{"rendered":"https:\/\/imagazine.it\/?p=26365"},"modified":"2018-03-28T00:00:00","modified_gmt":"2018-03-27T23:00:00","slug":"a-pasquetta-nello-spettacolo-della-natura","status":"publish","type":"post","link":"https:\/\/imagazine.it\/home_desk\/a-pasquetta-nello-spettacolo-della-natura\/","title":{"rendered":"A Pasquetta nello spettacolo della natura"},"content":{"rendered":"<p>L\u2019area faunistica Parulana di Forni di Sopra, all\u2019interno del Parco delle Dolomiti Friulane, inaugura la stagione 2018. L\u2019apertura \u00e8 fissata per sabato 31 marzo.<\/p>\n<p>A partire dallo scorso 1 marzo, \u00e8 la cooperativa Pavees il nuovo gestore dell\u2019area, che riapre al pubblico con nuovi servizi e nuove proposte pensate appositamente per i pi\u00f9 piccoli ma anche per gli adulti. In programma attivit\u00e0 didattiche ed eventi a tema. L\u2019occasione anche per osservare la lince, uno splendido felino di medie dimensioni che vive in Friuli Venezia Giulia.<\/p>\n<p>\u00abL\u2019area faunistica Parulana \u2013 spiega <strong>Ylenia Cristofoli<\/strong>, presidente della Cooperativa Pavees \u2013 \u00e8 un habitat all\u2019interno del quale tutti possono osservare gli animali. Elemento indispensabile, durante la visita, \u00e8 il rispetto per la fauna. Solo garantendo un comportamento idoneo, silenzioso e rispettoso, l\u2019incontro tra uomo e animale pu\u00f2 diventare davvero memorabile. L\u2019osservazione non \u00e8 scontata e pu\u00f2 richiedere tempo e pazienza\u00bb.<\/p>\n<p>L\u2019area \u00e8 stata progettata per permettere ai visitatori di osservare alcune specie faunistiche che, in natura, contano un numero esiguo di esemplari o che spesso hanno abitudini di vita notturne. Le zone dedicate agli animali sono state realizzare per garantire un alto grado di naturalit\u00e0 e la possibilit\u00e0, per gli animali, di ripararsi in alcuni luoghi lontani da fonti di disturbo.<\/p>\n<p>\u00abIl visitatore \u2013 aggiunge <strong>Luca Sicuro<\/strong> \u2013 dovr\u00e0 impegnarsi nella ricerca degli animali (meglio munirsi di un binocolo), con la consapevolezza che sar\u00e0 certamente gratificato dalla possibilit\u00e0 di osservarli in un ambiente naturale. Sar\u00e0 possibile portarsi a casa incredibili emozioni, immagini che resteranno impresse nella mente e bellissime fotografie\u00bb.<\/p>\n<p>Due sono i percorsi didattico\/educativi: il primo (durata circa 1 ora e 30) consiste in una passeggiata \u201cslow\u201d all\u2019interno dell\u2019area mentre il secondo (durata 2 ore e 30) approfondisce gli aspetti legati alla straordinaria biodiversit\u00e0 del sito.<\/p>\n<p>L\u2019area faunistica Parulana, di propriet\u00e0 del Comune di Forni di Sopra, oggi si sviluppa su una superficie di 5 ettari all\u2019interno del Parco delle Dolomiti Friulane, dove possono essere osservati esemplari di lince, volpe, cervo e gufo. Nelle giornate di Pasqua e Pasquetta, l\u2019area faunistica Parulana rester\u00e0 aperta dalle 11 alle 17, con possibilit\u00e0 di ristoro. Fino al mese di giugno sar\u00e0 possibile visitare l\u2019area sabato, domenica e festivi, dalle 11 alle 17, mentre per il periodo estivo sono previste aperture da marted\u00ec a domenica. Per informazioni visitare il sito <a href=\"http:\/\/www.areafaunisticafornidisopra.it\/\" target=\"_blank\" rel=\"noopener\">www.areafaunisticafornidisopra.it<\/a><\/p>\n","protected":false},"excerpt":{"rendered":"<p>Riapre l\u2019area faunistica Parulana di Forni di Sopra<\/p>\n","protected":false},"author":28,"featured_media":26366,"comment_status":"closed","ping_status":"closed","sticky":false,"template":"","format":"standard","meta":{"dwc-title":[],"dwc-content":[],"footnotes":""},"categories":[8],"tags":[],"class_list":["post-26365","post","type-post","status-publish","format-standard","has-post-thumbnail","hentry","category-turismo"],"rttpg_featured_image_url":{"full":["https:\/\/imagazine.it\/wp-content\/uploads\/2024\/01\/24665-1.webp",750,524,false],"landscape":["https:\/\/imagazine.it\/wp-content\/uploads\/2024\/01\/24665-1.webp",750,524,false],"portraits":["https:\/\/imagazine.it\/wp-content\/uploads\/2024\/01\/24665-1.webp",750,524,false],"thumbnail":["https:\/\/imagazine.it\/wp-content\/uploads\/2024\/01\/24665-1-150x150.webp",150,150,true],"medium":["https:\/\/imagazine.it\/wp-content\/uploads\/2024\/01\/24665-1-300x210.webp",300,210,true],"large":["https:\/\/imagazine.it\/wp-content\/uploads\/2024\/01\/24665-1.webp",640,447,false],"thumblist":["https:\/\/imagazine.it\/wp-content\/uploads\/2024\/01\/24665-1.webp",300,210,false],"thumbrelated":["https:\/\/imagazine.it\/wp-content\/uploads\/2024\/01\/24665-1.webp",500,349,false],"meccarouselthumb":["https:\/\/imagazine.it\/wp-content\/uploads\/2024\/01\/24665-1.webp",464,324,false],"gridsquare":["https:\/\/imagazine.it\/wp-content\/uploads\/2024\/01\/24665-1.webp",372,260,false],"tileview":["https:\/\/imagazine.it\/wp-content\/uploads\/2024\/01\/24665-1.webp",300,210,false],"1536x1536":["https:\/\/imagazine.it\/wp-content\/uploads\/2024\/01\/24665-1.webp",750,524,false],"2048x2048":["https:\/\/imagazine.it\/wp-content\/uploads\/2024\/01\/24665-1.webp",750,524,false],"newsup-slider-full":["https:\/\/imagazine.it\/wp-content\/uploads\/2024\/01\/24665-1.webp",750,524,false],"newsup-featured":["https:\/\/imagazine.it\/wp-content\/uploads\/2024\/01\/24665-1.webp",750,524,false],"newsup-medium":["https:\/\/imagazine.it\/wp-content\/uploads\/2024\/01\/24665-1-720x380.webp",720,380,true],"tptn_thumbnail":["https:\/\/imagazine.it\/wp-content\/uploads\/2024\/01\/24665-1.webp",250,175,false],"sow-carousel-default":["https:\/\/imagazine.it\/wp-content\/uploads\/2024\/01\/24665-1-272x182.webp",272,182,true]},"rttpg_author":{"display_name":"redazione","author_link":"https:\/\/imagazine.it\/home_desk\/author\/redazione\/"},"rttpg_comment":0,"rttpg_category":"<a href=\"https:\/\/imagazine.it\/home_desk\/category\/turismo\/\" rel=\"category tag\">TURISMO<\/a>","rttpg_excerpt":"Riapre l\u2019area faunistica Parulana di Forni di Sopra","_links":{"self":[{"href":"https:\/\/imagazine.it\/home_desk\/wp-json\/wp\/v2\/posts\/26365","targetHints":{"allow":["GET"]}}],"collection":[{"href":"https:\/\/imagazine.it\/home_desk\/wp-json\/wp\/v2\/posts"}],"about":[{"href":"https:\/\/imagazine.it\/home_desk\/wp-json\/wp\/v2\/types\/post"}],"author":[{"embeddable":true,"href":"https:\/\/imagazine.it\/home_desk\/wp-json\/wp\/v2\/users\/28"}],"replies":[{"embeddable":true,"href":"https:\/\/imagazine.it\/home_desk\/wp-json\/wp\/v2\/comments?post=26365"}],"version-history":[{"count":0,"href":"https:\/\/imagazine.it\/home_desk\/wp-json\/wp\/v2\/posts\/26365\/revisions"}],"wp:featuredmedia":[{"embeddable":true,"href":"https:\/\/imagazine.it\/home_desk\/wp-json\/wp\/v2\/media\/26366"}],"wp:attachment":[{"href":"https:\/\/imagazine.it\/home_desk\/wp-json\/wp\/v2\/media?parent=26365"}],"wp:term":[{"taxonomy":"category","embeddable":true,"href":"https:\/\/imagazine.it\/home_desk\/wp-json\/wp\/v2\/categories?post=26365"},{"taxonomy":"post_tag","embeddable":true,"href":"https:\/\/imagazine.it\/home_desk\/wp-json\/wp\/v2\/tags?post=26365"}],"curies":[{"name":"wp","href":"https:\/\/api.w.org\/{rel}","templated":true}]}}