{"id":26331,"date":"2018-03-22T00:00:00","date_gmt":"2018-03-21T23:00:00","guid":{"rendered":"https:\/\/imagazine.it\/?p=26331"},"modified":"2018-03-22T00:00:00","modified_gmt":"2018-03-21T23:00:00","slug":"udine-devoluti-al-cisom-16-000-litri-di-gasolio-confiscato","status":"publish","type":"post","link":"https:\/\/imagazine.it\/home_desk\/udine-devoluti-al-cisom-16-000-litri-di-gasolio-confiscato\/","title":{"rendered":"Udine, devoluti al CISOM 16.000 litri di gasolio confiscato"},"content":{"rendered":"<p>I Finanzieri del Comando Provinciale di Udine hanno richiesto, e ottenuto, dal Tribunale di Tivoli, la devoluzione, al Centro Nazionale Logistico del Corpo Italiano di Soccorso dell\u2019Ordine di Malta (il CISOM) \u2013 presente, al fianco dei Vigili del Fuoco e della Protezione Civile, in tutti gli scenari conseguenti a gravi calamit\u00e0 naturali o a eventi accidentali antropici con gravi risvolti sulla popolazione \u2013, di 16.000 litri di gasolio sequestrato per contrabbando.<\/p>\n<p>L\u2019assegnazione \u00e8 frutto dell\u2019applicazione di una innovativa norma che prevede la possibilit\u00e0, per l\u2019Autorit\u00e0 Giudiziaria, di affidare, per gli usi istituzionali, alle Forze di Polizia e agli altri Corpi preposti alla Sicurezza Pubblica, al Pronto Intervento e all\u2019assistenza delle popolazioni colpite dalla calamit\u00e0 naturali, i prodotti per la carburazione e la lubrificazione sottoposti a sequestro penale.<\/p>\n<p>Il prodotto petrolifero, oggi reimpiegato per finalit\u00e0 di pubblica utilit\u00e0, \u00e8 il frutto di una delle attivit\u00e0 investigative condotte, a contrasto del traffico illecito di prodotti energetici, dalle Fiamme Gialle del Nucleo di Polizia economico-finanziaria di Udine, che, lo scorso ottobre, dopo un pedinamento di oltre 48 ore, partito dalla provincia friulana, avevano fermato, nei pressi di Guidonia, nell\u2019entroterra laziale, un autoarticolato proveniente dalla Polonia, che, anzich\u00e9 raggiungere la destinazione dichiarata di Civitavecchia, stava scaricando il carico oggi confiscato in un\u2019altra autocisterna, incaricata, a sua volta, di trasferirlo \u2013 in base alle direttive del gruppo criminale di riferimento \u2013 in un deposito commerciale della zona. L\u2019autista e le due persone sopraggiunte erano state fermate, identificate e denunciate alla Procura della Repubblica di Tivoli per contrabbando di prodotti soggetti ad accisa, essendo ogni miscela destinata all\u2019autotrazione comunque soggetta al pagamento dell\u2019imposta.<\/p>\n<p>La devoluzione del prodotto sequestrato \u2013 che, opportunamente additivato, pu\u00f2 essere impiegato in uso autotrazione \u2013 permetter\u00e0 al CISOM di soddisfare le esigenze logistiche del suo parco mezzi, messo alla prova dal prolungato impiego in scenari operativi complessi e accidentati.\u00a0<\/p>\n","protected":false},"excerpt":{"rendered":"<p>Su richiesta della Guardia di Finanza<\/p>\n","protected":false},"author":28,"featured_media":26332,"comment_status":"closed","ping_status":"closed","sticky":false,"template":"","format":"standard","meta":{"dwc-title":[],"dwc-content":[],"footnotes":""},"categories":[5],"tags":[],"class_list":["post-26331","post","type-post","status-publish","format-standard","has-post-thumbnail","hentry","category-attualita"],"rttpg_featured_image_url":{"full":["https:\/\/imagazine.it\/wp-content\/uploads\/2024\/01\/24580-1.webp",750,477,false],"landscape":["https:\/\/imagazine.it\/wp-content\/uploads\/2024\/01\/24580-1.webp",750,477,false],"portraits":["https:\/\/imagazine.it\/wp-content\/uploads\/2024\/01\/24580-1.webp",750,477,false],"thumbnail":["https:\/\/imagazine.it\/wp-content\/uploads\/2024\/01\/24580-1-150x150.webp",150,150,true],"medium":["https:\/\/imagazine.it\/wp-content\/uploads\/2024\/01\/24580-1-300x191.webp",300,191,true],"large":["https:\/\/imagazine.it\/wp-content\/uploads\/2024\/01\/24580-1.webp",640,407,false],"thumblist":["https:\/\/imagazine.it\/wp-content\/uploads\/2024\/01\/24580-1.webp",300,191,false],"thumbrelated":["https:\/\/imagazine.it\/wp-content\/uploads\/2024\/01\/24580-1.webp",500,318,false],"meccarouselthumb":["https:\/\/imagazine.it\/wp-content\/uploads\/2024\/01\/24580-1.webp",474,301,false],"gridsquare":["https:\/\/imagazine.it\/wp-content\/uploads\/2024\/01\/24580-1.webp",391,249,false],"tileview":["https:\/\/imagazine.it\/wp-content\/uploads\/2024\/01\/24580-1.webp",300,191,false],"1536x1536":["https:\/\/imagazine.it\/wp-content\/uploads\/2024\/01\/24580-1.webp",750,477,false],"2048x2048":["https:\/\/imagazine.it\/wp-content\/uploads\/2024\/01\/24580-1.webp",750,477,false],"newsup-slider-full":["https:\/\/imagazine.it\/wp-content\/uploads\/2024\/01\/24580-1.webp",750,477,false],"newsup-featured":["https:\/\/imagazine.it\/wp-content\/uploads\/2024\/01\/24580-1.webp",750,477,false],"newsup-medium":["https:\/\/imagazine.it\/wp-content\/uploads\/2024\/01\/24580-1-720x380.webp",720,380,true],"tptn_thumbnail":["https:\/\/imagazine.it\/wp-content\/uploads\/2024\/01\/24580-1.webp",250,159,false],"sow-carousel-default":["https:\/\/imagazine.it\/wp-content\/uploads\/2024\/01\/24580-1-272x182.webp",272,182,true]},"rttpg_author":{"display_name":"redazione","author_link":"https:\/\/imagazine.it\/home_desk\/author\/redazione\/"},"rttpg_comment":0,"rttpg_category":"<a href=\"https:\/\/imagazine.it\/home_desk\/category\/attualita\/\" rel=\"category tag\">ATTUALIT\u00c0<\/a>","rttpg_excerpt":"Su richiesta della Guardia di Finanza","_links":{"self":[{"href":"https:\/\/imagazine.it\/home_desk\/wp-json\/wp\/v2\/posts\/26331","targetHints":{"allow":["GET"]}}],"collection":[{"href":"https:\/\/imagazine.it\/home_desk\/wp-json\/wp\/v2\/posts"}],"about":[{"href":"https:\/\/imagazine.it\/home_desk\/wp-json\/wp\/v2\/types\/post"}],"author":[{"embeddable":true,"href":"https:\/\/imagazine.it\/home_desk\/wp-json\/wp\/v2\/users\/28"}],"replies":[{"embeddable":true,"href":"https:\/\/imagazine.it\/home_desk\/wp-json\/wp\/v2\/comments?post=26331"}],"version-history":[{"count":0,"href":"https:\/\/imagazine.it\/home_desk\/wp-json\/wp\/v2\/posts\/26331\/revisions"}],"wp:featuredmedia":[{"embeddable":true,"href":"https:\/\/imagazine.it\/home_desk\/wp-json\/wp\/v2\/media\/26332"}],"wp:attachment":[{"href":"https:\/\/imagazine.it\/home_desk\/wp-json\/wp\/v2\/media?parent=26331"}],"wp:term":[{"taxonomy":"category","embeddable":true,"href":"https:\/\/imagazine.it\/home_desk\/wp-json\/wp\/v2\/categories?post=26331"},{"taxonomy":"post_tag","embeddable":true,"href":"https:\/\/imagazine.it\/home_desk\/wp-json\/wp\/v2\/tags?post=26331"}],"curies":[{"name":"wp","href":"https:\/\/api.w.org\/{rel}","templated":true}]}}