{"id":26323,"date":"2018-03-20T00:00:00","date_gmt":"2018-03-19T23:00:00","guid":{"rendered":"https:\/\/imagazine.it\/?p=26323"},"modified":"2018-03-20T00:00:00","modified_gmt":"2018-03-19T23:00:00","slug":"gli-artisti-emergenti-friulani-sbarcano-in-tv","status":"publish","type":"post","link":"https:\/\/imagazine.it\/home_desk\/gli-artisti-emergenti-friulani-sbarcano-in-tv\/","title":{"rendered":"Gli artisti emergenti friulani sbarcano in tv"},"content":{"rendered":"<p>Presentata a Udine la <strong>seconda serie INT\/ART<\/strong> (dove \u201cint\u201d sta per gente e \u201cart\u201d per arte), ciclo di documentari brevi diretti dal regista udinese <strong>Dorino Minigutti<\/strong> e realizzati dalla societ\u00e0 <strong>Agherose <\/strong>con il contributo dell\u2019<strong>ARLeF<\/strong> (Agjenzie regjon\u00e2l pe lenghe furlane) e del <strong>Fondo regionale per l\u2019Audiovisivo. <\/strong><\/p>\n<p>Dopo la prima serie dedicata ai protagonisti della musica, la seconda sposta lo sguardo sul <strong>mondo delle arti visive<\/strong>: dalla fotografia alla scultura, passando per il fumetto, la grafica e l\u2019arte installativa e performativa. Protagonisti delle cinque puntate sono lo scultore <strong>Edi Carrer<\/strong>, la fotografa <strong>Alice Durigatto<\/strong>, l\u2019illustratrice <strong>Carin Marzaro<\/strong>, l\u2019artista visivo <strong>Michele Bazzana<\/strong> e <strong>Luca Malisan<\/strong>, fumettista. Grazie alla collaborazione con la sede Rai per il FVG, le puntate andranno in onda su RAI3 a partire da domenica 25 marzo.<\/p>\n<p>Dopo la musica e le arti visive, \u00e8 prossimamente prevista la produzione della terza serie: scrittura, teatro e danza.<\/p>\n<p>Le 5 puntate (13 minuti ciascuna) saranno trasmessa con il seguente calendario: Edi Carrer, domenica 25 marzo, ore 10.50, Rai 3, in replica, mercoled\u00ec 28 marzo, ore 22.05, Rai 3 Bis CH. 103; Alice Durigatto, domenica 1 aprile, ore 10.50, Rai 3, in replica, mercoled\u00ec 4 aprile, ore 22.05, Rai 3 Bis CH. 103; Carin Marzaro, domenica 8 aprile, ore 10.50, Rai 3, in replica, mercoled\u00ec 11 aprile, ore 22.05, Rai 3 Bis CH. 103; Michele Bazzana, domenica 15 aprile, ore 10.50, Rai 3, in replica, mercoled\u00ec 18 aprile, ore 22.00, Rai 3 Bis CH. 103; Luca Malisan, domenica 22 aprile, ore 10.50, Rai 3, in replica, mercoled\u00ec 25 aprile, ore 22.05, Rai 3 Bis CH. 103.<\/p>\n<p>\u00a0<\/p>\n<p><strong>CREDITS<\/strong><\/p>\n<p><strong>regia:<\/strong> Dorino Minigutti<\/p>\n<p><strong>soggetto:<\/strong> Giorgio Cantoni, Dorino Minigutti<\/p>\n<p><strong>direttore della fotografia:<\/strong> Debora Vrizzi<\/p>\n<p><strong>assistente operatore:<\/strong> Francesco Snidero<\/p>\n<p><strong>fonico:<\/strong> Francesco Morosini, Havir Gergolet, Marco Cecotto<\/p>\n<p><strong>runner:<\/strong> Filippo Minigutti<\/p>\n<p><strong>montaggio:<\/strong> Andrea Guarascio<\/p>\n<p><strong>assistenti al montaggio:<\/strong> Lorenzo Fabbro, Rebecca Colle<\/p>\n<p><strong>musiche: <\/strong>AA.VV<\/p>\n<p><strong>ricerche:<\/strong> Giorgio Cantoni<\/p>\n<p><strong>web:<\/strong> Remigio Guadagnini<\/p>\n<p><strong>social web:<\/strong> Sergio Floriani<\/p>\n<p><strong>formato:<\/strong> 4K<\/p>\n<p><strong>durata:<\/strong> 13\u2019<\/p>\n<p><strong>n. puntate:<\/strong> 5<\/p>\n<p><strong>lingua originale:<\/strong> friulano<\/p>\n<p><strong>sottotitoli:<\/strong> italiano<\/p>\n<p><strong>anno produzione:<\/strong> 2017<\/p>\n<p><strong>produzione:<\/strong> Agherose srl<\/p>\n<p><strong>progetto realizzato con il contributo di:<\/strong> ARLeF, Fondo regionale per l\u2019Audiovisivo<\/p>\n<p><strong>Info:<\/strong> <a href=\"http:\/\/www.int-art.eu\/\" target=\"_blank\" rel=\"noopener\">www.int-art.eu<\/a>; <a href=\"http:\/\/www.facebook.com\/intartdoc\" target=\"_blank\" rel=\"noopener\">www.facebook.com\/intartdoc<\/a><\/p>\n","protected":false},"excerpt":{"rendered":"<p>Seconda serie di INT\/ART<\/p>\n","protected":false},"author":28,"featured_media":26324,"comment_status":"closed","ping_status":"closed","sticky":false,"template":"","format":"standard","meta":{"dwc-title":[],"dwc-content":[],"footnotes":""},"categories":[37],"tags":[],"class_list":["post-26323","post","type-post","status-publish","format-standard","has-post-thumbnail","hentry","category-cultura-e-spettacolo"],"rttpg_featured_image_url":{"full":["https:\/\/imagazine.it\/wp-content\/uploads\/2024\/01\/24542-1.webp",750,529,false],"landscape":["https:\/\/imagazine.it\/wp-content\/uploads\/2024\/01\/24542-1.webp",750,529,false],"portraits":["https:\/\/imagazine.it\/wp-content\/uploads\/2024\/01\/24542-1.webp",750,529,false],"thumbnail":["https:\/\/imagazine.it\/wp-content\/uploads\/2024\/01\/24542-1-150x150.webp",150,150,true],"medium":["https:\/\/imagazine.it\/wp-content\/uploads\/2024\/01\/24542-1-300x212.webp",300,212,true],"large":["https:\/\/imagazine.it\/wp-content\/uploads\/2024\/01\/24542-1.webp",640,451,false],"thumblist":["https:\/\/imagazine.it\/wp-content\/uploads\/2024\/01\/24542-1.webp",300,212,false],"thumbrelated":["https:\/\/imagazine.it\/wp-content\/uploads\/2024\/01\/24542-1.webp",500,353,false],"meccarouselthumb":["https:\/\/imagazine.it\/wp-content\/uploads\/2024\/01\/24542-1.webp",459,324,false],"gridsquare":["https:\/\/imagazine.it\/wp-content\/uploads\/2024\/01\/24542-1.webp",369,260,false],"tileview":["https:\/\/imagazine.it\/wp-content\/uploads\/2024\/01\/24542-1.webp",300,212,false],"1536x1536":["https:\/\/imagazine.it\/wp-content\/uploads\/2024\/01\/24542-1.webp",750,529,false],"2048x2048":["https:\/\/imagazine.it\/wp-content\/uploads\/2024\/01\/24542-1.webp",750,529,false],"newsup-slider-full":["https:\/\/imagazine.it\/wp-content\/uploads\/2024\/01\/24542-1.webp",750,529,false],"newsup-featured":["https:\/\/imagazine.it\/wp-content\/uploads\/2024\/01\/24542-1.webp",750,529,false],"newsup-medium":["https:\/\/imagazine.it\/wp-content\/uploads\/2024\/01\/24542-1-720x380.webp",720,380,true],"tptn_thumbnail":["https:\/\/imagazine.it\/wp-content\/uploads\/2024\/01\/24542-1.webp",250,176,false],"sow-carousel-default":["https:\/\/imagazine.it\/wp-content\/uploads\/2024\/01\/24542-1-272x182.webp",272,182,true]},"rttpg_author":{"display_name":"redazione","author_link":"https:\/\/imagazine.it\/home_desk\/author\/redazione\/"},"rttpg_comment":0,"rttpg_category":"<a href=\"https:\/\/imagazine.it\/home_desk\/category\/cultura-e-spettacolo\/\" rel=\"category tag\">CULTURA&amp;SPETTACOLO<\/a>","rttpg_excerpt":"Seconda serie di INT\/ART","_links":{"self":[{"href":"https:\/\/imagazine.it\/home_desk\/wp-json\/wp\/v2\/posts\/26323","targetHints":{"allow":["GET"]}}],"collection":[{"href":"https:\/\/imagazine.it\/home_desk\/wp-json\/wp\/v2\/posts"}],"about":[{"href":"https:\/\/imagazine.it\/home_desk\/wp-json\/wp\/v2\/types\/post"}],"author":[{"embeddable":true,"href":"https:\/\/imagazine.it\/home_desk\/wp-json\/wp\/v2\/users\/28"}],"replies":[{"embeddable":true,"href":"https:\/\/imagazine.it\/home_desk\/wp-json\/wp\/v2\/comments?post=26323"}],"version-history":[{"count":0,"href":"https:\/\/imagazine.it\/home_desk\/wp-json\/wp\/v2\/posts\/26323\/revisions"}],"wp:featuredmedia":[{"embeddable":true,"href":"https:\/\/imagazine.it\/home_desk\/wp-json\/wp\/v2\/media\/26324"}],"wp:attachment":[{"href":"https:\/\/imagazine.it\/home_desk\/wp-json\/wp\/v2\/media?parent=26323"}],"wp:term":[{"taxonomy":"category","embeddable":true,"href":"https:\/\/imagazine.it\/home_desk\/wp-json\/wp\/v2\/categories?post=26323"},{"taxonomy":"post_tag","embeddable":true,"href":"https:\/\/imagazine.it\/home_desk\/wp-json\/wp\/v2\/tags?post=26323"}],"curies":[{"name":"wp","href":"https:\/\/api.w.org\/{rel}","templated":true}]}}