{"id":26311,"date":"2018-03-20T00:00:00","date_gmt":"2018-03-19T23:00:00","guid":{"rendered":"https:\/\/imagazine.it\/?p=26311"},"modified":"2018-03-20T00:00:00","modified_gmt":"2018-03-19T23:00:00","slug":"rai-3-a-torviscosa-con-la-grande-storia","status":"publish","type":"post","link":"https:\/\/imagazine.it\/home_desk\/rai-3-a-torviscosa-con-la-grande-storia\/","title":{"rendered":"RAI 3 a Torviscosa con la &#8220;Grande Storia&#8221;"},"content":{"rendered":"<p>Sono in corso in questi giorni a Torviscosa le riprese per una puntata de\u00a0<em>La Grande Storia<\/em>, la trasmissione di RAI3 ora condotta da <strong>Paolo Mieli<\/strong>. La \u201ccitt\u00e0 di fondazione\u201d friulana \u00e8 stata scelta dagli autori del programma <strong>Enzo Antonio Cicchino<\/strong> e <strong>Antonio Carbone<\/strong> per una serie dedicata alle tracce del Ventennio fascista nelle architetture italiane.<\/p>\n<p>Torviscosa \u00e8 effettivamente un esempio ancora intatto del gruppo di citt\u00e0 nuove sorte in Italia negli anni Trenta e tutte caratterizzate da una esplicita riconoscibilit\u00e0 estetica che corrisponde all&#39;immagine di potenza che il regime voleva trasmettere.<\/p>\n<p>La scelta di RAI3 \u00e8 un altro riconoscimento del valore storico e culturale di queste architetture, che contribuiscono a raccontare l&#39;Italia fascista e la sua ideologia e che proprio per questo sono state finora dimenticate e spesso trascurate. Questi esempi urbanistici possono al contrario diventare un veicolo di riflessione critica sui regimi dittatoriali: questo \u00e8 proprio uno degli obiettivi di ATRIUM, l&#39;associazione internazionale delle citt\u00e0 che conservano le architetture dei regimi totalitari del Novecento europeo a cui Torviscosa ha aderito l&#39;anno scorso.<\/p>\n<p>Nell\u2019ottica di preservare la \u201cleggibilit\u00e0\u201d di questi insediamenti, mantenendone per quanto possibile l&#39;organizzazione urbanistica e la composizione architettonica, negli ultimi anni l&#39;Amministrazione comunale di Torviscosa ha deciso una serie di interventi per conservare o restituire alla localit\u00e0 le caratteristiche estetiche originarie: di recente, per esempio, sono stati abbattuti i cedri che celavano per gran parte la visuale di piazza del Popolo, centro civico del paese, ma l&#39;azione pi\u00f9 significativa \u00e8 stata l&#39;approvazione di una variante urbanistica propedeutica all\u2019azione di tutela ai sensi del D. lgs. 42\/2004 (Codice dei beni culturali e del paesaggio).<\/p>\n","protected":false},"excerpt":{"rendered":"<p>Riprese in corso in questi giorni<\/p>\n","protected":false},"author":28,"featured_media":26312,"comment_status":"closed","ping_status":"closed","sticky":false,"template":"","format":"standard","meta":{"dwc-title":[],"dwc-content":[],"footnotes":""},"categories":[37],"tags":[],"class_list":["post-26311","post","type-post","status-publish","format-standard","has-post-thumbnail","hentry","category-cultura-e-spettacolo"],"rttpg_featured_image_url":{"full":["https:\/\/imagazine.it\/wp-content\/uploads\/2024\/01\/24526-1.webp",750,500,false],"landscape":["https:\/\/imagazine.it\/wp-content\/uploads\/2024\/01\/24526-1.webp",750,500,false],"portraits":["https:\/\/imagazine.it\/wp-content\/uploads\/2024\/01\/24526-1.webp",750,500,false],"thumbnail":["https:\/\/imagazine.it\/wp-content\/uploads\/2024\/01\/24526-1-150x150.webp",150,150,true],"medium":["https:\/\/imagazine.it\/wp-content\/uploads\/2024\/01\/24526-1-300x200.webp",300,200,true],"large":["https:\/\/imagazine.it\/wp-content\/uploads\/2024\/01\/24526-1.webp",640,427,false],"thumblist":["https:\/\/imagazine.it\/wp-content\/uploads\/2024\/01\/24526-1.webp",300,200,false],"thumbrelated":["https:\/\/imagazine.it\/wp-content\/uploads\/2024\/01\/24526-1.webp",500,333,false],"meccarouselthumb":["https:\/\/imagazine.it\/wp-content\/uploads\/2024\/01\/24526-1.webp",474,316,false],"gridsquare":["https:\/\/imagazine.it\/wp-content\/uploads\/2024\/01\/24526-1.webp",391,260,false],"tileview":["https:\/\/imagazine.it\/wp-content\/uploads\/2024\/01\/24526-1.webp",300,200,false],"1536x1536":["https:\/\/imagazine.it\/wp-content\/uploads\/2024\/01\/24526-1.webp",750,500,false],"2048x2048":["https:\/\/imagazine.it\/wp-content\/uploads\/2024\/01\/24526-1.webp",750,500,false],"newsup-slider-full":["https:\/\/imagazine.it\/wp-content\/uploads\/2024\/01\/24526-1.webp",750,500,false],"newsup-featured":["https:\/\/imagazine.it\/wp-content\/uploads\/2024\/01\/24526-1.webp",750,500,false],"newsup-medium":["https:\/\/imagazine.it\/wp-content\/uploads\/2024\/01\/24526-1-720x380.webp",720,380,true],"tptn_thumbnail":["https:\/\/imagazine.it\/wp-content\/uploads\/2024\/01\/24526-1.webp",250,167,false],"sow-carousel-default":["https:\/\/imagazine.it\/wp-content\/uploads\/2024\/01\/24526-1-272x182.webp",272,182,true]},"rttpg_author":{"display_name":"redazione","author_link":"https:\/\/imagazine.it\/home_desk\/author\/redazione\/"},"rttpg_comment":0,"rttpg_category":"<a href=\"https:\/\/imagazine.it\/home_desk\/category\/cultura-e-spettacolo\/\" rel=\"category tag\">CULTURA&amp;SPETTACOLO<\/a>","rttpg_excerpt":"Riprese in corso in questi giorni","_links":{"self":[{"href":"https:\/\/imagazine.it\/home_desk\/wp-json\/wp\/v2\/posts\/26311","targetHints":{"allow":["GET"]}}],"collection":[{"href":"https:\/\/imagazine.it\/home_desk\/wp-json\/wp\/v2\/posts"}],"about":[{"href":"https:\/\/imagazine.it\/home_desk\/wp-json\/wp\/v2\/types\/post"}],"author":[{"embeddable":true,"href":"https:\/\/imagazine.it\/home_desk\/wp-json\/wp\/v2\/users\/28"}],"replies":[{"embeddable":true,"href":"https:\/\/imagazine.it\/home_desk\/wp-json\/wp\/v2\/comments?post=26311"}],"version-history":[{"count":0,"href":"https:\/\/imagazine.it\/home_desk\/wp-json\/wp\/v2\/posts\/26311\/revisions"}],"wp:featuredmedia":[{"embeddable":true,"href":"https:\/\/imagazine.it\/home_desk\/wp-json\/wp\/v2\/media\/26312"}],"wp:attachment":[{"href":"https:\/\/imagazine.it\/home_desk\/wp-json\/wp\/v2\/media?parent=26311"}],"wp:term":[{"taxonomy":"category","embeddable":true,"href":"https:\/\/imagazine.it\/home_desk\/wp-json\/wp\/v2\/categories?post=26311"},{"taxonomy":"post_tag","embeddable":true,"href":"https:\/\/imagazine.it\/home_desk\/wp-json\/wp\/v2\/tags?post=26311"}],"curies":[{"name":"wp","href":"https:\/\/api.w.org\/{rel}","templated":true}]}}