{"id":26299,"date":"2018-03-16T00:00:00","date_gmt":"2018-03-15T23:00:00","guid":{"rendered":"https:\/\/imagazine.it\/?p=26299"},"modified":"2018-03-16T00:00:00","modified_gmt":"2018-03-15T23:00:00","slug":"partita-la-corsa-verso-il-sogno-di-percoto-canta","status":"publish","type":"post","link":"https:\/\/imagazine.it\/home_desk\/partita-la-corsa-verso-il-sogno-di-percoto-canta\/","title":{"rendered":"Partita la corsa verso il sogno di &#8220;Percoto Canta&#8221;"},"content":{"rendered":"<p>Al via le <strong>iscrizioni<\/strong> per la <strong>31^ edizione <\/strong>del concorso canoro<strong> Percoto Canta<\/strong>. Nata nel 1988 dall\u2019idea di un gruppo di amici, la manifestazione ha saputo crescere e attestarsi negli anni a livello nazionale, valorizzando centinaia di talenti provenienti da tutta la penisola.<\/p>\n<p>Per alcuni di loro il sogno si \u00e8 avverato, come ad esempio <strong>Lodovica Comello<\/strong>, ora star internazionale, o la giovane <strong>Shari Noioso<\/strong>, gi\u00e0 finalista del programma \u201cTu si que Vales\u201d e scelta da Il Volo per prendere parte al loro tour italiano. Una manifestazione che ha fatto della qualit\u00e0 la sua prerogativa, fra le poche ad affiancare una vera e propria orchestra, diretta dal <strong>M\u00b0 Nevio Lestuzzi<\/strong>, all\u2019esibizione dei concorrenti, in gara in tre distinte categorie: <strong>Junior<\/strong>, <strong>Senior <\/strong>e <strong>Cantautori\/brani inediti<\/strong>.<\/p>\n<p>Anche quest\u2019anno a giudicare le proposte sar\u00e0 chiamata una giuria d\u2019eccezione che vedr\u00e0 in carica <strong>Andrea Mir\u00f2<\/strong>, cantante, autrice, polistrumentista e direttore d\u2019orchestra, <strong>Gi\u00f2 Di Tonno<\/strong>, cantautore, attore e volto televisivo e <strong>Omar Pedrini<\/strong>, autentica icona del rock italiano, front man e leader dei Timoria. Grandi nomi che si aggiungono a quelli delle edizioni passate, dove troviamo la gi\u00e0 citata Comello, Bungaro, Rossana Casale, Silvia Mezzanotte, Peppe Vessicchio, Remo Anzovino, Paola Folli, Simona Molinari, Adriano Pennino, L&#39;Aura, Luca Pitteri e Marcello Balestra, tra gli altri.<\/p>\n<p>La fase delle iscrizioni al concorso terminer\u00e0 ufficialmente il 26 aprile. Le migliori proposte vagliate dai giurati verranno quindi ammesse alla seconda fase del concorso, quella delle <strong>selezioni live<\/strong>, che si terranno <strong>sabato 5 e domenica 6 maggio<\/strong> alla <strong>Casa della Musica<\/strong> di <strong>Cervignano del Friuli<\/strong>. Da questo appuntamento, al quale ogni anno partecipano un centinaio di concorrenti da tutta Italia, usciranno gli artisti promossi alla serata finale, che avr\u00e0 luogo <strong>sabato 14 luglio<\/strong> a <strong>Villa Frattina Caiselli<\/strong> di <strong>Percoto di Pavia di Udine<\/strong>.<\/p>\n<p>Con la finalit\u00e0 di supportare ancora di pi\u00f9 il percorso artistico dei concorrenti in gara, ai vincitori (votati dalla giuria di qualit\u00e0, dalla sala stampa e dal pubblico) saranno consegnati premi in borse di studio per un valore di <strong>3.500 euro<\/strong>. Per consultare le modalit\u00e0 di iscrizione, il regolamento e tutte le informazioni sulla manifestazione visitare il sito <u><a href=\"http:\/\/www.percotocanta.it\/\" target=\"_blank\" rel=\"noopener\">www.percotocanta.it<\/a><\/u> alla sezione \u201ciscrizione\u201d, o scrivere a <a href=\"mailto:info@percotocanta.it\">info@percotocanta.it<\/a>. Tutti gli aggiornamenti in tempo reale anche sulle pagine Facebook e Twitter \u201cPercoto Canta\u201d.\u00a0<\/p>\n","protected":false},"excerpt":{"rendered":"<p>Al via la 31esima edizione<\/p>\n","protected":false},"author":28,"featured_media":26300,"comment_status":"closed","ping_status":"closed","sticky":false,"template":"","format":"standard","meta":{"dwc-title":[],"dwc-content":[],"footnotes":""},"categories":[37],"tags":[],"class_list":["post-26299","post","type-post","status-publish","format-standard","has-post-thumbnail","hentry","category-cultura-e-spettacolo"],"rttpg_featured_image_url":{"full":["https:\/\/imagazine.it\/wp-content\/uploads\/2024\/01\/24481-1.webp",750,501,false],"landscape":["https:\/\/imagazine.it\/wp-content\/uploads\/2024\/01\/24481-1.webp",750,501,false],"portraits":["https:\/\/imagazine.it\/wp-content\/uploads\/2024\/01\/24481-1.webp",750,501,false],"thumbnail":["https:\/\/imagazine.it\/wp-content\/uploads\/2024\/01\/24481-1-150x150.webp",150,150,true],"medium":["https:\/\/imagazine.it\/wp-content\/uploads\/2024\/01\/24481-1-300x200.webp",300,200,true],"large":["https:\/\/imagazine.it\/wp-content\/uploads\/2024\/01\/24481-1.webp",640,428,false],"thumblist":["https:\/\/imagazine.it\/wp-content\/uploads\/2024\/01\/24481-1.webp",300,200,false],"thumbrelated":["https:\/\/imagazine.it\/wp-content\/uploads\/2024\/01\/24481-1.webp",500,334,false],"meccarouselthumb":["https:\/\/imagazine.it\/wp-content\/uploads\/2024\/01\/24481-1.webp",474,317,false],"gridsquare":["https:\/\/imagazine.it\/wp-content\/uploads\/2024\/01\/24481-1.webp",389,260,false],"tileview":["https:\/\/imagazine.it\/wp-content\/uploads\/2024\/01\/24481-1.webp",300,200,false],"1536x1536":["https:\/\/imagazine.it\/wp-content\/uploads\/2024\/01\/24481-1.webp",750,501,false],"2048x2048":["https:\/\/imagazine.it\/wp-content\/uploads\/2024\/01\/24481-1.webp",750,501,false],"newsup-slider-full":["https:\/\/imagazine.it\/wp-content\/uploads\/2024\/01\/24481-1.webp",750,501,false],"newsup-featured":["https:\/\/imagazine.it\/wp-content\/uploads\/2024\/01\/24481-1.webp",750,501,false],"newsup-medium":["https:\/\/imagazine.it\/wp-content\/uploads\/2024\/01\/24481-1-720x380.webp",720,380,true],"tptn_thumbnail":["https:\/\/imagazine.it\/wp-content\/uploads\/2024\/01\/24481-1.webp",250,167,false],"sow-carousel-default":["https:\/\/imagazine.it\/wp-content\/uploads\/2024\/01\/24481-1-272x182.webp",272,182,true]},"rttpg_author":{"display_name":"redazione","author_link":"https:\/\/imagazine.it\/home_desk\/author\/redazione\/"},"rttpg_comment":0,"rttpg_category":"<a href=\"https:\/\/imagazine.it\/home_desk\/category\/cultura-e-spettacolo\/\" rel=\"category tag\">CULTURA&amp;SPETTACOLO<\/a>","rttpg_excerpt":"Al via la 31esima edizione","_links":{"self":[{"href":"https:\/\/imagazine.it\/home_desk\/wp-json\/wp\/v2\/posts\/26299","targetHints":{"allow":["GET"]}}],"collection":[{"href":"https:\/\/imagazine.it\/home_desk\/wp-json\/wp\/v2\/posts"}],"about":[{"href":"https:\/\/imagazine.it\/home_desk\/wp-json\/wp\/v2\/types\/post"}],"author":[{"embeddable":true,"href":"https:\/\/imagazine.it\/home_desk\/wp-json\/wp\/v2\/users\/28"}],"replies":[{"embeddable":true,"href":"https:\/\/imagazine.it\/home_desk\/wp-json\/wp\/v2\/comments?post=26299"}],"version-history":[{"count":0,"href":"https:\/\/imagazine.it\/home_desk\/wp-json\/wp\/v2\/posts\/26299\/revisions"}],"wp:featuredmedia":[{"embeddable":true,"href":"https:\/\/imagazine.it\/home_desk\/wp-json\/wp\/v2\/media\/26300"}],"wp:attachment":[{"href":"https:\/\/imagazine.it\/home_desk\/wp-json\/wp\/v2\/media?parent=26299"}],"wp:term":[{"taxonomy":"category","embeddable":true,"href":"https:\/\/imagazine.it\/home_desk\/wp-json\/wp\/v2\/categories?post=26299"},{"taxonomy":"post_tag","embeddable":true,"href":"https:\/\/imagazine.it\/home_desk\/wp-json\/wp\/v2\/tags?post=26299"}],"curies":[{"name":"wp","href":"https:\/\/api.w.org\/{rel}","templated":true}]}}