{"id":26277,"date":"2018-03-13T00:00:00","date_gmt":"2018-03-12T23:00:00","guid":{"rendered":"https:\/\/imagazine.it\/?p=26277"},"modified":"2018-03-13T00:00:00","modified_gmt":"2018-03-12T23:00:00","slug":"raccontare-cividale-attraverso-oggetti-di-design","status":"publish","type":"post","link":"https:\/\/imagazine.it\/home_desk\/raccontare-cividale-attraverso-oggetti-di-design\/","title":{"rendered":"Raccontare Cividale attraverso oggetti di design"},"content":{"rendered":"<p>Tre giorni, da venerd\u00ec 16 a domenica 18 marzo, per scoprire \u201cDesign per Cividale\u201d, il nuovo progetto di valorizzazione del patrimonio artistico, artigianale e culturale promosso da \u201cNoi\u2026dell\u2019arte\u201d: nella galleria Spaziocortequattro della Citt\u00e0 Ducale sar\u00e0 infatti possibile scoprire l\u2019opera artistica di nove donne che trasformano il territorio in oggetti pregiati e inediti: veri e propri souvenir d\u2019eccezione.<\/p>\n<p>La <strong>galleria Spaziocortequattro<\/strong> di <strong>Cividale del Friuli<\/strong>, piazzetta Corte San Francesco, si trasformer\u00e0, <strong>da venerd\u00ec 16 <\/strong>(inaugurazione ore 18)<strong> a domenica 18 marzo<\/strong>, dalle ore 10\u00a0 alle ore 19 (ingresso libero), \u00a0in uno spazio di scoperta ed esposizione dove vedranno la luce i frutti di <strong>\u201cDesign per Cividale\u201d<\/strong>, un progetto ideato da <strong>Antonella Pizzolongo<\/strong>, docente, textile designer e presidentessa dell\u2019associazione <em>Noi\u2026 dell\u2019arte<\/em>, che ha voluto coinvolgere altre otto creative friulane nella realizzazione di vere e proprie opere di alta fattura artigianale che raccontano suggestioni, culturali e naturalistiche, ispirate dalla citt\u00e0 ducale.<\/p>\n<p><strong>Nicoletta Birri, Manuela Chiappo, Rosanna Colloricchio, Michela Dreosto, Antonella Oliana, Laura Piani, Antonella Pizzolongo, Eleonora Spizzamiglio e Flavia Turel<\/strong>, in collaborazione con le aziende artigiane <strong>Bottoni e non solo di Flag sas<\/strong>, <strong>LamediLuce, Mandulis, Ricamifico Michelangelo <\/strong>e con il sostegno dell\u2019Assessorato alla Cultura del Comune di Cividale<strong>,<\/strong> hanno ideato oggetti realizzati con una variet\u00e0 di tecniche e materiali, come ceramica, legno, telaio e non solo: ogni opera \u00e8 testimone del patrimonio artistico, artigianale e culturale del territorio ed \u00e8 capace di rappresentare e valorizzare il <strong>\u201cmade in FVG\u201d<\/strong>.<\/p>\n<p><em>\u201cDallo studio e dall\u2019analisi di un <strong>frammento d\u2019oro <\/strong>trovato in una tomba longobarda proprio a Cividale<\/em> \u2013 spiega Antonella Pizzolongo \u2013 <em>\u00e8 nato il seme di quello che oggi \u00e8 un progetto collettivo a cui teniamo molto\u201d.<\/em><\/p>\n<p>Infatti, la necessit\u00e0 di coniugare tradizione e innovazione, passione e manualit\u00e0, ha spinto la <em>textile<\/em> designer prima ad approfondire lo studio del tessuto longobardo, grazie agli eccezionali reperti esposti al Museo Archeologico Nazionale di Cividale, e poi ad attualizzarne l\u2019uso, creando una collezione di sciarpe realizzate al telaio a mano che ripropongono il motivo decorativo dell\u2019antenato longobardo con tracce tessili d\u2019oro.<\/p>\n<p><em>\u201c\u00c8 stato naturale<\/em> \u2013 aggiunge la presidentessa di <em>Noi\u2026 dell\u2019arte<\/em> \u2013 <strong><em>condividere<\/em><\/strong><em> questo stimolo d\u2019ispirazione creativa: cos\u00ec \u00e8 nata prima la collezione in <strong>limited edition<\/strong> di <strong>FOTO_TEXERE,<\/strong> foulard stampati, realizzati insieme alla foto-designer Antonella Oliana\u201d.<\/em><\/p>\n<p>Ciascuna delle nove artigiane e creative ha interpretato il territorio cividalese a suo modo, grazie ai materiali e alle tecniche che gli sono pi\u00f9 affini. Cos\u00ec ogni oggetto esposto nella galleria Spaziocortequattro ha una storia unica che s\u2019intreccia con quella della citt\u00e0 e della natura che la avvolge: dalle suggestioni che suscitano le testimonianze longobarde a quelle del fiume Natisone attraversato dal Ponte del Diavolo. Design per Cividale intende, dunque, <strong>valorizzare il territorio e la manualit\u00e0<\/strong>, promuovendo il \u201cMade in FVG\u201d, con opere originali, proprie del mondo dell\u2019arte e dell\u2019artigianato artistico.<\/p>\n","protected":false},"excerpt":{"rendered":"<p>Dal 16 al 18 marzo<\/p>\n","protected":false},"author":28,"featured_media":26278,"comment_status":"closed","ping_status":"closed","sticky":false,"template":"","format":"standard","meta":{"dwc-title":[],"dwc-content":[],"footnotes":""},"categories":[37],"tags":[],"class_list":["post-26277","post","type-post","status-publish","format-standard","has-post-thumbnail","hentry","category-cultura-e-spettacolo"],"rttpg_featured_image_url":{"full":["https:\/\/imagazine.it\/wp-content\/uploads\/2024\/01\/24432-1.webp",750,519,false],"landscape":["https:\/\/imagazine.it\/wp-content\/uploads\/2024\/01\/24432-1.webp",750,519,false],"portraits":["https:\/\/imagazine.it\/wp-content\/uploads\/2024\/01\/24432-1.webp",750,519,false],"thumbnail":["https:\/\/imagazine.it\/wp-content\/uploads\/2024\/01\/24432-1-150x150.webp",150,150,true],"medium":["https:\/\/imagazine.it\/wp-content\/uploads\/2024\/01\/24432-1-300x208.webp",300,208,true],"large":["https:\/\/imagazine.it\/wp-content\/uploads\/2024\/01\/24432-1.webp",640,443,false],"thumblist":["https:\/\/imagazine.it\/wp-content\/uploads\/2024\/01\/24432-1.webp",300,208,false],"thumbrelated":["https:\/\/imagazine.it\/wp-content\/uploads\/2024\/01\/24432-1.webp",500,346,false],"meccarouselthumb":["https:\/\/imagazine.it\/wp-content\/uploads\/2024\/01\/24432-1.webp",468,324,false],"gridsquare":["https:\/\/imagazine.it\/wp-content\/uploads\/2024\/01\/24432-1.webp",376,260,false],"tileview":["https:\/\/imagazine.it\/wp-content\/uploads\/2024\/01\/24432-1.webp",300,208,false],"1536x1536":["https:\/\/imagazine.it\/wp-content\/uploads\/2024\/01\/24432-1.webp",750,519,false],"2048x2048":["https:\/\/imagazine.it\/wp-content\/uploads\/2024\/01\/24432-1.webp",750,519,false],"newsup-slider-full":["https:\/\/imagazine.it\/wp-content\/uploads\/2024\/01\/24432-1.webp",750,519,false],"newsup-featured":["https:\/\/imagazine.it\/wp-content\/uploads\/2024\/01\/24432-1.webp",750,519,false],"newsup-medium":["https:\/\/imagazine.it\/wp-content\/uploads\/2024\/01\/24432-1-720x380.webp",720,380,true],"tptn_thumbnail":["https:\/\/imagazine.it\/wp-content\/uploads\/2024\/01\/24432-1.webp",250,173,false],"sow-carousel-default":["https:\/\/imagazine.it\/wp-content\/uploads\/2024\/01\/24432-1-272x182.webp",272,182,true]},"rttpg_author":{"display_name":"redazione","author_link":"https:\/\/imagazine.it\/home_desk\/author\/redazione\/"},"rttpg_comment":0,"rttpg_category":"<a href=\"https:\/\/imagazine.it\/home_desk\/category\/cultura-e-spettacolo\/\" rel=\"category tag\">CULTURA&amp;SPETTACOLO<\/a>","rttpg_excerpt":"Dal 16 al 18 marzo","_links":{"self":[{"href":"https:\/\/imagazine.it\/home_desk\/wp-json\/wp\/v2\/posts\/26277","targetHints":{"allow":["GET"]}}],"collection":[{"href":"https:\/\/imagazine.it\/home_desk\/wp-json\/wp\/v2\/posts"}],"about":[{"href":"https:\/\/imagazine.it\/home_desk\/wp-json\/wp\/v2\/types\/post"}],"author":[{"embeddable":true,"href":"https:\/\/imagazine.it\/home_desk\/wp-json\/wp\/v2\/users\/28"}],"replies":[{"embeddable":true,"href":"https:\/\/imagazine.it\/home_desk\/wp-json\/wp\/v2\/comments?post=26277"}],"version-history":[{"count":0,"href":"https:\/\/imagazine.it\/home_desk\/wp-json\/wp\/v2\/posts\/26277\/revisions"}],"wp:featuredmedia":[{"embeddable":true,"href":"https:\/\/imagazine.it\/home_desk\/wp-json\/wp\/v2\/media\/26278"}],"wp:attachment":[{"href":"https:\/\/imagazine.it\/home_desk\/wp-json\/wp\/v2\/media?parent=26277"}],"wp:term":[{"taxonomy":"category","embeddable":true,"href":"https:\/\/imagazine.it\/home_desk\/wp-json\/wp\/v2\/categories?post=26277"},{"taxonomy":"post_tag","embeddable":true,"href":"https:\/\/imagazine.it\/home_desk\/wp-json\/wp\/v2\/tags?post=26277"}],"curies":[{"name":"wp","href":"https:\/\/api.w.org\/{rel}","templated":true}]}}