{"id":26263,"date":"2018-03-09T00:00:00","date_gmt":"2018-03-08T23:00:00","guid":{"rendered":"https:\/\/imagazine.it\/?p=26263"},"modified":"2018-03-09T00:00:00","modified_gmt":"2018-03-08T23:00:00","slug":"roncadin-ricollochera-i-lavoratori-electrolux","status":"publish","type":"post","link":"https:\/\/imagazine.it\/home_desk\/roncadin-ricollochera-i-lavoratori-electrolux\/","title":{"rendered":"Roncadin ricollocher\u00e0 i lavoratori Electrolux"},"content":{"rendered":"<p>Si \u00e8 tenuto oggi presso la sede di Unindustria Pordenone l\u2019incontro tra <strong>Electrolux Italia<\/strong> e la societ\u00e0 <strong>Roncadin Spa<\/strong> per la sottoscrizione dell\u2019Accordo Quadro relativo al <strong>programma di ricollocazione professionale di dipendenti Electrolux<\/strong>.<\/p>\n<p>Electrolux Italia, in relazione all\u2019implementazione dei propri Piani Industriali e nell\u2019ambito del Piano Sociale per la gestione delle eccedenze strutturali, ha individuato, grazie all\u2019intermediazione di Unindustria Pordenone, la societ\u00e0 Roncadin quale realt\u00e0 del territorio disponibile ad assumere personale eccedentario dello stabilimento di Porcia.<\/p>\n<p>Con il presente accordo Roncadin, secondo i propri tempi e le proprie esigenze organizzative e nell\u2019ambito dei propri piani di selezione, conferma la disponibilit\u00e0 ad assumere con contratto a tempo indeterminato fino a 80 dipendenti di Electrolux, impiegandoli all\u2019interno della propria realt\u00e0 aziendale e facendosi carico della loro riqualificazione e formazione professionale. L\u2019adesione a questo percorso di possibile ricollocazione prender\u00e0 avvio solo a fronte di una scelta individuale e volontaria dei dipendenti di Electrolux.<\/p>\n<p>Con il presente accordo Electrolux conferma gli impegni assunti con il Governo nel 2014 che prevedevano, nell\u2019ambito del piano industriale per il sito di Porcia, la creazione di concrete opportunit\u00e0 di reimpiego per un determinato numero di lavoratori eccedentari.<\/p>\n<p>\u00abQuesto accordo \u2013 ha commentato <strong>Ernesto Ferrario<\/strong>, amministratore delegato Electrolux Italia \u2013 \u00e8 frutto del lavoro costante di Electrolux nel ricercare, in questi quattro anni, soluzioni sostenibili che potessero garantire una continuit\u00e0 occupazionale per i nostri dipendenti, in una realt\u00e0 aziendale solida. Il percorso fatto sino ad ora \u00e8 stato complesso, in un contesto industriale difficile, ma sono molto soddisfatto perch\u00e9 con questa firma abbiamo portato a termine e mantenuto fede agli impegni sottoscritti\u00bb.<\/p>\n<p>\u00abRoncadin conferma il suo impegno a investire nel territorio, come ha sempre fatto fin dalla sua nascita\u00bb ha dichiarato<strong> Edoardo Roncadin<\/strong>, presidente dell&#39;azienda di Meduno. \u00abSuperato il colloquio di valutazione iniziale e dopo un periodo di prova di massimo due mesi, assumeremo a tempo indeterminato i dipendenti Electrolux che vorranno diventare parte della nostra grande famiglia, per lavorare con noi alla realizzazione concreta dei piani di crescita di Roncadin. Siamo felici di poter avere cos\u00ec un ruolo effettivo nel salvaguardare l&#39;occupazione e lo sviluppo della zona pedemontana\u00bb.<\/p>\n<p>Roncadin \u00a0nel corso dell&#39;anno completer\u00e0 la costruzione di un nuovo stabilimento a Meduno con due nuove linee di produzione, la prima delle quali entrer\u00e0 in funzione entro l\u2019estate.<\/p>\n<p>Soddisfazione per l\u2019accordo \u00e8 stata espressa dal presidente di Unindustria, <strong>Michelangelo Agrusti<\/strong>, il quale ha poi posto l\u2019accento sul lavoro svolto dal management Electrolux affinch\u00e9 la pi\u00f9 importante azienda del territorio restasse a Porcia:\u00a0\u00abNon era una cosa scontata, non \u00e8 stato semplice, ma alla fine \u2013 ha spiegato \u2013 grazie al sostegno di Regione e Governo, \u00e8 stato individuato un accordo che consente alla multinazionale di continuare a produrre nel Pordenonese\u00bb. Riferendosi infine all\u2019area dismessa di Porcia in attesa di ricollocazione, il presidente ha aggiunto che Unindustria proseguir\u00e0 nella ricerca di soluzioni per la reindustrializzazione di un compound molto attrattivo in quanto gi\u00e0 strutturato e organizzato: \u00abNon demordiamo: un\u2019area cos\u00ec grande non pu\u00f2 restare cos\u00ec a lungo inutilizzata\u00bb.<\/p>\n","protected":false},"excerpt":{"rendered":"<p>Siglato l&#8217;accordo a Pordenone<\/p>\n","protected":false},"author":28,"featured_media":26264,"comment_status":"closed","ping_status":"closed","sticky":false,"template":"","format":"standard","meta":{"dwc-title":[],"dwc-content":[],"footnotes":""},"categories":[5],"tags":[],"class_list":["post-26263","post","type-post","status-publish","format-standard","has-post-thumbnail","hentry","category-attualita"],"rttpg_featured_image_url":{"full":["https:\/\/imagazine.it\/wp-content\/uploads\/2024\/01\/24405-1.webp",750,472,false],"landscape":["https:\/\/imagazine.it\/wp-content\/uploads\/2024\/01\/24405-1.webp",750,472,false],"portraits":["https:\/\/imagazine.it\/wp-content\/uploads\/2024\/01\/24405-1.webp",750,472,false],"thumbnail":["https:\/\/imagazine.it\/wp-content\/uploads\/2024\/01\/24405-1-150x150.webp",150,150,true],"medium":["https:\/\/imagazine.it\/wp-content\/uploads\/2024\/01\/24405-1-300x189.webp",300,189,true],"large":["https:\/\/imagazine.it\/wp-content\/uploads\/2024\/01\/24405-1.webp",640,403,false],"thumblist":["https:\/\/imagazine.it\/wp-content\/uploads\/2024\/01\/24405-1.webp",300,189,false],"thumbrelated":["https:\/\/imagazine.it\/wp-content\/uploads\/2024\/01\/24405-1.webp",500,315,false],"meccarouselthumb":["https:\/\/imagazine.it\/wp-content\/uploads\/2024\/01\/24405-1.webp",474,298,false],"gridsquare":["https:\/\/imagazine.it\/wp-content\/uploads\/2024\/01\/24405-1.webp",391,246,false],"tileview":["https:\/\/imagazine.it\/wp-content\/uploads\/2024\/01\/24405-1.webp",300,189,false],"1536x1536":["https:\/\/imagazine.it\/wp-content\/uploads\/2024\/01\/24405-1.webp",750,472,false],"2048x2048":["https:\/\/imagazine.it\/wp-content\/uploads\/2024\/01\/24405-1.webp",750,472,false],"newsup-slider-full":["https:\/\/imagazine.it\/wp-content\/uploads\/2024\/01\/24405-1.webp",750,472,false],"newsup-featured":["https:\/\/imagazine.it\/wp-content\/uploads\/2024\/01\/24405-1.webp",750,472,false],"newsup-medium":["https:\/\/imagazine.it\/wp-content\/uploads\/2024\/01\/24405-1-720x380.webp",720,380,true],"tptn_thumbnail":["https:\/\/imagazine.it\/wp-content\/uploads\/2024\/01\/24405-1.webp",250,157,false],"sow-carousel-default":["https:\/\/imagazine.it\/wp-content\/uploads\/2024\/01\/24405-1-272x182.webp",272,182,true]},"rttpg_author":{"display_name":"redazione","author_link":"https:\/\/imagazine.it\/home_desk\/author\/redazione\/"},"rttpg_comment":0,"rttpg_category":"<a href=\"https:\/\/imagazine.it\/home_desk\/category\/attualita\/\" rel=\"category tag\">ATTUALIT\u00c0<\/a>","rttpg_excerpt":"Siglato l'accordo a Pordenone","_links":{"self":[{"href":"https:\/\/imagazine.it\/home_desk\/wp-json\/wp\/v2\/posts\/26263","targetHints":{"allow":["GET"]}}],"collection":[{"href":"https:\/\/imagazine.it\/home_desk\/wp-json\/wp\/v2\/posts"}],"about":[{"href":"https:\/\/imagazine.it\/home_desk\/wp-json\/wp\/v2\/types\/post"}],"author":[{"embeddable":true,"href":"https:\/\/imagazine.it\/home_desk\/wp-json\/wp\/v2\/users\/28"}],"replies":[{"embeddable":true,"href":"https:\/\/imagazine.it\/home_desk\/wp-json\/wp\/v2\/comments?post=26263"}],"version-history":[{"count":0,"href":"https:\/\/imagazine.it\/home_desk\/wp-json\/wp\/v2\/posts\/26263\/revisions"}],"wp:featuredmedia":[{"embeddable":true,"href":"https:\/\/imagazine.it\/home_desk\/wp-json\/wp\/v2\/media\/26264"}],"wp:attachment":[{"href":"https:\/\/imagazine.it\/home_desk\/wp-json\/wp\/v2\/media?parent=26263"}],"wp:term":[{"taxonomy":"category","embeddable":true,"href":"https:\/\/imagazine.it\/home_desk\/wp-json\/wp\/v2\/categories?post=26263"},{"taxonomy":"post_tag","embeddable":true,"href":"https:\/\/imagazine.it\/home_desk\/wp-json\/wp\/v2\/tags?post=26263"}],"curies":[{"name":"wp","href":"https:\/\/api.w.org\/{rel}","templated":true}]}}