{"id":26255,"date":"2018-03-09T00:00:00","date_gmt":"2018-03-08T23:00:00","guid":{"rendered":"https:\/\/imagazine.it\/?p=26255"},"modified":"2018-03-09T00:00:00","modified_gmt":"2018-03-08T23:00:00","slug":"pro-gorizia-in-festa-per-i-95-anni","status":"publish","type":"post","link":"https:\/\/imagazine.it\/home_desk\/pro-gorizia-in-festa-per-i-95-anni\/","title":{"rendered":"Pro Gorizia in festa per i 95 anni"},"content":{"rendered":"<p>Importante traguardo di longevit\u00e0 per l\u2019Asd Pro Gorizia che proprio oggi, alla vigilia della sfida di campionato con l\u2019Ism Gradisca (prima contro seconda in classifica), festeggia i 95 anni di attivit\u00e0.<\/p>\n<p>Una storia quella biancazzurra iniziata da una saletta del Caff\u00e8 Adriatico di Piazza Vittoria dove 13 soci fondarono la Pro Gorizia e che oggi \u00e8 tornata ad appassionare la citt\u00e0 grazie ai recenti risultati sportivi. Una storia che ha visto passare tra le fila biancazzurre calciatori e allenatori come <strong>Ivano Blason<\/strong>, <strong>Giorgio Puia<\/strong>, <strong>Bruno Pizzul<\/strong>, <strong>Enzo Bearzot<\/strong>, <strong>Edy Reja<\/strong>, <strong>Luigi Delneri<\/strong> solo per citarne alcuni tra i pi\u00f9 celebri. Oltre a questi da non dimenticare i presidenti, tra cui <strong>Aldo Tacchini<\/strong> (presidente della Pro in serie B), <strong>Giancarlo Pozzo<\/strong> e <strong>Paolo Bressan<\/strong>, quest\u2019ultimo capace di riportare in due anni la Pro Gorizia dalla seconda categoria alla Promozione.<\/p>\n<p>Una storia che ha visto i colori biancazzurri arrivare fino alla serie B negli anni del dopoguerra e poi vivere numerose stagioni ad alto livello in serie C e serie D. Dopo una stabile presenza in Eccellenza a inizio anni 2000 \u00e8 seguita una caduta che ha portato la squadra fino al baratro della Seconda categoria. Da l\u00ec per\u00f2 \u00e8 iniziata una nuova storia.<\/p>\n<p>Come festeggeranno i biancazzurri questo traguardo? Innanzitutto oggi si chiude il viaggio di \u201cProGorizia95\u201d, progetto curato da <strong>Andrea Tercig<\/strong> che a partire da dicembre ha raccontato ogni giorno sul sito ufficiale della Pro Gorizia, per 95 giorni, una pillola di storia biancazzurra. Oggi gran finale con uno speciale video riassuntivo di questi 95 anni che \u00e8 online fin dalle prime ore di questa mattina e l\u2019ultimo emozionante capitolo di questo lungo racconto. Il tutto sar\u00e0 pubblicato sia <u><a href=\"http:\/\/progorizia.wixsite.com\/progorizia\" target=\"_blank\" rel=\"noopener\">sul sito ufficiale della societ\u00e0<\/a><\/u> sia sui canali Facebook e Twitter.<\/p>\n<p>Per quanto riguarda la festa vera e propria bisogner\u00e0 aspettare ancora sette giorni: \u00e8 intenzione della societ\u00e0 celebrare il compleanno domenica 18 marzo in occasione della gara casalinga contro il Vesna. Ulteriori dettagli verranno forniti prossimamente.<\/p>\n","protected":false},"excerpt":{"rendered":"<p>9 marzo 1923 \u2013 9 marzo 2018<\/p>\n","protected":false},"author":28,"featured_media":26256,"comment_status":"closed","ping_status":"closed","sticky":false,"template":"","format":"standard","meta":{"dwc-title":[],"dwc-content":[],"footnotes":""},"categories":[38],"tags":[],"class_list":["post-26255","post","type-post","status-publish","format-standard","has-post-thumbnail","hentry","category-sport"],"rttpg_featured_image_url":{"full":["https:\/\/imagazine.it\/wp-content\/uploads\/2024\/01\/24388-1.webp",750,470,false],"landscape":["https:\/\/imagazine.it\/wp-content\/uploads\/2024\/01\/24388-1.webp",750,470,false],"portraits":["https:\/\/imagazine.it\/wp-content\/uploads\/2024\/01\/24388-1.webp",750,470,false],"thumbnail":["https:\/\/imagazine.it\/wp-content\/uploads\/2024\/01\/24388-1-150x150.webp",150,150,true],"medium":["https:\/\/imagazine.it\/wp-content\/uploads\/2024\/01\/24388-1-300x188.webp",300,188,true],"large":["https:\/\/imagazine.it\/wp-content\/uploads\/2024\/01\/24388-1.webp",640,401,false],"thumblist":["https:\/\/imagazine.it\/wp-content\/uploads\/2024\/01\/24388-1.webp",300,188,false],"thumbrelated":["https:\/\/imagazine.it\/wp-content\/uploads\/2024\/01\/24388-1.webp",500,313,false],"meccarouselthumb":["https:\/\/imagazine.it\/wp-content\/uploads\/2024\/01\/24388-1.webp",474,297,false],"gridsquare":["https:\/\/imagazine.it\/wp-content\/uploads\/2024\/01\/24388-1.webp",391,245,false],"tileview":["https:\/\/imagazine.it\/wp-content\/uploads\/2024\/01\/24388-1.webp",300,188,false],"1536x1536":["https:\/\/imagazine.it\/wp-content\/uploads\/2024\/01\/24388-1.webp",750,470,false],"2048x2048":["https:\/\/imagazine.it\/wp-content\/uploads\/2024\/01\/24388-1.webp",750,470,false],"newsup-slider-full":["https:\/\/imagazine.it\/wp-content\/uploads\/2024\/01\/24388-1.webp",750,470,false],"newsup-featured":["https:\/\/imagazine.it\/wp-content\/uploads\/2024\/01\/24388-1.webp",750,470,false],"newsup-medium":["https:\/\/imagazine.it\/wp-content\/uploads\/2024\/01\/24388-1-720x380.webp",720,380,true],"tptn_thumbnail":["https:\/\/imagazine.it\/wp-content\/uploads\/2024\/01\/24388-1.webp",250,157,false],"sow-carousel-default":["https:\/\/imagazine.it\/wp-content\/uploads\/2024\/01\/24388-1-272x182.webp",272,182,true]},"rttpg_author":{"display_name":"redazione","author_link":"https:\/\/imagazine.it\/home_desk\/author\/redazione\/"},"rttpg_comment":0,"rttpg_category":"<a href=\"https:\/\/imagazine.it\/home_desk\/category\/sport\/\" rel=\"category tag\">SPORT<\/a>","rttpg_excerpt":"9 marzo 1923 \u2013 9 marzo 2018","_links":{"self":[{"href":"https:\/\/imagazine.it\/home_desk\/wp-json\/wp\/v2\/posts\/26255","targetHints":{"allow":["GET"]}}],"collection":[{"href":"https:\/\/imagazine.it\/home_desk\/wp-json\/wp\/v2\/posts"}],"about":[{"href":"https:\/\/imagazine.it\/home_desk\/wp-json\/wp\/v2\/types\/post"}],"author":[{"embeddable":true,"href":"https:\/\/imagazine.it\/home_desk\/wp-json\/wp\/v2\/users\/28"}],"replies":[{"embeddable":true,"href":"https:\/\/imagazine.it\/home_desk\/wp-json\/wp\/v2\/comments?post=26255"}],"version-history":[{"count":0,"href":"https:\/\/imagazine.it\/home_desk\/wp-json\/wp\/v2\/posts\/26255\/revisions"}],"wp:featuredmedia":[{"embeddable":true,"href":"https:\/\/imagazine.it\/home_desk\/wp-json\/wp\/v2\/media\/26256"}],"wp:attachment":[{"href":"https:\/\/imagazine.it\/home_desk\/wp-json\/wp\/v2\/media?parent=26255"}],"wp:term":[{"taxonomy":"category","embeddable":true,"href":"https:\/\/imagazine.it\/home_desk\/wp-json\/wp\/v2\/categories?post=26255"},{"taxonomy":"post_tag","embeddable":true,"href":"https:\/\/imagazine.it\/home_desk\/wp-json\/wp\/v2\/tags?post=26255"}],"curies":[{"name":"wp","href":"https:\/\/api.w.org\/{rel}","templated":true}]}}