{"id":26249,"date":"2018-03-08T00:00:00","date_gmt":"2018-03-07T23:00:00","guid":{"rendered":"https:\/\/imagazine.it\/?p=26249"},"modified":"2018-03-08T00:00:00","modified_gmt":"2018-03-07T23:00:00","slug":"trieste-ritorna-il-festival-di-musica-per-bambini","status":"publish","type":"post","link":"https:\/\/imagazine.it\/home_desk\/trieste-ritorna-il-festival-di-musica-per-bambini\/","title":{"rendered":"Trieste, ritorna il Festival di Musica per Bambini"},"content":{"rendered":"<p>Casa della Musica \/ Scuola di Musica 55 di Trieste festeggia il decimo traguardo del Festival di Musica per bambini, che debutta <strong>sabato 10 marzo per proseguire fino al 19 maggio<\/strong>.<\/p>\n<p>Al crescere delle candeline crescono anche i partner che collaborano alla realizzazione del Festival:\u00a0insieme al\u00a0<strong>Comune di Trieste<\/strong>, tornano anche quest&#39;anno la\u00a0<strong>Fondazione Teatro Lirico Giuseppe Verdi<\/strong>, il <strong>Festival Wunderkammer<\/strong>, il\u00a0<strong>Conservatorio di Musica Tartini<\/strong>,\u00a0<strong>l&#39;Immaginario Scientifico<\/strong>,\u00a0<strong>l&#39;Aurora Ensemble<\/strong>\u00a0e<strong>\u00a0Comunicarte<\/strong>.\u00a0Tra i nuovi compagni di viaggio sono\u00a0<strong>Rai Radio Kids<\/strong>\u00a0&#8211; che affianca l\u2019intervento ormai consolidato della\u00a0<strong>Sede Rai del Friuli Venezia Giulia<\/strong>, entrambe media partner del Festival, <strong>l&#39;Associazione Internazionale dell&#39;Operetta<\/strong>. Coordinamento e direzione artistica sono come sempre affidati a\u00a0<strong>Gabriele Centis e Vincenzo Stera<\/strong>.\u00a0<\/p>\n<p>Si conferma anche la mission del Festival, quella di orientare i pi\u00f9 piccoli e le loro famiglie all&#39;ascolto dei pi\u00f9 diversi linguaggi musicali e pi\u00f9 in generale espressivi: oltre ai numerosi spettacoli ed incontri, il programma prevede il convegno :\u00a0<strong>\u201cLe esperienze di ascolto nella formazione del bambino&#8221;\u00a0<\/strong>dedicato ad educatori dei nidi,\u00a0 docenti delle scuole dell\u2019infanzia e primaria, musicisti, studenti e laureati in scienze della formazione, studenti del Conservatorio musicale, genitori.<\/p>\n<p><strong>Sabato 10 marzo<\/strong> il debutto con &#8220;Una piccola Storia di Jazz&#8221;, per bambini dai 4 ai 10 anni, in doppia replica &#8211; alle 11 e alle 17 &#8211; all&#39;Auditorium di Casa della Musica: uno spettacolo che unisce la spiritosa narrazione alle pi\u00f9 varie forme di swing, blues e tradizione afro americana.\u00a0<\/p>\n<p><strong>Domenica 11 marzo<\/strong>, per entrare nel clima del festival, la Rai &#8211; Sede del Friuli Venezia Giulia trasmette la replica de &#8220;La musica dello Gnomo Mirtillo&#8221; coprodotta e registrata nel 2014.<\/p>\n<p><strong>Sabato 17 marzo<\/strong>, ancora in doppia replica (ore 11 e 17), sempre a Casa della Musica, torna la &#8220;Storia di una Stella Marina&#8221;, prodotto dal\u00a0<strong>Festival di musica per bambini e dal Festival Wunderkammer \u2013 mini W<\/strong>, una storia favolosa e visionaria, da ascoltare e guardare insieme, tra pop up in movimento, narrazione e musica dal vivo (per i bambini dai 3 ai 6 anni).<\/p>\n<p><strong>Mercoled\u00ec 21 marzo<\/strong>, alle 17.30 \u00e8 il\u00a0Teatro Stabile Sloveno a ospitare &#8220;Bastiano e Bastiana&#8221;, il <em>Singspiel<\/em> di Mozart\u00a0 nella versione prodotta per l&#39;occasione dall&#39;<strong>Associazione Aurora Ensemble e dall&#39;Associazione Internazionale dell\u2019operetta FVG<\/strong>, dedicata ai bambini (e non solo) dai 5 anni in su.<\/p>\n<p><strong>Domenica 8 aprile<\/strong>\u00a0il Festival torna a Casa della Musica dove alle 10.30 va in scena &#8220;Gomito a gomito&#8221;, una produzione\u00a0<strong>Festival Wunderkammer &#8211; miniW<\/strong>, che vede due pianiste sedersi e farsi i dispetti suonando musiche di Faur\u00e9 sullo stesso pianoforte, accompagnate da narrazione e incantevoli pop up (per i bambini tra i 5 e i 10 anni).<\/p>\n<p><strong>Domenica 15 aprile<\/strong>\u00a0 un concerto a pi\u00f9 voci\u00a0 per i piccolissimi, ancora una produzione di Casa della musica realizzata e guidata dagli insegnanti della Scuola di musica 55 per bambini: &#8220;In-canto per te&#8221; \u00e8 dedicato ai bambini tra 0 e 10 mesi. Ninne nanne e filastrocche cantate e danzate e dolci melodie\u00a0 per accogliere le prime capacit\u00e0 dei piccolissimi a sviluppare la propria innata musicalit\u00e0.<\/p>\n<p><strong>Sabato 21 aprile<\/strong>, alle 17 ancora a Casa della Musica, torna il &#8220;Circo Nai e Max&#8221;, da Carrara, a far sognare i bambini tra 2 e 6 anni: musica originale suonata live dalla fisarmonica e un bizzarro teatro di burattini destano continue sorprese nel raccontare senza parole una storia magica.\u00a0<\/p>\n<p><strong>Sabato 21 aprile<\/strong>\u00a0all&#39;Immaginario Scientifico i pi\u00f9 grandi (dai 7 anni) sono invitati fuori per la Notte Immaginaria &#8211; Il suono della scienza: niente genitori, solo bambini e sacchi a pelo, fuori per una notte a godersi il museo, gli esperimenti sonori e merende e colazioni rigorosamente scientifiche.\u00a0<\/p>\n<p><strong>Mercoled\u00ec 9 maggio<\/strong>\u00a0alle 17.30 il Festival \u00e8 ospite della Sala &#8220;Victor de Sabata&#8221; del Ridotto del Verdi: &#8220;Un&#39;orchestra e un coro per te&#8221; illustrano la potenza e la duttilit\u00e0 degli strumenti e delle voci del teatro d&#39;opera a spettatori pi\u00f9 o meno piccoli.\u00a0\u00a0<\/p>\n<p>Grande ritorno\u00a0<strong>sabato 12 maggio<\/strong>\u00a0alle 11 e alle 17 (Casa della Musica) de &#8220;La musica dello Gnomo Mirtillo&#8221;, la produzione storica del Festival di Musica per bambini, e ormai un vero classico: il viaggio del piccolo gnomo invisibile attraverso il bosco verso la sua nuova casa.<\/p>\n<p>Ultimo appuntamento per il pubblico \u00e8 quello del\u00a0<strong>19 maggio\u00a0<\/strong>con &#8220;Percussion&#8221;: il Conservatorio Tartini apre le sue porte e rende possibile un incontro dei bambini del festival con i docenti e gli allievi delle classi di percussioni:\u00a0i timpani, la grancassa, i piatti, la batteria, gli xilofoni e molti altri strumenti saranno spiegati e messi alla prova.<\/p>\n<p><strong>Tra aprile e maggio<\/strong>\u00a0alcuni degli spettacoli (il calendario \u00e8 disponibile sul sito\u00a0<a data-saferedirecturl=\"https:\/\/www.google.com\/url?hl=it&#038;q=http:\/\/www.festivaldimusicaperbambini.com&#038;source=gmail&#038;ust=1520582138547000&#038;usg=AFQjCNHfxxO4f0gFenfPngoY6Z09alyYLw\" href=\"http:\/\/www.festivaldimusicaperbambini.com\/\" target=\"_blank\" rel=\"noopener\">www.<wbr \/>festivaldimusicaperbambini.com<\/a><wbr \/>)\u00a0sono riservati su prenotazione alle scuole.<\/p>\n<p><strong>Sabato 14 aprile<\/strong>\u00a0\u00e8 la data del\u00a0<strong>convegno &#8220;Le esperienze di ascolto nella formazione del bambino&#8221;<\/strong>\u00a0che occuper\u00e0 l&#39;Auditorium &#8220;Marco Sofianopulo&#8221; per tutta la mattinata, destinato a educatori dei nidi, docenti delle scuole dell\u2019infanzia e primaria, musicisti, studenti e laureati in scienze della formazione, studenti del Conservatorio musicale, genitori. Il convegno \u00e8 patrocinato\u00a0dall&#39;Ufficio Scolastico Regionale del Friuli Venezia Giulia ed \u00e8 realizzato nell&#39;ambito\u00a0 del &#8220;Progetto di divulgazione della cultura umanistico musicale rivolta all&#39;area dell&#39;infanzia 0-6&#8221;\u00a0con il contributo della Regione FVG.<\/p>\n<p>A concentrarsi sul tema e sui suoi risvolti sull&#39;ambito educativo e dell&#39;apprendimento saranno, unitamente al direttore artistico Vincenzo Stera, anche\u00a0<strong>Eva Orzan<\/strong>, direttore audiologia e otorinolaringoiatria IRCCS materno infantile &#8220;Burlo Garofolo&#8221; di Trieste,\u00a0<strong>Roberto Favero<\/strong>, musicologo e saggista, docente di Storia dello Spettacolo e della Musica presso\u00a0 l\u2019Accademia di Belle Arti di Brera di Milano;\u00a0<strong>Franca Mazzoli<\/strong>, pedagogista e formatore dell&#39;Associazione \u201cQB Quanto Basta\u201d di Bologna,\u00a0<strong>Piero Pieri<\/strong>,\u00a0 programmista e regista\u00a0Rai sede regionale del Friuli Venezia Giulia e <strong>Armando Traverso<\/strong>, direttore artistico di\u00a0<strong>Rai Radio Kids<\/strong>.<\/p>\n<p>Tutte le informazioni sul Festival, sui biglietti e sulle prenotazioni sono disponibili in\u00a0<strong>Segreteria di Casa della Musica: tel. 040 307309, dal luned\u00ec al venerd\u00ec dalle 15 alle 19, il gioved\u00ec anche dalle 10 alle 12<\/strong>\u00a0oppure scrivendo a <a href=\"mailto:info@scuoladimusica55.it\" target=\"_blank\" rel=\"noopener\">info@scuoladimusica55.it<\/a><\/p>\n","protected":false},"excerpt":{"rendered":"<p>Dal 10 marzo al 19 maggio<\/p>\n","protected":false},"author":28,"featured_media":26250,"comment_status":"closed","ping_status":"closed","sticky":false,"template":"","format":"standard","meta":{"dwc-title":[],"dwc-content":[],"footnotes":""},"categories":[37],"tags":[],"class_list":["post-26249","post","type-post","status-publish","format-standard","has-post-thumbnail","hentry","category-cultura-e-spettacolo"],"rttpg_featured_image_url":{"full":["https:\/\/imagazine.it\/wp-content\/uploads\/2024\/01\/24374-1.webp",750,500,false],"landscape":["https:\/\/imagazine.it\/wp-content\/uploads\/2024\/01\/24374-1.webp",750,500,false],"portraits":["https:\/\/imagazine.it\/wp-content\/uploads\/2024\/01\/24374-1.webp",750,500,false],"thumbnail":["https:\/\/imagazine.it\/wp-content\/uploads\/2024\/01\/24374-1-150x150.webp",150,150,true],"medium":["https:\/\/imagazine.it\/wp-content\/uploads\/2024\/01\/24374-1-300x200.webp",300,200,true],"large":["https:\/\/imagazine.it\/wp-content\/uploads\/2024\/01\/24374-1.webp",640,427,false],"thumblist":["https:\/\/imagazine.it\/wp-content\/uploads\/2024\/01\/24374-1.webp",300,200,false],"thumbrelated":["https:\/\/imagazine.it\/wp-content\/uploads\/2024\/01\/24374-1.webp",500,333,false],"meccarouselthumb":["https:\/\/imagazine.it\/wp-content\/uploads\/2024\/01\/24374-1.webp",474,316,false],"gridsquare":["https:\/\/imagazine.it\/wp-content\/uploads\/2024\/01\/24374-1.webp",391,260,false],"tileview":["https:\/\/imagazine.it\/wp-content\/uploads\/2024\/01\/24374-1.webp",300,200,false],"1536x1536":["https:\/\/imagazine.it\/wp-content\/uploads\/2024\/01\/24374-1.webp",750,500,false],"2048x2048":["https:\/\/imagazine.it\/wp-content\/uploads\/2024\/01\/24374-1.webp",750,500,false],"newsup-slider-full":["https:\/\/imagazine.it\/wp-content\/uploads\/2024\/01\/24374-1.webp",750,500,false],"newsup-featured":["https:\/\/imagazine.it\/wp-content\/uploads\/2024\/01\/24374-1.webp",750,500,false],"newsup-medium":["https:\/\/imagazine.it\/wp-content\/uploads\/2024\/01\/24374-1-720x380.webp",720,380,true],"tptn_thumbnail":["https:\/\/imagazine.it\/wp-content\/uploads\/2024\/01\/24374-1.webp",250,167,false],"sow-carousel-default":["https:\/\/imagazine.it\/wp-content\/uploads\/2024\/01\/24374-1-272x182.webp",272,182,true]},"rttpg_author":{"display_name":"redazione","author_link":"https:\/\/imagazine.it\/home_desk\/author\/redazione\/"},"rttpg_comment":0,"rttpg_category":"<a href=\"https:\/\/imagazine.it\/home_desk\/category\/cultura-e-spettacolo\/\" rel=\"category tag\">CULTURA&amp;SPETTACOLO<\/a>","rttpg_excerpt":"Dal 10 marzo al 19 maggio","_links":{"self":[{"href":"https:\/\/imagazine.it\/home_desk\/wp-json\/wp\/v2\/posts\/26249","targetHints":{"allow":["GET"]}}],"collection":[{"href":"https:\/\/imagazine.it\/home_desk\/wp-json\/wp\/v2\/posts"}],"about":[{"href":"https:\/\/imagazine.it\/home_desk\/wp-json\/wp\/v2\/types\/post"}],"author":[{"embeddable":true,"href":"https:\/\/imagazine.it\/home_desk\/wp-json\/wp\/v2\/users\/28"}],"replies":[{"embeddable":true,"href":"https:\/\/imagazine.it\/home_desk\/wp-json\/wp\/v2\/comments?post=26249"}],"version-history":[{"count":0,"href":"https:\/\/imagazine.it\/home_desk\/wp-json\/wp\/v2\/posts\/26249\/revisions"}],"wp:featuredmedia":[{"embeddable":true,"href":"https:\/\/imagazine.it\/home_desk\/wp-json\/wp\/v2\/media\/26250"}],"wp:attachment":[{"href":"https:\/\/imagazine.it\/home_desk\/wp-json\/wp\/v2\/media?parent=26249"}],"wp:term":[{"taxonomy":"category","embeddable":true,"href":"https:\/\/imagazine.it\/home_desk\/wp-json\/wp\/v2\/categories?post=26249"},{"taxonomy":"post_tag","embeddable":true,"href":"https:\/\/imagazine.it\/home_desk\/wp-json\/wp\/v2\/tags?post=26249"}],"curies":[{"name":"wp","href":"https:\/\/api.w.org\/{rel}","templated":true}]}}