{"id":26231,"date":"2018-03-07T00:00:00","date_gmt":"2018-03-06T23:00:00","guid":{"rendered":"https:\/\/imagazine.it\/?p=26231"},"modified":"2018-03-07T00:00:00","modified_gmt":"2018-03-06T23:00:00","slug":"gorizia-la-speleologia-si-apre-ai-giovani","status":"publish","type":"post","link":"https:\/\/imagazine.it\/home_desk\/gorizia-la-speleologia-si-apre-ai-giovani\/","title":{"rendered":"Gorizia, la speleologia si apre ai giovani"},"content":{"rendered":"<p>Anche quest\u2019anno la Scuola di speleologia \u201cCitt\u00e0 di Gorizia \u2013 Igor Kociancic\u201d del Centro Ricerche Carsiche \u201cC. Seppenhofer\u201d, in collaborazione con il Comune di Gorizia e con il Punto Giovani di Gorizia, ha organizzato il \u201cCorso di introduzione alla speleologia\u201d dedicato proprio ai ragazzi per poter spiegare loro cosa sono la speleologia e il fenomeno carsico.<\/p>\n<p>Il corso, giunto alla sua sesta edizione, avr\u00e0 inizio gioved\u00ec 8 marzo e proseguir\u00e0 per tutto il mese di marzo con tre<br \/> escursioni in grotta e quattro lezioni teoriche. Gi\u00e0 giunte numerose adesioni non solo da parte di giovani goriziani ma anche di alcuni appassionati provenienti da Udine e Trieste, nonch\u00e9 dai paesi limitrofi a Gorizia.<\/p>\n<p>Al corso, che \u00e8 completamente gratuito, ci si potr\u00e0 iscrivere anche il giorno stesso dell\u2019apertura ufficiale, prevista per le ore 20 presso la sede del Punto Giovani di Gorizia in via Vittorio Veneto 7 (ex Lenassi).<\/p>\n<p>L\u2019obiettivo principale \u2013 rendono noto gli organizzatori \u2013 \u00e8 quello di affrontare in modo nuovo l\u2019approccio dei<br \/> giovani verso questa disciplina. Negli ultimi anni infatti c\u2019\u00e8 stato un impoverimento generalizzato delle nuove leve di speleologi e l\u2019et\u00e0 media degli iscritti ai vari corsi si \u00e8 progressivamente innalzata, determinando il rischio concreto di un depauperamento della speleologia esplorativa di punta, tradizionalmente appannaggio di una generazione prevalentemente di giovani o giovanissimi speleologi.<\/p>\n","protected":false},"excerpt":{"rendered":"<p>Al via il corso introduttivo<\/p>\n","protected":false},"author":28,"featured_media":26232,"comment_status":"closed","ping_status":"closed","sticky":false,"template":"","format":"standard","meta":{"dwc-title":[],"dwc-content":[],"footnotes":""},"categories":[38],"tags":[],"class_list":["post-26231","post","type-post","status-publish","format-standard","has-post-thumbnail","hentry","category-sport"],"rttpg_featured_image_url":{"full":["https:\/\/imagazine.it\/wp-content\/uploads\/2024\/01\/24347-1.webp",750,500,false],"landscape":["https:\/\/imagazine.it\/wp-content\/uploads\/2024\/01\/24347-1.webp",750,500,false],"portraits":["https:\/\/imagazine.it\/wp-content\/uploads\/2024\/01\/24347-1.webp",750,500,false],"thumbnail":["https:\/\/imagazine.it\/wp-content\/uploads\/2024\/01\/24347-1-150x150.webp",150,150,true],"medium":["https:\/\/imagazine.it\/wp-content\/uploads\/2024\/01\/24347-1-300x200.webp",300,200,true],"large":["https:\/\/imagazine.it\/wp-content\/uploads\/2024\/01\/24347-1.webp",640,427,false],"thumblist":["https:\/\/imagazine.it\/wp-content\/uploads\/2024\/01\/24347-1.webp",300,200,false],"thumbrelated":["https:\/\/imagazine.it\/wp-content\/uploads\/2024\/01\/24347-1.webp",500,333,false],"meccarouselthumb":["https:\/\/imagazine.it\/wp-content\/uploads\/2024\/01\/24347-1.webp",474,316,false],"gridsquare":["https:\/\/imagazine.it\/wp-content\/uploads\/2024\/01\/24347-1.webp",391,260,false],"tileview":["https:\/\/imagazine.it\/wp-content\/uploads\/2024\/01\/24347-1.webp",300,200,false],"1536x1536":["https:\/\/imagazine.it\/wp-content\/uploads\/2024\/01\/24347-1.webp",750,500,false],"2048x2048":["https:\/\/imagazine.it\/wp-content\/uploads\/2024\/01\/24347-1.webp",750,500,false],"newsup-slider-full":["https:\/\/imagazine.it\/wp-content\/uploads\/2024\/01\/24347-1.webp",750,500,false],"newsup-featured":["https:\/\/imagazine.it\/wp-content\/uploads\/2024\/01\/24347-1.webp",750,500,false],"newsup-medium":["https:\/\/imagazine.it\/wp-content\/uploads\/2024\/01\/24347-1-720x380.webp",720,380,true],"tptn_thumbnail":["https:\/\/imagazine.it\/wp-content\/uploads\/2024\/01\/24347-1.webp",250,167,false],"sow-carousel-default":["https:\/\/imagazine.it\/wp-content\/uploads\/2024\/01\/24347-1-272x182.webp",272,182,true]},"rttpg_author":{"display_name":"redazione","author_link":"https:\/\/imagazine.it\/home_desk\/author\/redazione\/"},"rttpg_comment":0,"rttpg_category":"<a href=\"https:\/\/imagazine.it\/home_desk\/category\/sport\/\" rel=\"category tag\">SPORT<\/a>","rttpg_excerpt":"Al via il corso introduttivo","_links":{"self":[{"href":"https:\/\/imagazine.it\/home_desk\/wp-json\/wp\/v2\/posts\/26231","targetHints":{"allow":["GET"]}}],"collection":[{"href":"https:\/\/imagazine.it\/home_desk\/wp-json\/wp\/v2\/posts"}],"about":[{"href":"https:\/\/imagazine.it\/home_desk\/wp-json\/wp\/v2\/types\/post"}],"author":[{"embeddable":true,"href":"https:\/\/imagazine.it\/home_desk\/wp-json\/wp\/v2\/users\/28"}],"replies":[{"embeddable":true,"href":"https:\/\/imagazine.it\/home_desk\/wp-json\/wp\/v2\/comments?post=26231"}],"version-history":[{"count":0,"href":"https:\/\/imagazine.it\/home_desk\/wp-json\/wp\/v2\/posts\/26231\/revisions"}],"wp:featuredmedia":[{"embeddable":true,"href":"https:\/\/imagazine.it\/home_desk\/wp-json\/wp\/v2\/media\/26232"}],"wp:attachment":[{"href":"https:\/\/imagazine.it\/home_desk\/wp-json\/wp\/v2\/media?parent=26231"}],"wp:term":[{"taxonomy":"category","embeddable":true,"href":"https:\/\/imagazine.it\/home_desk\/wp-json\/wp\/v2\/categories?post=26231"},{"taxonomy":"post_tag","embeddable":true,"href":"https:\/\/imagazine.it\/home_desk\/wp-json\/wp\/v2\/tags?post=26231"}],"curies":[{"name":"wp","href":"https:\/\/api.w.org\/{rel}","templated":true}]}}