{"id":26206,"date":"2018-03-02T00:00:00","date_gmt":"2018-03-01T23:00:00","guid":{"rendered":"https:\/\/imagazine.it\/?p=26206"},"modified":"2018-03-02T00:00:00","modified_gmt":"2018-03-01T23:00:00","slug":"cividale-completato-il-restauro-degli-affreschi-di-chiarottini","status":"publish","type":"post","link":"https:\/\/imagazine.it\/home_desk\/cividale-completato-il-restauro-degli-affreschi-di-chiarottini\/","title":{"rendered":"Cividale, completato il restauro degli affreschi di Chiarottini"},"content":{"rendered":"<p>Sono giunti a termine i lavori di <strong>restauro degli affreschi di Francesco Chiarottini<\/strong> nella stanza del Segretario Generale all\u2019interno del Municipio di <strong>Cividale del Friuli<\/strong>: le operazioni sono state realizzate attraverso un contributo erogato dalla <strong>Fondazione Friuli<\/strong> che ha sostenuto met\u00e0 della spesa totale del lavoro. Il progetto rientrava nel bando del 2016 <em>Restauro beni mobili<\/em> che la Fondazione Friuli ha istituito in un\u2019ottica di recupero dei beni artistici del territorio.<\/p>\n<p>Mentre anni fa erano stati riportati all\u2019antico splendore gli affreschi, sempre del Chiarottini, presenti nella stanza del Sindaco, ora anche la stanza attigua pu\u00f2 presentare al pubblico le decorazioni originali del famoso pittore.<\/p>\n<p>Le opere al primo piano della residenza municipale sono di particolare rilevanza. Francesco Chiarottini fu pittore, incisore, architetto e scenografo di Cividale del Friuli (29.1.1748 &#8211; 17.4.1796). Allievo a Venezia del Fontebasso e del Mengozzi, sui suoi interventi nella citt\u00e0 ducale fonti recenti scrivono: \u201cProprio a Cividale lasci\u00f2 i suoi capolavori, caratterizzati da una briosit\u00e0 di soluzioni che li fanno includere fra i migliori esiti in campo decorativo del gusto settecentesco\u201d.<\/p>\n<p>Nel corso dei secoli, gli affreschi del municipio sono stati pi\u00f9 volte oggetto di interventi di manutenzione riconducibili a modifiche strutturali del palazzo come, ad esempio, l\u2019apertura di grandi vetrate al piano terra od eventi sismici. Nel 1976, a seguito del terremoto, l\u2019edificio sub\u00ec infatti altri danni con l\u2019apertura di fessurazioni distribuite su tutta la superficie pittorica.<\/p>\n<p>La parete est della stanza del Segretario fu oggetto, in passato, di rifacimenti e modifiche strutturali con l&#39;apertura di una porta che aveva causato la perdita di parte dell&#39;affresco. Questo era stato ricoperto da uno strato di pittura che, in parte, aveva riproposto il disegno originale ma aveva alterato le valenze cromatiche. L&#39;intervento di restauro sostenuto dalla <strong>Fondazione Friuli<\/strong> e dal <strong>Comune di Cividale del Friuli<\/strong> \u00e8 consistito nell&#39;asportazione di questo strato di pittura con mezzi meccanici; a seguito di questa operazione \u00e8 emerso che l&#39;intonaco originale era in pi\u00f9 punti decoeso e fessurato. Sono stati quindi eseguiti dei consolidamenti. Le vecchie stuccature sono state eliminate e sostituite con nuove, cos\u00ec come le lacune che si sono evidenziate. La superficie dipinta, molto abrasa, \u00e8 stata pulita con particolari spugnette e lavaggi con acqua demineralizzata. L&#39;integrazione pittorica \u00e8 consistita nel riequilibrare cromaticamente l&#39;insieme con colori ad acquerello senza aggiunte arbitrarie e ridipinture che avrebbero creato un falso storico. Per lo stesso motivo le grandi lacune, per lo pi\u00f9 marginali, sono state lasciate a neutro.<\/p>\n","protected":false},"excerpt":{"rendered":"<p>Grazie al sostegno della Fondazione Friuli<\/p>\n","protected":false},"author":28,"featured_media":26207,"comment_status":"closed","ping_status":"closed","sticky":false,"template":"","format":"standard","meta":{"dwc-title":[],"dwc-content":[],"footnotes":""},"categories":[5],"tags":[],"class_list":["post-26206","post","type-post","status-publish","format-standard","has-post-thumbnail","hentry","category-attualita"],"rttpg_featured_image_url":{"full":["https:\/\/imagazine.it\/wp-content\/uploads\/2024\/01\/24283-1.webp",750,582,false],"landscape":["https:\/\/imagazine.it\/wp-content\/uploads\/2024\/01\/24283-1.webp",750,582,false],"portraits":["https:\/\/imagazine.it\/wp-content\/uploads\/2024\/01\/24283-1.webp",750,582,false],"thumbnail":["https:\/\/imagazine.it\/wp-content\/uploads\/2024\/01\/24283-1-150x150.webp",150,150,true],"medium":["https:\/\/imagazine.it\/wp-content\/uploads\/2024\/01\/24283-1-300x233.webp",300,233,true],"large":["https:\/\/imagazine.it\/wp-content\/uploads\/2024\/01\/24283-1.webp",640,497,false],"thumblist":["https:\/\/imagazine.it\/wp-content\/uploads\/2024\/01\/24283-1.webp",300,233,false],"thumbrelated":["https:\/\/imagazine.it\/wp-content\/uploads\/2024\/01\/24283-1.webp",500,388,false],"meccarouselthumb":["https:\/\/imagazine.it\/wp-content\/uploads\/2024\/01\/24283-1.webp",418,324,false],"gridsquare":["https:\/\/imagazine.it\/wp-content\/uploads\/2024\/01\/24283-1.webp",335,260,false],"tileview":["https:\/\/imagazine.it\/wp-content\/uploads\/2024\/01\/24283-1.webp",300,233,false],"1536x1536":["https:\/\/imagazine.it\/wp-content\/uploads\/2024\/01\/24283-1.webp",750,582,false],"2048x2048":["https:\/\/imagazine.it\/wp-content\/uploads\/2024\/01\/24283-1.webp",750,582,false],"newsup-slider-full":["https:\/\/imagazine.it\/wp-content\/uploads\/2024\/01\/24283-1.webp",750,582,false],"newsup-featured":["https:\/\/imagazine.it\/wp-content\/uploads\/2024\/01\/24283-1.webp",750,582,false],"newsup-medium":["https:\/\/imagazine.it\/wp-content\/uploads\/2024\/01\/24283-1-720x380.webp",720,380,true],"tptn_thumbnail":["https:\/\/imagazine.it\/wp-content\/uploads\/2024\/01\/24283-1.webp",250,194,false],"sow-carousel-default":["https:\/\/imagazine.it\/wp-content\/uploads\/2024\/01\/24283-1-272x182.webp",272,182,true]},"rttpg_author":{"display_name":"redazione","author_link":"https:\/\/imagazine.it\/home_desk\/author\/redazione\/"},"rttpg_comment":0,"rttpg_category":"<a href=\"https:\/\/imagazine.it\/home_desk\/category\/attualita\/\" rel=\"category tag\">ATTUALIT\u00c0<\/a>","rttpg_excerpt":"Grazie al sostegno della Fondazione Friuli","_links":{"self":[{"href":"https:\/\/imagazine.it\/home_desk\/wp-json\/wp\/v2\/posts\/26206","targetHints":{"allow":["GET"]}}],"collection":[{"href":"https:\/\/imagazine.it\/home_desk\/wp-json\/wp\/v2\/posts"}],"about":[{"href":"https:\/\/imagazine.it\/home_desk\/wp-json\/wp\/v2\/types\/post"}],"author":[{"embeddable":true,"href":"https:\/\/imagazine.it\/home_desk\/wp-json\/wp\/v2\/users\/28"}],"replies":[{"embeddable":true,"href":"https:\/\/imagazine.it\/home_desk\/wp-json\/wp\/v2\/comments?post=26206"}],"version-history":[{"count":0,"href":"https:\/\/imagazine.it\/home_desk\/wp-json\/wp\/v2\/posts\/26206\/revisions"}],"wp:featuredmedia":[{"embeddable":true,"href":"https:\/\/imagazine.it\/home_desk\/wp-json\/wp\/v2\/media\/26207"}],"wp:attachment":[{"href":"https:\/\/imagazine.it\/home_desk\/wp-json\/wp\/v2\/media?parent=26206"}],"wp:term":[{"taxonomy":"category","embeddable":true,"href":"https:\/\/imagazine.it\/home_desk\/wp-json\/wp\/v2\/categories?post=26206"},{"taxonomy":"post_tag","embeddable":true,"href":"https:\/\/imagazine.it\/home_desk\/wp-json\/wp\/v2\/tags?post=26206"}],"curies":[{"name":"wp","href":"https:\/\/api.w.org\/{rel}","templated":true}]}}