{"id":26194,"date":"2018-03-01T00:00:00","date_gmt":"2018-02-28T23:00:00","guid":{"rendered":"https:\/\/imagazine.it\/?p=26194"},"modified":"2018-03-01T00:00:00","modified_gmt":"2018-02-28T23:00:00","slug":"sanita-al-via-laboratorio-unico-nellarea-giuliano-isontina","status":"publish","type":"post","link":"https:\/\/imagazine.it\/home_desk\/sanita-al-via-laboratorio-unico-nellarea-giuliano-isontina\/","title":{"rendered":"Sanit\u00e0, al via laboratorio unico nell&#8217;area Giuliano-Isontina"},"content":{"rendered":"<p>Ha preso avvio il 7 febbraio il progetto di riorganizzazione che ha coinvolto il Laboratorio Analisi di ASUITs e i Laboratori dell\u2019AAS 2 \u201cBassa Friulana-Isontina\u201d. In prima battuta sono stati interessati dalla riorganizzazione i punti prelievo dei Distretti periferici di Cormons, Gradisca e Grado; entro il mese di marzo, il nuovo assetto interesser\u00e0 Monfalcone e Gorizia, per completarsi entro l\u2019estate, con il passaggio alla nuova organizzazione che riguarder\u00e0 la diagnostica di laboratorio per i pazienti ricoverati nei due ospedali dell\u2019AAS2.<\/p>\n<p>Il Laboratorio Unico comporta il ridisegno complessivo delle attivit\u00e0, dei modelli organizzativi e operativi, mediante l\u2019integrazione tra i Laboratori di Gorizia e Monfalcone e il Laboratorio Analisi di ASUITs.<\/p>\n<p>Tutti gli esami urgenti verranno eseguiti presso i Laboratori dei rispettivi Ospedali della rete, mentre gli esami di routine e specialistici, di secondo e terzo livello, verranno centralizzati presso il Laboratorio dell\u2019Ospedale Maggiore di Trieste.<\/p>\n<p>L\u2019organizzazione del Laboratorio Unico si articola su una rete di Laboratori collocati nei cinque Ospedali dell\u2019Area Giuliano-Isontina, con una mole di lavoro che si stima intorno ai 7 milioni di test all\u2019anno. Nei laboratori operano 18 dirigenti e 80 tecnici (met\u00e0 dei quali dedicati all\u2019urgenza negli Ospedali di Cattinara, IRCCS Burlo Garofolo, Monfalcone e Gorizia).\u00a0<\/p>\n<p>Secondo il Direttore del Dipartimento di Medicina di Laboratorio <strong>Maurizio Ruscio<\/strong>, \u201cLa standardizzazione, vale a dire l\u2019adozione degli stessi valori di riferimento dei risultati degli esami eseguiti, e delle stesse procedure in tutti i Laboratori pubblici dell\u2019area Giuliano- Isontina, \u00e8 un\u2019assicurazione di qualit\u00e0 omogenea. In tal modo si eviteranno le ripetizioni dei test e si realizzer\u00e0 un archivio unico, utile anche per il monitoraggio nel tempo dei valori\u201d.<\/p>\n<p>La riorganizzazione dei laboratori migliorer\u00e0 l\u2019accessibilit\u00e0 alle prestazioni da parte del cittadino che, per qualsiasi esigenza potr\u00e0 presentarsi in ogni punto prelievo, ricevendo il medesimo servizio, anche per i test pi\u00f9 complessi, ottenendo una risposta in tempi sensibilmente pi\u00f9 brevi.<\/p>\n<p>\u00c8 prevista l\u2019adozione di procedure comuni per la comunicazione immediata al Medico di Medicina Generale di valori per i quali devono essere prese decisioni terapeutiche urgenti.<\/p>\n<p>La nuova organizzazione, prevede inoltre, l\u2019apertura al pubblico nelle giornate di sabato per l\u2019esecuzione dei prelievi ematici presso gli Ospedali di Gorizia e Monfalcone.<\/p>\n<p>Il rinnovo tecnologico del Laboratorio di Monfalcone (e prossimamente quello di Gorizia), partito nel corso del 2017 si concluder\u00e0 nel corso dell\u2019anno, con la completa automazione del processo analitico, che permetter\u00e0 l\u2019aumento del livello di sicurezza dei risultati e delle condizioni di lavoro per gli operatori.<\/p>\n<p>Alla conferenza stampa erano presenti, oltre al Direttore del Dipartimento di Medicina di Laboratorio di ASUITs <strong>Maurizio Ruscio<\/strong>, anche l\u2019Assessore alla Salute, Integrazione Socio-sanitaria, Politiche sociali e Famiglia <strong>Maria Sandra Telesca<\/strong>, il Direttore Generale dell\u2019Azienda Sanitaria Universitaria Integrata di Trieste Adriano Marcolongo ed il Direttore Generale dell\u2019Azienda per l\u2019Assistenza Sanitaria n.2 Bassa Friulana- Isontina <strong>Antonio Poggiana<\/strong>.<\/p>\n","protected":false},"excerpt":{"rendered":"<p>Entro l&#8217;estate sar\u00e0 completato il nuovo assetto<\/p>\n","protected":false},"author":28,"featured_media":26195,"comment_status":"closed","ping_status":"closed","sticky":false,"template":"","format":"standard","meta":{"dwc-title":[],"dwc-content":[],"footnotes":""},"categories":[5],"tags":[],"class_list":["post-26194","post","type-post","status-publish","format-standard","has-post-thumbnail","hentry","category-attualita"],"rttpg_featured_image_url":{"full":["https:\/\/imagazine.it\/wp-content\/uploads\/2024\/01\/24271-1.webp",750,500,false],"landscape":["https:\/\/imagazine.it\/wp-content\/uploads\/2024\/01\/24271-1.webp",750,500,false],"portraits":["https:\/\/imagazine.it\/wp-content\/uploads\/2024\/01\/24271-1.webp",750,500,false],"thumbnail":["https:\/\/imagazine.it\/wp-content\/uploads\/2024\/01\/24271-1-150x150.webp",150,150,true],"medium":["https:\/\/imagazine.it\/wp-content\/uploads\/2024\/01\/24271-1-300x200.webp",300,200,true],"large":["https:\/\/imagazine.it\/wp-content\/uploads\/2024\/01\/24271-1.webp",640,427,false],"thumblist":["https:\/\/imagazine.it\/wp-content\/uploads\/2024\/01\/24271-1.webp",300,200,false],"thumbrelated":["https:\/\/imagazine.it\/wp-content\/uploads\/2024\/01\/24271-1.webp",500,333,false],"meccarouselthumb":["https:\/\/imagazine.it\/wp-content\/uploads\/2024\/01\/24271-1.webp",474,316,false],"gridsquare":["https:\/\/imagazine.it\/wp-content\/uploads\/2024\/01\/24271-1.webp",391,260,false],"tileview":["https:\/\/imagazine.it\/wp-content\/uploads\/2024\/01\/24271-1.webp",300,200,false],"1536x1536":["https:\/\/imagazine.it\/wp-content\/uploads\/2024\/01\/24271-1.webp",750,500,false],"2048x2048":["https:\/\/imagazine.it\/wp-content\/uploads\/2024\/01\/24271-1.webp",750,500,false],"newsup-slider-full":["https:\/\/imagazine.it\/wp-content\/uploads\/2024\/01\/24271-1.webp",750,500,false],"newsup-featured":["https:\/\/imagazine.it\/wp-content\/uploads\/2024\/01\/24271-1.webp",750,500,false],"newsup-medium":["https:\/\/imagazine.it\/wp-content\/uploads\/2024\/01\/24271-1-720x380.webp",720,380,true],"tptn_thumbnail":["https:\/\/imagazine.it\/wp-content\/uploads\/2024\/01\/24271-1.webp",250,167,false],"sow-carousel-default":["https:\/\/imagazine.it\/wp-content\/uploads\/2024\/01\/24271-1-272x182.webp",272,182,true]},"rttpg_author":{"display_name":"redazione","author_link":"https:\/\/imagazine.it\/home_desk\/author\/redazione\/"},"rttpg_comment":0,"rttpg_category":"<a href=\"https:\/\/imagazine.it\/home_desk\/category\/attualita\/\" rel=\"category tag\">ATTUALIT\u00c0<\/a>","rttpg_excerpt":"Entro l'estate sar\u00e0 completato il nuovo assetto","_links":{"self":[{"href":"https:\/\/imagazine.it\/home_desk\/wp-json\/wp\/v2\/posts\/26194","targetHints":{"allow":["GET"]}}],"collection":[{"href":"https:\/\/imagazine.it\/home_desk\/wp-json\/wp\/v2\/posts"}],"about":[{"href":"https:\/\/imagazine.it\/home_desk\/wp-json\/wp\/v2\/types\/post"}],"author":[{"embeddable":true,"href":"https:\/\/imagazine.it\/home_desk\/wp-json\/wp\/v2\/users\/28"}],"replies":[{"embeddable":true,"href":"https:\/\/imagazine.it\/home_desk\/wp-json\/wp\/v2\/comments?post=26194"}],"version-history":[{"count":0,"href":"https:\/\/imagazine.it\/home_desk\/wp-json\/wp\/v2\/posts\/26194\/revisions"}],"wp:featuredmedia":[{"embeddable":true,"href":"https:\/\/imagazine.it\/home_desk\/wp-json\/wp\/v2\/media\/26195"}],"wp:attachment":[{"href":"https:\/\/imagazine.it\/home_desk\/wp-json\/wp\/v2\/media?parent=26194"}],"wp:term":[{"taxonomy":"category","embeddable":true,"href":"https:\/\/imagazine.it\/home_desk\/wp-json\/wp\/v2\/categories?post=26194"},{"taxonomy":"post_tag","embeddable":true,"href":"https:\/\/imagazine.it\/home_desk\/wp-json\/wp\/v2\/tags?post=26194"}],"curies":[{"name":"wp","href":"https:\/\/api.w.org\/{rel}","templated":true}]}}