{"id":26164,"date":"2018-02-26T00:00:00","date_gmt":"2018-02-25T23:00:00","guid":{"rendered":"https:\/\/imagazine.it\/?p=26164"},"modified":"2018-02-26T00:00:00","modified_gmt":"2018-02-25T23:00:00","slug":"palmanova-sbarca-su-instagram-per-promuoversi","status":"publish","type":"post","link":"https:\/\/imagazine.it\/home_desk\/palmanova-sbarca-su-instagram-per-promuoversi\/","title":{"rendered":"Palmanova sbarca su Instagram per promuoversi"},"content":{"rendered":"<p>Foto della citt\u00e0 stellata, dall\u2019alto, nelle gallerie, scoprendo i particolari pi\u00f9 nascosti della Fortezza. Il Comune di Palmanova ha deciso di\u00a0<strong>sbarcare su Instagram<\/strong>, aprendo il suo canale ufficiale (<a href=\"http:\/\/www.instagram.com\/palmanovafortress\" target=\"_blank\" rel=\"noopener\">www.instagram.com\/palmanovafortress<\/a>).\u00a0<strong>@PalmanovaFortress<\/strong>\u00a0\u00e8 il nome scelto per questo profilo.<\/p>\n<p>\u201cPalmanova \u00e8 una citt\u00e0 che sta entrando nel pieno della sua vocazione turistico culturale. Instagram permette di far conoscere la citt\u00e0, nelle sue parti pi\u00f9 affascinanti e anche meno visitate, a un pubblico sempre pi\u00f9 ampio, potenzialmente globale. Per questo apprezziamo e accogliamo tutti i modelli di comunicazione offerti dalle nuove tecnologie per promuovere Palmanova, ancor pi\u00f9 se ne consideriamo il valore UNESCO di recente acquisizione\u201d commenta la vicesindaco e assessore a cultura e turismo\u00a0<strong>Adriana Danielis<\/strong>.<\/p>\n<p>L\u2019occasione per l\u2019annuncio \u00e8 stata la\u00a0<strong>visita guidata \u201cPalmanova e i Camminamenti militari\u201d organizzata dagli igers (utenti di Instagram) della provincia di Udine<\/strong>. Un tour che ha portato gli appassionati di questo social network e amanti della fotografia, a visitare prima la lunetta napoleonica vicino a Porta Aquileia, recuperata dagli Amici dei Bastioni, per poi proseguire lungo il fossato fin oltre Porta Cividale per visitare le Gallerie di Contromina veneziane appena riqualificate, attrezzate, illuminate e aperte al pubblico. Tutte le foto scattate saranno pubblicate nei prossimi giorni con questi hashtag: #giropalmanova #igersud #igersfvg #igersitalia #palmanova.<\/p>\n","protected":false},"excerpt":{"rendered":"<p>Attivo @PalmanovaFortress<\/p>\n","protected":false},"author":28,"featured_media":26165,"comment_status":"closed","ping_status":"closed","sticky":false,"template":"","format":"standard","meta":{"dwc-title":[],"dwc-content":[],"footnotes":""},"categories":[8],"tags":[],"class_list":["post-26164","post","type-post","status-publish","format-standard","has-post-thumbnail","hentry","category-turismo"],"rttpg_featured_image_url":{"full":["https:\/\/imagazine.it\/wp-content\/uploads\/2024\/01\/24220-1.webp",750,494,false],"landscape":["https:\/\/imagazine.it\/wp-content\/uploads\/2024\/01\/24220-1.webp",750,494,false],"portraits":["https:\/\/imagazine.it\/wp-content\/uploads\/2024\/01\/24220-1.webp",750,494,false],"thumbnail":["https:\/\/imagazine.it\/wp-content\/uploads\/2024\/01\/24220-1-150x150.webp",150,150,true],"medium":["https:\/\/imagazine.it\/wp-content\/uploads\/2024\/01\/24220-1-300x198.webp",300,198,true],"large":["https:\/\/imagazine.it\/wp-content\/uploads\/2024\/01\/24220-1.webp",640,422,false],"thumblist":["https:\/\/imagazine.it\/wp-content\/uploads\/2024\/01\/24220-1.webp",300,198,false],"thumbrelated":["https:\/\/imagazine.it\/wp-content\/uploads\/2024\/01\/24220-1.webp",500,329,false],"meccarouselthumb":["https:\/\/imagazine.it\/wp-content\/uploads\/2024\/01\/24220-1.webp",474,312,false],"gridsquare":["https:\/\/imagazine.it\/wp-content\/uploads\/2024\/01\/24220-1.webp",391,258,false],"tileview":["https:\/\/imagazine.it\/wp-content\/uploads\/2024\/01\/24220-1.webp",300,198,false],"1536x1536":["https:\/\/imagazine.it\/wp-content\/uploads\/2024\/01\/24220-1.webp",750,494,false],"2048x2048":["https:\/\/imagazine.it\/wp-content\/uploads\/2024\/01\/24220-1.webp",750,494,false],"newsup-slider-full":["https:\/\/imagazine.it\/wp-content\/uploads\/2024\/01\/24220-1.webp",750,494,false],"newsup-featured":["https:\/\/imagazine.it\/wp-content\/uploads\/2024\/01\/24220-1.webp",750,494,false],"newsup-medium":["https:\/\/imagazine.it\/wp-content\/uploads\/2024\/01\/24220-1-720x380.webp",720,380,true],"tptn_thumbnail":["https:\/\/imagazine.it\/wp-content\/uploads\/2024\/01\/24220-1.webp",250,165,false],"sow-carousel-default":["https:\/\/imagazine.it\/wp-content\/uploads\/2024\/01\/24220-1-272x182.webp",272,182,true]},"rttpg_author":{"display_name":"redazione","author_link":"https:\/\/imagazine.it\/home_desk\/author\/redazione\/"},"rttpg_comment":0,"rttpg_category":"<a href=\"https:\/\/imagazine.it\/home_desk\/category\/turismo\/\" rel=\"category tag\">TURISMO<\/a>","rttpg_excerpt":"Attivo @PalmanovaFortress","_links":{"self":[{"href":"https:\/\/imagazine.it\/home_desk\/wp-json\/wp\/v2\/posts\/26164","targetHints":{"allow":["GET"]}}],"collection":[{"href":"https:\/\/imagazine.it\/home_desk\/wp-json\/wp\/v2\/posts"}],"about":[{"href":"https:\/\/imagazine.it\/home_desk\/wp-json\/wp\/v2\/types\/post"}],"author":[{"embeddable":true,"href":"https:\/\/imagazine.it\/home_desk\/wp-json\/wp\/v2\/users\/28"}],"replies":[{"embeddable":true,"href":"https:\/\/imagazine.it\/home_desk\/wp-json\/wp\/v2\/comments?post=26164"}],"version-history":[{"count":0,"href":"https:\/\/imagazine.it\/home_desk\/wp-json\/wp\/v2\/posts\/26164\/revisions"}],"wp:featuredmedia":[{"embeddable":true,"href":"https:\/\/imagazine.it\/home_desk\/wp-json\/wp\/v2\/media\/26165"}],"wp:attachment":[{"href":"https:\/\/imagazine.it\/home_desk\/wp-json\/wp\/v2\/media?parent=26164"}],"wp:term":[{"taxonomy":"category","embeddable":true,"href":"https:\/\/imagazine.it\/home_desk\/wp-json\/wp\/v2\/categories?post=26164"},{"taxonomy":"post_tag","embeddable":true,"href":"https:\/\/imagazine.it\/home_desk\/wp-json\/wp\/v2\/tags?post=26164"}],"curies":[{"name":"wp","href":"https:\/\/api.w.org\/{rel}","templated":true}]}}