{"id":26156,"date":"2018-02-23T00:00:00","date_gmt":"2018-02-22T23:00:00","guid":{"rendered":"https:\/\/imagazine.it\/?p=26156"},"modified":"2018-02-23T00:00:00","modified_gmt":"2018-02-22T23:00:00","slug":"joan-baez-concerto-evento-a-udine","status":"publish","type":"post","link":"https:\/\/imagazine.it\/home_desk\/joan-baez-concerto-evento-a-udine\/","title":{"rendered":"Joan Baez, concerto evento a Udine"},"content":{"rendered":"<p><strong>Folkest<\/strong>, il festival che esplora le musiche e le culture del mondo, festeggia quest\u2019anno il suo <strong>quarantennale<\/strong>.<\/p>\n<p>Sempre articolato in <strong>oltre 25 piazze friulane<\/strong>, fino all\u2019Istria slovena, <strong>Folkest 2018<\/strong><strong> \u2013 in programma tra il 21 giugno e il 9 luglio, con un prologo primaverile &#8211; <\/strong><strong>punter\u00e0 sulla valorizzazione dei giovani<\/strong>, con gruppi e artisti di grande qualit\u00e0, inseriti in un <strong>cartellone che non mancher\u00e0 per\u00f2 di proporre alcune stelle mondiali<\/strong>.<\/p>\n<p>E proprio a una <strong>stella internazionale senza tempo<\/strong> sar\u00e0 affidato il compito di <strong>suggellare la prossima edizione di Folkest<\/strong>. La leggenda della canzone americana <strong>Joan Baez<\/strong> approder\u00e0, infatti, al <strong>Castello di Udine il prossimo 8 agosto<\/strong> in una delle <strong>quattro tappe italiane<\/strong> del suo tour mondiale d\u2019addio alle scene, realizzato in occasione dell&#39;ultima tourn\u00e9e dedicata al nuovo disco, <strong><em>Whistle Down The Wind<\/em><\/strong>, in uscita il 2 marzo, a dieci anni dall&#39;ultima produzione discografica.<\/p>\n<p>Intense ballate folk e inesauste lotte per i diritti civili: in pi\u00f9 di mezzo secolo di musica, <strong>Joan Baez ha cantato tutto questo<\/strong>, divenendo non solo la voce femminile pi\u00f9 celebre e impegnata degli anni &#39;60, ma anche il simbolo di un&#39;intera generazione. La carriera di <strong>Joan Baez<\/strong> ha, infatti, attraversato oltre 50 anni durante i quali ha marciato in prima linea nel movimento per i diritti civili, ha introdotto <strong>Bob Dylan<\/strong> nel mondo musicale e non, ha ispirato <strong>Vaclav Havel<\/strong> a combattere per la Repubblica Ceca, e continua tuttora a sostenere con passione e forza tutte le cause che abbraccia. Ha ricevuto numerosi riconoscimenti, tra cui il <em>Lifetime Achievement Award<\/em> della Recording Academy e il premio <em>Ambassador of Conscience<\/em> di <strong>Amnesty International.<\/strong> Baez ha combattuto a fianco di <strong>Martin Luther King<\/strong>, \u00e8 scesa in campo con <strong>Cesar Chavez<\/strong>, ha militato contro la guerra del Vietnam, ha sostenuto la protesta delle <strong>Dixie Chicks<\/strong> contro la guerra in Iraq, \u00e8 salita sul palco con <strong>Nelson Mandela<\/strong> all&#39;Hyde Park di Londra mentre il mondo festeggiava il suo 90esimo compleanno e, pi\u00f9 recentemente, ha protestato per la costruzione in Dakota dell\u2019oleodotto nella riserva Sioux di Standing Rock. Ancora oggi continua a sostenere con passione le cause che abbraccia.<\/p>\n<p>Quello in uscita adesso \u00e8 il suo primo album in studio dal 2008, prodotto da <strong>Joe Henry<\/strong> (vincitore di 3 Grammy Award che vanta collaborazioni con <strong>Lisa <\/strong>Hannigan, Allen Touissant, Elvis Costello, Solomon Burke, Ani DiFranco\u2026) con interpretazioni di brani scritti da <strong>Tom Waits, Josh Ritter, Anohni, Joe Henry, Eliza Gilkyson, Mary Chapin Carpenter, Tim Eriksen<\/strong>. <strong><em>Whistle Down The Wind<\/em><\/strong> \u00e8 stato registrato in soli dieci giorni a Los Angeles. A proposito della collaborazione con <strong>Joe Henry<\/strong>, la <strong>Baez<\/strong> ha commentato: \u201c<em>Era una volont\u00e0 di entrambi poter creare un album insieme. Come previsto, \u00e8 stato un gioco da ragazzi. Entrambi lavoriamo velocemente e musicalmente siamo sulla stessa lunghezza d&#39;onda. Mi trovo al meglio con musicisti che sono disposti quanto me a mettersi in gioco e lui ha radunato un gruppo che ha fatto proprio questo. Significa creare ogni canzone da zero<\/em>.&#8221;<\/p>\n<p>Poco dopo la sua entrata nella Rock &#038; Roll Hall Of Fame nell&#39;aprile 2017, Joan Baez ha annunciato che il 2018 sarebbe stato il suo ultimo anno di tourn\u00e9e ufficiali. &#8220;<em>Non vedo l&#39;ora di essere in tour con un bellissimo nuovo album di cui sono davvero orgogliosa. Accolgo con piacere l&#39;opportunit\u00e0 di condividere questa nuova emozione con i miei fan storici ed il pubblico in tutto il mondo<\/em>\u201d. Joan sta infatti per intraprendere una lunga serie di date in Europa <strong>(Fare Thee Well) <\/strong>per un <strong>tour d\u2019addio alle scene<\/strong> che toccher\u00e0 anche l\u2019Italia e la nostra regione.<\/p>\n<p>\u00a0<\/p>\n<p><em>\u201cOspitare la Baez in uno degli ultimi concerti di una carriera straordinaria<\/em> \u2013 <strong>commenta il direttore artistico di Folkest, Andrea Del Favero<\/strong> \u2013 <em>\u00e8 un onore e un impegno non da poco per il nostro festival. A Joan Baez siamo particolarmente legati per alcuni ricordi spilimberghesi nel dopo-concerto quando negli anni Novanta, insieme a Miriam Makeba, fece da battipista alla lunga schiera di artisti internazionali di altissima qualit\u00e0 che siamo stati in grado di proporre al pubblico della nostra regione (e non solo)\u201d.<\/em><\/p>\n<p>E mentre pu\u00f2 orgogliosamente annunciare questo concerto-evento della prossima estate, <strong>Folkest<\/strong> \u00e8 in dirittura d\u2019arrivo in questi giorni con le selezioni di <strong>Suonare@Folkest<\/strong>, lo storico <em>contest<\/em> che attraversa tutta l\u2019Italia per selezionare artisti e gruppi che si potranno esibire durante il festival e nella finalissima del prossimo 9 luglio a Spilimbergo. A breve saranno pubblicati sul profilo <strong>facebook<\/strong> del festival tutti gli artisti vincitori della prima fase che potranno essere votati cliccando \u201cmi piace\u201d: ai vincitori il diritto di accedere alla finalissima, ma a tutti i partecipanti il diritto di esibirsi a Folkest 2018. Le votazioni sono aperte dal 5 marzo al 19 marzo prossimi.<\/p>\n","protected":false},"excerpt":{"rendered":"<p>L&#8217;8 agosto in Castello<\/p>\n","protected":false},"author":28,"featured_media":26157,"comment_status":"closed","ping_status":"closed","sticky":false,"template":"","format":"standard","meta":{"dwc-title":[],"dwc-content":[],"footnotes":""},"categories":[37],"tags":[],"class_list":["post-26156","post","type-post","status-publish","format-standard","has-post-thumbnail","hentry","category-cultura-e-spettacolo"],"rttpg_featured_image_url":{"full":["https:\/\/imagazine.it\/wp-content\/uploads\/2024\/01\/24179-1.webp",750,473,false],"landscape":["https:\/\/imagazine.it\/wp-content\/uploads\/2024\/01\/24179-1.webp",750,473,false],"portraits":["https:\/\/imagazine.it\/wp-content\/uploads\/2024\/01\/24179-1.webp",750,473,false],"thumbnail":["https:\/\/imagazine.it\/wp-content\/uploads\/2024\/01\/24179-1-150x150.webp",150,150,true],"medium":["https:\/\/imagazine.it\/wp-content\/uploads\/2024\/01\/24179-1-300x189.webp",300,189,true],"large":["https:\/\/imagazine.it\/wp-content\/uploads\/2024\/01\/24179-1.webp",640,404,false],"thumblist":["https:\/\/imagazine.it\/wp-content\/uploads\/2024\/01\/24179-1.webp",300,189,false],"thumbrelated":["https:\/\/imagazine.it\/wp-content\/uploads\/2024\/01\/24179-1.webp",500,315,false],"meccarouselthumb":["https:\/\/imagazine.it\/wp-content\/uploads\/2024\/01\/24179-1.webp",474,299,false],"gridsquare":["https:\/\/imagazine.it\/wp-content\/uploads\/2024\/01\/24179-1.webp",391,247,false],"tileview":["https:\/\/imagazine.it\/wp-content\/uploads\/2024\/01\/24179-1.webp",300,189,false],"1536x1536":["https:\/\/imagazine.it\/wp-content\/uploads\/2024\/01\/24179-1.webp",750,473,false],"2048x2048":["https:\/\/imagazine.it\/wp-content\/uploads\/2024\/01\/24179-1.webp",750,473,false],"newsup-slider-full":["https:\/\/imagazine.it\/wp-content\/uploads\/2024\/01\/24179-1.webp",750,473,false],"newsup-featured":["https:\/\/imagazine.it\/wp-content\/uploads\/2024\/01\/24179-1.webp",750,473,false],"newsup-medium":["https:\/\/imagazine.it\/wp-content\/uploads\/2024\/01\/24179-1-720x380.webp",720,380,true],"tptn_thumbnail":["https:\/\/imagazine.it\/wp-content\/uploads\/2024\/01\/24179-1.webp",250,158,false],"sow-carousel-default":["https:\/\/imagazine.it\/wp-content\/uploads\/2024\/01\/24179-1-272x182.webp",272,182,true]},"rttpg_author":{"display_name":"redazione","author_link":"https:\/\/imagazine.it\/home_desk\/author\/redazione\/"},"rttpg_comment":0,"rttpg_category":"<a href=\"https:\/\/imagazine.it\/home_desk\/category\/cultura-e-spettacolo\/\" rel=\"category tag\">CULTURA&amp;SPETTACOLO<\/a>","rttpg_excerpt":"L'8 agosto in Castello","_links":{"self":[{"href":"https:\/\/imagazine.it\/home_desk\/wp-json\/wp\/v2\/posts\/26156","targetHints":{"allow":["GET"]}}],"collection":[{"href":"https:\/\/imagazine.it\/home_desk\/wp-json\/wp\/v2\/posts"}],"about":[{"href":"https:\/\/imagazine.it\/home_desk\/wp-json\/wp\/v2\/types\/post"}],"author":[{"embeddable":true,"href":"https:\/\/imagazine.it\/home_desk\/wp-json\/wp\/v2\/users\/28"}],"replies":[{"embeddable":true,"href":"https:\/\/imagazine.it\/home_desk\/wp-json\/wp\/v2\/comments?post=26156"}],"version-history":[{"count":0,"href":"https:\/\/imagazine.it\/home_desk\/wp-json\/wp\/v2\/posts\/26156\/revisions"}],"wp:featuredmedia":[{"embeddable":true,"href":"https:\/\/imagazine.it\/home_desk\/wp-json\/wp\/v2\/media\/26157"}],"wp:attachment":[{"href":"https:\/\/imagazine.it\/home_desk\/wp-json\/wp\/v2\/media?parent=26156"}],"wp:term":[{"taxonomy":"category","embeddable":true,"href":"https:\/\/imagazine.it\/home_desk\/wp-json\/wp\/v2\/categories?post=26156"},{"taxonomy":"post_tag","embeddable":true,"href":"https:\/\/imagazine.it\/home_desk\/wp-json\/wp\/v2\/tags?post=26156"}],"curies":[{"name":"wp","href":"https:\/\/api.w.org\/{rel}","templated":true}]}}