{"id":26146,"date":"2018-02-22T00:00:00","date_gmt":"2018-02-21T23:00:00","guid":{"rendered":"https:\/\/imagazine.it\/?p=26146"},"modified":"2018-02-22T00:00:00","modified_gmt":"2018-02-21T23:00:00","slug":"trieste-airport-il-valore-sale-a-70-milioni","status":"publish","type":"post","link":"https:\/\/imagazine.it\/home_desk\/trieste-airport-il-valore-sale-a-70-milioni\/","title":{"rendered":"Trieste Airport, il valore sale a 70 milioni"},"content":{"rendered":"<p>Dopo due anni di gestione il management della societ\u00e0 presenta al suo azionista unico il quadro di chiusura delle attivit\u00e0 del 2017, andato oltre le previsioni, con un margine operativo lordo di 5,6 milioni di euro e 2,9 milioni di utile netto. I risultati ottenuti nel 2017, valutati nel corso del Consiglio di Amministrazione della societ\u00e0 &#8211; composto dal presidente, <strong>Antonio Marano<\/strong>, dal direttore generale, <strong>Marco Consalvo<\/strong>, e da <strong>Angela Napolitano <\/strong>&#8211; sono stati conseguiti anche grazie a un incremento dei volumi di traffico dell\u20198%.<\/p>\n<p>Nel corso dell\u2019incontro, i membri del CdA di Trieste Airport hanno inoltre preso atto della\u00a0valutazione espressa dall&#39;advisor indipendente sul valore dell&#39;aeroporto, pari a circa 70 milioni di euro per il totale delle azioni, detenute al 100% dalla Regione Friuli Venezia Giulia. Tale valutazione verr\u00e0 considerata per la definizione della base di gara nella prossima cessione del 45% della societ\u00e0 a cui seguir\u00e0 l&#39;opzione per la cessione di un ulteriore 10%.<\/p>\n<p>Nel corso del 2017 si sono realizzate opere per 12,9 milioni di euro che, sommati ai 6,1 milioni di euro investiti nel 2016, porta a 19 milioni di euro totali il valore delle opere completate nel biennio. Dato in linea con i 40 milioni di euro di investimenti programmati nel piano quadriennale 2016-2019. Tra le opere realizzate, quella di maggiore rilievo, per il suo valore strategico nel futuro della mobilit\u00e0 regionale, \u00e8 il nuovo polo intermodale che sar\u00e0 inaugurato il prossimo 19 marzo, in orario rispetto la stringente pianificazione dei lavori iniziati a gennaio dello scorso anno.<\/p>\n","protected":false},"excerpt":{"rendered":"<p>Secondo un advisor indipendente<\/p>\n","protected":false},"author":28,"featured_media":26147,"comment_status":"closed","ping_status":"closed","sticky":false,"template":"","format":"standard","meta":{"dwc-title":[],"dwc-content":[],"footnotes":""},"categories":[5],"tags":[],"class_list":["post-26146","post","type-post","status-publish","format-standard","has-post-thumbnail","hentry","category-attualita"],"rttpg_featured_image_url":{"full":["https:\/\/imagazine.it\/wp-content\/uploads\/2024\/01\/24141-1.webp",750,422,false],"landscape":["https:\/\/imagazine.it\/wp-content\/uploads\/2024\/01\/24141-1.webp",750,422,false],"portraits":["https:\/\/imagazine.it\/wp-content\/uploads\/2024\/01\/24141-1.webp",750,422,false],"thumbnail":["https:\/\/imagazine.it\/wp-content\/uploads\/2024\/01\/24141-1-150x150.webp",150,150,true],"medium":["https:\/\/imagazine.it\/wp-content\/uploads\/2024\/01\/24141-1-300x169.webp",300,169,true],"large":["https:\/\/imagazine.it\/wp-content\/uploads\/2024\/01\/24141-1.webp",640,360,false],"thumblist":["https:\/\/imagazine.it\/wp-content\/uploads\/2024\/01\/24141-1.webp",300,169,false],"thumbrelated":["https:\/\/imagazine.it\/wp-content\/uploads\/2024\/01\/24141-1.webp",500,281,false],"meccarouselthumb":["https:\/\/imagazine.it\/wp-content\/uploads\/2024\/01\/24141-1.webp",474,267,false],"gridsquare":["https:\/\/imagazine.it\/wp-content\/uploads\/2024\/01\/24141-1.webp",391,220,false],"tileview":["https:\/\/imagazine.it\/wp-content\/uploads\/2024\/01\/24141-1.webp",300,169,false],"1536x1536":["https:\/\/imagazine.it\/wp-content\/uploads\/2024\/01\/24141-1.webp",750,422,false],"2048x2048":["https:\/\/imagazine.it\/wp-content\/uploads\/2024\/01\/24141-1.webp",750,422,false],"newsup-slider-full":["https:\/\/imagazine.it\/wp-content\/uploads\/2024\/01\/24141-1.webp",750,422,false],"newsup-featured":["https:\/\/imagazine.it\/wp-content\/uploads\/2024\/01\/24141-1.webp",750,422,false],"newsup-medium":["https:\/\/imagazine.it\/wp-content\/uploads\/2024\/01\/24141-1-720x380.webp",720,380,true],"tptn_thumbnail":["https:\/\/imagazine.it\/wp-content\/uploads\/2024\/01\/24141-1.webp",250,141,false],"sow-carousel-default":["https:\/\/imagazine.it\/wp-content\/uploads\/2024\/01\/24141-1-272x182.webp",272,182,true]},"rttpg_author":{"display_name":"redazione","author_link":"https:\/\/imagazine.it\/home_desk\/author\/redazione\/"},"rttpg_comment":0,"rttpg_category":"<a href=\"https:\/\/imagazine.it\/home_desk\/category\/attualita\/\" rel=\"category tag\">ATTUALIT\u00c0<\/a>","rttpg_excerpt":"Secondo un advisor indipendente","_links":{"self":[{"href":"https:\/\/imagazine.it\/home_desk\/wp-json\/wp\/v2\/posts\/26146","targetHints":{"allow":["GET"]}}],"collection":[{"href":"https:\/\/imagazine.it\/home_desk\/wp-json\/wp\/v2\/posts"}],"about":[{"href":"https:\/\/imagazine.it\/home_desk\/wp-json\/wp\/v2\/types\/post"}],"author":[{"embeddable":true,"href":"https:\/\/imagazine.it\/home_desk\/wp-json\/wp\/v2\/users\/28"}],"replies":[{"embeddable":true,"href":"https:\/\/imagazine.it\/home_desk\/wp-json\/wp\/v2\/comments?post=26146"}],"version-history":[{"count":0,"href":"https:\/\/imagazine.it\/home_desk\/wp-json\/wp\/v2\/posts\/26146\/revisions"}],"wp:featuredmedia":[{"embeddable":true,"href":"https:\/\/imagazine.it\/home_desk\/wp-json\/wp\/v2\/media\/26147"}],"wp:attachment":[{"href":"https:\/\/imagazine.it\/home_desk\/wp-json\/wp\/v2\/media?parent=26146"}],"wp:term":[{"taxonomy":"category","embeddable":true,"href":"https:\/\/imagazine.it\/home_desk\/wp-json\/wp\/v2\/categories?post=26146"},{"taxonomy":"post_tag","embeddable":true,"href":"https:\/\/imagazine.it\/home_desk\/wp-json\/wp\/v2\/tags?post=26146"}],"curies":[{"name":"wp","href":"https:\/\/api.w.org\/{rel}","templated":true}]}}