{"id":26144,"date":"2018-02-21T00:00:00","date_gmt":"2018-02-20T23:00:00","guid":{"rendered":"https:\/\/imagazine.it\/?p=26144"},"modified":"2018-02-21T00:00:00","modified_gmt":"2018-02-20T23:00:00","slug":"il-fvg-rilancia-le-economie-della-bellezza","status":"publish","type":"post","link":"https:\/\/imagazine.it\/home_desk\/il-fvg-rilancia-le-economie-della-bellezza\/","title":{"rendered":"Il FVG rilancia le economie della bellezza"},"content":{"rendered":"<p><strong>Future Forum<\/strong>, l\u2019iniziativa sul futuro della\u00a0<strong>Camera di Commercio di Udine<\/strong>, \u00e8 pronto a partire<strong>, tra il 9 marzo e il 13 aprile<\/strong>, con la sua\u00a0<strong>quinta edizione<\/strong>. Oltre a\u00a0<strong>Udine<\/strong>, la manifestazione \u2013 con conversazioni, interviste, workshop e conferenze \u2013, sar\u00e0\u00a0<strong>itinerante<\/strong>\u00a0e raggiunger\u00e0 in varie tappe i\u00a0<strong>siti Patrimonio Unesco<\/strong>\u00a0della regione:\u00a0<strong>Aquileia, Palmanova, Cividale del Friuli, Forni di Sopra<\/strong>\u00a0e tappa a\u00a0<strong>Tolmezzo<\/strong>, perch\u00e9 il tema che affronter\u00e0 questa volta \u00e8 legato alle \u201c<strong>Economie della bellezza<\/strong>\u201d, avviando una riflessione con\u00a0<strong>ospiti locali e internazionali<\/strong>\u00a0su come\u00a0<strong>valorizzare in modo innovativo e proiettato al futuro<\/strong>\u00a0le nostre preziose vestigia come volano per lo sviluppo dell\u2019intero territorio.<\/p>\n<p>Gli incontri si concentreranno sulla gestione e la promozione dei beni culturali, sul turismo e i nuovi modelli di comunicazione dei territori, sulle industrie creative, sul rapporto tra tutela e sviluppo locale, tra salvaguardia e nuovi modelli di valorizzazione e promozione del patrimonio archeologico, architettonico, storico e naturalistico.<\/p>\n<p>L\u2019evento \u00e8 organizzato dalla Camera di Commercio di Udine insieme alla Regione, all\u2019Universit\u00e0 di Udine e ai Comuni di Udine, Aquileia, Cividale, Forni di Sopra, Palmanova e Tolmezzo; nonch\u00e9 in collaborazione con Mibact e\u00a0Miur e con il Festival della Politica di Mestre, Mecenate90, Fondazione Aquileia, Innovalp e Associazione Nova Ludica.<\/p>\n<p>Future Forum 2018 ha gi\u00e0\u00a0<strong>ottenuto il patrocinio del Ministero dei Beni Culturali, e dunque potr\u00e0 usare il marchio, come iniziativa inserita nell\u2019ambito degli eventi per l\u2019Anno europeo del Patrimonio culturale.<\/strong><\/p>\n<p>\u00abFuture Forum 2018 vuole\u00a0esplicitare il valore e le potenzialit\u00e0 economiche, turistico-culturali e produttive connesse alla presenza di siti Unesco sul territorio \u2013 spiega il presidente della Camera di Commercio\u00a0<strong>Giovanni Da Pozzo<\/strong>\u00a0\u2013, anche in linea con una delle nuove competenze che le Cciaa hanno ottenuto a seguito della recente riforma, ossia proprio la promozione della cultura e del turismo, in cui la Camera di Udine \u00e8 stata sempre molto attiva, giocando d\u2019anticipo. Siamo partner da anni, per esempio, del progetto nazionale\u00a0<strong>Mirabilia<\/strong>, una rete eccezionale che collega tutte le Cciaa sui cui territori, in Italia, vi sono Siti Unesco cosiddetti \u201cmeno noti\u201d: un network che si occupa proprio di promuovere in modo sinergico queste realt\u00e0, organizzando incontri anche internazionali per le imprese e operatori di questi luoghi e in particolare per quelli che operano nei settori considerati, per dimostrare come questi Siti possano creare ricchezza e sviluppo straordinari, volano per l\u2019intera economia\u00bb.<\/p>\n<p>Con questo il Future Forum 18, dunque, \u00abvorremmo offrire a interlocutori pubblici e privati \u2013 aggiunge il project manager\u00a0<strong>Renato Quaglia<\/strong>\u00a0\u2013 informazioni, strumenti di analisi, casi ed esempi cui far riferimento, in una prospettiva di sviluppo futuro, come nelle premesse proprie del\u00a0<strong>Future Forum<\/strong>\u00bb.<\/p>\n<p>A\u00a0<strong>Cividale del Friuli,\u00a0<\/strong>che l\u2019Unesco ha scelto con il titolo: \u201cCividale del Friuli, i luoghi del potere\u201d, Future Forum indaga nelle dimensioni contemporanee in cui si manifestano il potere e l\u2019economia. (<em>con la collaborazione del Festival della Politica di Mestre organizzato dalla Fondazione Gianni Pellicani<\/em>)<\/p>\n<p>Ad<strong>\u00a0Aquileia, si rifletter\u00e0 con studiosi ed esperti\u00a0<\/strong>sui casi di scuola di Pompei ed Ercolano e la gestione dei siti archeologici e su come le citt\u00e0 d\u2019arte crescono intorno al patrimonio storico-monumentale\u00a0(<em>con la collaborazione della Fondazione Aquileia<\/em>)<\/p>\n<p>A<strong>\u00a0Palmanova<\/strong>\u00a0si approfondiranno le ragioni e i vantaggi del lavoro collaborativo e in rete, in ogni settore dell\u2019economia e delle attivit\u00e0, oltre che per i siti UNESCO.<\/p>\n<p>Si presenteranno le prospettive internazionali nell\u2019uso delle nuove tecnologie per visitare siti e musei. Palmanova sar\u00e0 anche sede di un\u00a0<strong>workshop sull\u2019illustrazione e il fumetto<\/strong>, con un Maestro internazionale che, con giovani illustratori e disegnatori italiani, reinterpreter\u00e0 la Citt\u00e0 Fortezza mai attaccata\u00a0(<em>con la collaborazione dell\u2019Associazione Nova Ludica<\/em>)<\/p>\n<p>A\u00a0<strong>Forni di Sopra<\/strong>\u00a0(e a\u00a0<strong>Tolmezzo<\/strong>) alcuni dei migliori esperti e protagonisti delle politiche pubbliche europee e nazionali sulla gestione e valorizzazione economica del paesaggio, presenteranno casi e buone pratiche di uso sostenibile e consapevole del patrimonio naturalistico\u00a0(<em>con la collaborazione di Mecenate90 e la partecipazione di Innovalp<\/em>)<\/p>\n<p>Ma si partir\u00e0 da\u00a0<strong>Udine<\/strong>, dove si incontreranno, a iniziare il programma del Forum, i\u00a0<strong>principali responsabili delle politiche nazionali e regionali a favore del Turismo e dei Beni e del Patrimonio<\/strong>\u00a0<strong>culturale<\/strong>, sulle prospettive di sviluppo nella gestione di questa nuova economia, come anche nei modelli allestitivi e contenutistici che ne aumentino i gradi di accessibilit\u00e0 per tutti i cittadini.<\/p>\n<p>Sempre nel capoluogo, si terr\u00e0 l\u2019incontro sulle nuove professioni che l\u2019economia della cultura e del patrimonio sta richiedendo. (con la collaborazione dei Civici Musei di Udine).<\/p>\n<p>A tutti gli eventi sar\u00e0 necessaria la prenotazione tramite\u00a0<a href=\"mailto:friulifutureforum@ud.camcom.it\" target=\"_blank\" rel=\"noopener\">friulifutureforum@ud.<wbr \/>camcom.it<\/a>\u00a0o il telefono 0432 273537. Il\u00a0<strong>programma<\/strong>\u00a0sar\u00e0 costantemente aggiornato\u00a0<strong>su\u00a0<a data-saferedirecturl=\"https:\/\/www.google.com\/url?hl=it&#038;q=http:\/\/www.friulifutureforum.com\/&#038;source=gmail&#038;ust=1519373362896000&#038;usg=AFQjCNGT1LI5-saRarRkK8f-bky6a_IrsQ\" href=\"http:\/\/www.friulifutureforum.com\/\" target=\"_blank\" rel=\"noopener\">www.<wbr \/>friulifutureforum.com<\/a><\/strong>, dove si potranno anche seguire i reportage dagli eventi e interviste agli ospiti di ciascun appuntamento in programma a cura di un team di giornalisti di Udine Economia, il mensile della Camera di Commercio di Udine.<\/p>\n","protected":false},"excerpt":{"rendered":"<p>Presentato il Future Forum 2018<\/p>\n","protected":false},"author":28,"featured_media":26145,"comment_status":"closed","ping_status":"closed","sticky":false,"template":"","format":"standard","meta":{"dwc-title":[],"dwc-content":[],"footnotes":""},"categories":[6],"tags":[],"class_list":["post-26144","post","type-post","status-publish","format-standard","has-post-thumbnail","hentry","category-societa"],"rttpg_featured_image_url":{"full":["https:\/\/imagazine.it\/wp-content\/uploads\/2024\/01\/24118-1.webp",750,499,false],"landscape":["https:\/\/imagazine.it\/wp-content\/uploads\/2024\/01\/24118-1.webp",750,499,false],"portraits":["https:\/\/imagazine.it\/wp-content\/uploads\/2024\/01\/24118-1.webp",750,499,false],"thumbnail":["https:\/\/imagazine.it\/wp-content\/uploads\/2024\/01\/24118-1-150x150.webp",150,150,true],"medium":["https:\/\/imagazine.it\/wp-content\/uploads\/2024\/01\/24118-1-300x200.webp",300,200,true],"large":["https:\/\/imagazine.it\/wp-content\/uploads\/2024\/01\/24118-1.webp",640,426,false],"thumblist":["https:\/\/imagazine.it\/wp-content\/uploads\/2024\/01\/24118-1.webp",300,200,false],"thumbrelated":["https:\/\/imagazine.it\/wp-content\/uploads\/2024\/01\/24118-1.webp",500,333,false],"meccarouselthumb":["https:\/\/imagazine.it\/wp-content\/uploads\/2024\/01\/24118-1.webp",474,315,false],"gridsquare":["https:\/\/imagazine.it\/wp-content\/uploads\/2024\/01\/24118-1.webp",391,260,false],"tileview":["https:\/\/imagazine.it\/wp-content\/uploads\/2024\/01\/24118-1.webp",300,200,false],"1536x1536":["https:\/\/imagazine.it\/wp-content\/uploads\/2024\/01\/24118-1.webp",750,499,false],"2048x2048":["https:\/\/imagazine.it\/wp-content\/uploads\/2024\/01\/24118-1.webp",750,499,false],"newsup-slider-full":["https:\/\/imagazine.it\/wp-content\/uploads\/2024\/01\/24118-1.webp",750,499,false],"newsup-featured":["https:\/\/imagazine.it\/wp-content\/uploads\/2024\/01\/24118-1.webp",750,499,false],"newsup-medium":["https:\/\/imagazine.it\/wp-content\/uploads\/2024\/01\/24118-1-720x380.webp",720,380,true],"tptn_thumbnail":["https:\/\/imagazine.it\/wp-content\/uploads\/2024\/01\/24118-1.webp",250,166,false],"sow-carousel-default":["https:\/\/imagazine.it\/wp-content\/uploads\/2024\/01\/24118-1-272x182.webp",272,182,true]},"rttpg_author":{"display_name":"redazione","author_link":"https:\/\/imagazine.it\/home_desk\/author\/redazione\/"},"rttpg_comment":0,"rttpg_category":"<a href=\"https:\/\/imagazine.it\/home_desk\/category\/societa\/\" rel=\"category tag\">SOCIET\u00c0<\/a>","rttpg_excerpt":"Presentato il Future Forum 2018","_links":{"self":[{"href":"https:\/\/imagazine.it\/home_desk\/wp-json\/wp\/v2\/posts\/26144","targetHints":{"allow":["GET"]}}],"collection":[{"href":"https:\/\/imagazine.it\/home_desk\/wp-json\/wp\/v2\/posts"}],"about":[{"href":"https:\/\/imagazine.it\/home_desk\/wp-json\/wp\/v2\/types\/post"}],"author":[{"embeddable":true,"href":"https:\/\/imagazine.it\/home_desk\/wp-json\/wp\/v2\/users\/28"}],"replies":[{"embeddable":true,"href":"https:\/\/imagazine.it\/home_desk\/wp-json\/wp\/v2\/comments?post=26144"}],"version-history":[{"count":0,"href":"https:\/\/imagazine.it\/home_desk\/wp-json\/wp\/v2\/posts\/26144\/revisions"}],"wp:featuredmedia":[{"embeddable":true,"href":"https:\/\/imagazine.it\/home_desk\/wp-json\/wp\/v2\/media\/26145"}],"wp:attachment":[{"href":"https:\/\/imagazine.it\/home_desk\/wp-json\/wp\/v2\/media?parent=26144"}],"wp:term":[{"taxonomy":"category","embeddable":true,"href":"https:\/\/imagazine.it\/home_desk\/wp-json\/wp\/v2\/categories?post=26144"},{"taxonomy":"post_tag","embeddable":true,"href":"https:\/\/imagazine.it\/home_desk\/wp-json\/wp\/v2\/tags?post=26144"}],"curies":[{"name":"wp","href":"https:\/\/api.w.org\/{rel}","templated":true}]}}