{"id":26132,"date":"2018-02-20T00:00:00","date_gmt":"2018-02-19T23:00:00","guid":{"rendered":"https:\/\/imagazine.it\/?p=26132"},"modified":"2018-02-20T00:00:00","modified_gmt":"2018-02-19T23:00:00","slug":"da-ronchi-a-roma-per-sostenere-federica-angeli","status":"publish","type":"post","link":"https:\/\/imagazine.it\/home_desk\/da-ronchi-a-roma-per-sostenere-federica-angeli\/","title":{"rendered":"Da Ronchi a Roma per sostenere Federica Angeli"},"content":{"rendered":"<p>Ieri al Tribunale Penale di <strong>Roma<\/strong> si \u00e8 celebrata la prima udienza del processo a carico di Armando Spada, che vedeva quale testimone la giornalista <strong>Federica Angeli<\/strong>.<\/p>\n<p>L\u2019Associazione Culturale <strong>Leali delle Notizie<\/strong> di Ronchi dei Legionari, che nei suoi eventi ha avuto ospite in passato due volte la Angeli, ha aderito all\u2019invito della Federazione Nazionale Stampa Italia, dell\u2019Ordine Nazionale dei Giornalisti e di Articolo 21 e ha voluto presenziare come parte integrante alla \u2018Scorta Mediatica\u2019 organizzata all\u2019esterno del tribunale.<\/p>\n<p>\u201cUna presenza non di facciata \u2013 dichiara il presidente dell\u2019associazione, Luca Perrino \u2013 ma in primo luogo affettiva nei confronti di una collega e amica, dall\u2019altra mossa dal desiderio di sottolineare la necessit\u00e0 del diritto e del dovere dei giornalisti di informare i cittadini. Per tutta la mattinata lo striscione con il logo dell\u2019associazione \u00e8 rimasto affisso a presidiare l\u2019ingresso della Citt\u00e0 Giudiziaria romana, proprio per riaffermare la volont\u00e0 a sostenere non solo Federica ma tutti i giornalisti minacciati per non aver desistito dal proseguire il loro lavoro nonostante le intimidazioni\u201d.<\/p>\n<p>La vicinanza si \u00e8 concretizzata anche in aula dove ai rappresentanti del sodalizio ronchese \u00e8 stata data la possibilit\u00e0 di ascoltare dalla viva voce della cronista ostiense il carico emozionale che \u00e8 trasparito dal racconto delle vicende professionali che hanno visto la Angeli essere minacciata di morte durante un\u2019intervista.<\/p>\n<p>L\u2019impegno dell\u2019associazione prosegue ora anche nella direzione dell\u2019organizzazione della quarta edizione del Festival del Giornalismo di Ronchi che vedr\u00e0, appunto, trattare il tema della violenza contro i giornalisti in occasione della serata finale del 9 giugno con la consegna del premio dedicato alla memoria di Daphne Caruana Galizia, uccisa a ottobre 2017 per le sue inchieste sulla politica maltese.<\/p>\n","protected":false},"excerpt":{"rendered":"<p>Alla prima udienza del processo Spada<\/p>\n","protected":false},"author":28,"featured_media":26133,"comment_status":"closed","ping_status":"closed","sticky":false,"template":"","format":"standard","meta":{"dwc-title":[],"dwc-content":[],"footnotes":""},"categories":[5],"tags":[],"class_list":["post-26132","post","type-post","status-publish","format-standard","has-post-thumbnail","hentry","category-attualita"],"rttpg_featured_image_url":{"full":["https:\/\/imagazine.it\/wp-content\/uploads\/2024\/01\/24098-1.webp",750,514,false],"landscape":["https:\/\/imagazine.it\/wp-content\/uploads\/2024\/01\/24098-1.webp",750,514,false],"portraits":["https:\/\/imagazine.it\/wp-content\/uploads\/2024\/01\/24098-1.webp",750,514,false],"thumbnail":["https:\/\/imagazine.it\/wp-content\/uploads\/2024\/01\/24098-1-150x150.webp",150,150,true],"medium":["https:\/\/imagazine.it\/wp-content\/uploads\/2024\/01\/24098-1-300x206.webp",300,206,true],"large":["https:\/\/imagazine.it\/wp-content\/uploads\/2024\/01\/24098-1.webp",640,439,false],"thumblist":["https:\/\/imagazine.it\/wp-content\/uploads\/2024\/01\/24098-1.webp",300,206,false],"thumbrelated":["https:\/\/imagazine.it\/wp-content\/uploads\/2024\/01\/24098-1.webp",500,343,false],"meccarouselthumb":["https:\/\/imagazine.it\/wp-content\/uploads\/2024\/01\/24098-1.webp",474,324,false],"gridsquare":["https:\/\/imagazine.it\/wp-content\/uploads\/2024\/01\/24098-1.webp",379,260,false],"tileview":["https:\/\/imagazine.it\/wp-content\/uploads\/2024\/01\/24098-1.webp",300,206,false],"1536x1536":["https:\/\/imagazine.it\/wp-content\/uploads\/2024\/01\/24098-1.webp",750,514,false],"2048x2048":["https:\/\/imagazine.it\/wp-content\/uploads\/2024\/01\/24098-1.webp",750,514,false],"newsup-slider-full":["https:\/\/imagazine.it\/wp-content\/uploads\/2024\/01\/24098-1.webp",750,514,false],"newsup-featured":["https:\/\/imagazine.it\/wp-content\/uploads\/2024\/01\/24098-1.webp",750,514,false],"newsup-medium":["https:\/\/imagazine.it\/wp-content\/uploads\/2024\/01\/24098-1-720x380.webp",720,380,true],"tptn_thumbnail":["https:\/\/imagazine.it\/wp-content\/uploads\/2024\/01\/24098-1.webp",250,171,false],"sow-carousel-default":["https:\/\/imagazine.it\/wp-content\/uploads\/2024\/01\/24098-1-272x182.webp",272,182,true]},"rttpg_author":{"display_name":"redazione","author_link":"https:\/\/imagazine.it\/home_desk\/author\/redazione\/"},"rttpg_comment":0,"rttpg_category":"<a href=\"https:\/\/imagazine.it\/home_desk\/category\/attualita\/\" rel=\"category tag\">ATTUALIT\u00c0<\/a>","rttpg_excerpt":"Alla prima udienza del processo Spada","_links":{"self":[{"href":"https:\/\/imagazine.it\/home_desk\/wp-json\/wp\/v2\/posts\/26132","targetHints":{"allow":["GET"]}}],"collection":[{"href":"https:\/\/imagazine.it\/home_desk\/wp-json\/wp\/v2\/posts"}],"about":[{"href":"https:\/\/imagazine.it\/home_desk\/wp-json\/wp\/v2\/types\/post"}],"author":[{"embeddable":true,"href":"https:\/\/imagazine.it\/home_desk\/wp-json\/wp\/v2\/users\/28"}],"replies":[{"embeddable":true,"href":"https:\/\/imagazine.it\/home_desk\/wp-json\/wp\/v2\/comments?post=26132"}],"version-history":[{"count":0,"href":"https:\/\/imagazine.it\/home_desk\/wp-json\/wp\/v2\/posts\/26132\/revisions"}],"wp:featuredmedia":[{"embeddable":true,"href":"https:\/\/imagazine.it\/home_desk\/wp-json\/wp\/v2\/media\/26133"}],"wp:attachment":[{"href":"https:\/\/imagazine.it\/home_desk\/wp-json\/wp\/v2\/media?parent=26132"}],"wp:term":[{"taxonomy":"category","embeddable":true,"href":"https:\/\/imagazine.it\/home_desk\/wp-json\/wp\/v2\/categories?post=26132"},{"taxonomy":"post_tag","embeddable":true,"href":"https:\/\/imagazine.it\/home_desk\/wp-json\/wp\/v2\/tags?post=26132"}],"curies":[{"name":"wp","href":"https:\/\/api.w.org\/{rel}","templated":true}]}}