{"id":26130,"date":"2018-02-19T00:00:00","date_gmt":"2018-02-18T23:00:00","guid":{"rendered":"https:\/\/imagazine.it\/?p=26130"},"modified":"2018-02-19T00:00:00","modified_gmt":"2018-02-18T23:00:00","slug":"come-la-rivoluzione-vista-in-tv","status":"publish","type":"post","link":"https:\/\/imagazine.it\/home_desk\/come-la-rivoluzione-vista-in-tv\/","title":{"rendered":"Com&#8217;\u00e8 la rivoluzione vista in tv?"},"content":{"rendered":"<p><em>\u201cYou will not be able to stay home, brother \/\u00a0You will not be able to plug in, turn on and drop out\u201d<\/em>\u00a0cos\u00ec recitava Gil Scott-Heron nei primi versi della sua &#8220;The revolution will not be televised&#8221;. Oggi, a quasi cinquant\u2019anni dai versi del poeta, e a cento dal primo conflitto mondiale, il rapporto tra la macchina da presa e le vicende belliche sembra essersi morbosamente cementificato in visioni crude, assuefacendo lo spettatore a immagini angoscianti e ripetitive.<\/p>\n<p>Contrariamente alla comunicazione unilaterale imposta dai mass media, l\u2019arte lascia ancora ampia possibilit\u00e0 di dialogo, di rappresentazione, di significazione e di ricerca: gli artisti\u00a0<strong>Mattia Cesaria<\/strong>\u00a0(Italia),\u00a0<strong>Vanessa Gageos<\/strong>\u00a0(Romania),\u00a0<strong>Michal Hustaty &#038; Lenka Kuricova\u00a0<\/strong>(Repubblica Ceca),\u00a0<strong>Arijana Fridrih\u00a0<\/strong>(Croazia) e\u00a0<strong>Katarzyna Pagowska<\/strong>\u00a0(Polonia), esporranno le loro opere video all\u2019interno del bunker udinese indagando e affrontando l\u2019ampio tema della manipolazione dell\u2019immagine in epoca bellica, non indugiando sulla violenza delle immagini stesse, bens\u00ec favorendo una percezione intima dei simboli che contengono.<\/p>\n<p>Perch\u00e9, se \u00e8 vero che le rivoluzioni e i conflitti sono stati trasmessi sugli schermi, abituando gli occhi delle folle a una violenza insensata, \u00e8 anche vero che la sensibilit\u00e0 estetica e umana degli artisti pu\u00f2 proiettare i nostri sguardi verso un linguaggio interattivo e universale, conferendo nuove prospettive e nuove percezioni del conflitto e dei media attraverso il quale viene giustificato.<\/p>\n<p>Il bunker ospitante la mostra, costruito nel 1943 per dare rifugio ai cittadini in seguito ai continui bombardamenti aerei, diventa parte integrante delle installazioni stesse, cornice che penetra nelle opere con la sua estetica tagliente, spiccata, dal suono riverberante.<br \/> I video impongono un silenzio rituale, la location, un isolamento ermetico dal caotico vivere quotidiano, ricongiungendo chi vi entra con il suo trascorso e con i ricordi dell\u2019esperienza bellica che gli \u00e8 stata tramandata dalla collettivit\u00e0, rivelando la memoria familiare (saggia, intima e personale), come antidoto alla propaganda.<\/p>\n<p>\u00a0<\/p>\n<p align=\"left\">La selezione di opere di videoarte sar\u00e0 visitabile solo per i giorni del 23, 24 e 25 febbraio\u00a02018.<br \/> <u>Ingresso gratuito, visite guidate disponibili in loco. Info: <a href=\"http:\/\/www.iodeposito.org\" target=\"_blank\" rel=\"noopener\">www.iodeposito.org<\/a><\/u><\/p>\n<p align=\"left\">(l&#39;ingresso del rifugio antiaereo, \u00e8 in piazza I\u00a0maggio).<br \/> <em>Evento organizzato con la collaborazione del Comune di Udine e con il finanziamento della Regione Friuli Venezia Giulia<\/em><\/p>\n","protected":false},"excerpt":{"rendered":"<p>Dal 23 al 25 febbraio<\/p>\n","protected":false},"author":28,"featured_media":26131,"comment_status":"closed","ping_status":"closed","sticky":false,"template":"","format":"standard","meta":{"dwc-title":[],"dwc-content":[],"footnotes":""},"categories":[37],"tags":[],"class_list":["post-26130","post","type-post","status-publish","format-standard","has-post-thumbnail","hentry","category-cultura-e-spettacolo"],"rttpg_featured_image_url":{"full":["https:\/\/imagazine.it\/wp-content\/uploads\/2024\/01\/24092-1.webp",750,497,false],"landscape":["https:\/\/imagazine.it\/wp-content\/uploads\/2024\/01\/24092-1.webp",750,497,false],"portraits":["https:\/\/imagazine.it\/wp-content\/uploads\/2024\/01\/24092-1.webp",750,497,false],"thumbnail":["https:\/\/imagazine.it\/wp-content\/uploads\/2024\/01\/24092-1-150x150.webp",150,150,true],"medium":["https:\/\/imagazine.it\/wp-content\/uploads\/2024\/01\/24092-1-300x199.webp",300,199,true],"large":["https:\/\/imagazine.it\/wp-content\/uploads\/2024\/01\/24092-1.webp",640,424,false],"thumblist":["https:\/\/imagazine.it\/wp-content\/uploads\/2024\/01\/24092-1.webp",300,199,false],"thumbrelated":["https:\/\/imagazine.it\/wp-content\/uploads\/2024\/01\/24092-1.webp",500,331,false],"meccarouselthumb":["https:\/\/imagazine.it\/wp-content\/uploads\/2024\/01\/24092-1.webp",474,314,false],"gridsquare":["https:\/\/imagazine.it\/wp-content\/uploads\/2024\/01\/24092-1.webp",391,260,false],"tileview":["https:\/\/imagazine.it\/wp-content\/uploads\/2024\/01\/24092-1.webp",300,199,false],"1536x1536":["https:\/\/imagazine.it\/wp-content\/uploads\/2024\/01\/24092-1.webp",750,497,false],"2048x2048":["https:\/\/imagazine.it\/wp-content\/uploads\/2024\/01\/24092-1.webp",750,497,false],"newsup-slider-full":["https:\/\/imagazine.it\/wp-content\/uploads\/2024\/01\/24092-1.webp",750,497,false],"newsup-featured":["https:\/\/imagazine.it\/wp-content\/uploads\/2024\/01\/24092-1.webp",750,497,false],"newsup-medium":["https:\/\/imagazine.it\/wp-content\/uploads\/2024\/01\/24092-1-720x380.webp",720,380,true],"tptn_thumbnail":["https:\/\/imagazine.it\/wp-content\/uploads\/2024\/01\/24092-1.webp",250,166,false],"sow-carousel-default":["https:\/\/imagazine.it\/wp-content\/uploads\/2024\/01\/24092-1-272x182.webp",272,182,true]},"rttpg_author":{"display_name":"redazione","author_link":"https:\/\/imagazine.it\/home_desk\/author\/redazione\/"},"rttpg_comment":0,"rttpg_category":"<a href=\"https:\/\/imagazine.it\/home_desk\/category\/cultura-e-spettacolo\/\" rel=\"category tag\">CULTURA&amp;SPETTACOLO<\/a>","rttpg_excerpt":"Dal 23 al 25 febbraio","_links":{"self":[{"href":"https:\/\/imagazine.it\/home_desk\/wp-json\/wp\/v2\/posts\/26130","targetHints":{"allow":["GET"]}}],"collection":[{"href":"https:\/\/imagazine.it\/home_desk\/wp-json\/wp\/v2\/posts"}],"about":[{"href":"https:\/\/imagazine.it\/home_desk\/wp-json\/wp\/v2\/types\/post"}],"author":[{"embeddable":true,"href":"https:\/\/imagazine.it\/home_desk\/wp-json\/wp\/v2\/users\/28"}],"replies":[{"embeddable":true,"href":"https:\/\/imagazine.it\/home_desk\/wp-json\/wp\/v2\/comments?post=26130"}],"version-history":[{"count":0,"href":"https:\/\/imagazine.it\/home_desk\/wp-json\/wp\/v2\/posts\/26130\/revisions"}],"wp:featuredmedia":[{"embeddable":true,"href":"https:\/\/imagazine.it\/home_desk\/wp-json\/wp\/v2\/media\/26131"}],"wp:attachment":[{"href":"https:\/\/imagazine.it\/home_desk\/wp-json\/wp\/v2\/media?parent=26130"}],"wp:term":[{"taxonomy":"category","embeddable":true,"href":"https:\/\/imagazine.it\/home_desk\/wp-json\/wp\/v2\/categories?post=26130"},{"taxonomy":"post_tag","embeddable":true,"href":"https:\/\/imagazine.it\/home_desk\/wp-json\/wp\/v2\/tags?post=26130"}],"curies":[{"name":"wp","href":"https:\/\/api.w.org\/{rel}","templated":true}]}}