{"id":26128,"date":"2018-02-19T00:00:00","date_gmt":"2018-02-18T23:00:00","guid":{"rendered":"https:\/\/imagazine.it\/?p=26128"},"modified":"2018-02-19T00:00:00","modified_gmt":"2018-02-18T23:00:00","slug":"udine-rinnovato-il-direttivo-del-vespa-club","status":"publish","type":"post","link":"https:\/\/imagazine.it\/home_desk\/udine-rinnovato-il-direttivo-del-vespa-club\/","title":{"rendered":"Udine, rinnovato il direttivo del Vespa Club"},"content":{"rendered":"<p>\u00c8 stato rinnovato il direttivo del Vespa Club Udine, sodalizio che con i suoi 250 soci \u00e8 il gruppo pi\u00f9 numeroso di appassionati del mito Piaggio in provincia di Udine.<\/p>\n<p><strong>Fabio Ieronutti<\/strong> \u00e8 stato confermato alla carica di presidente, mentre vicepresidente \u00e8 stato nominato <strong>Alessandro Cesare<\/strong>. I consiglieri sono <strong>Andrea Rossi<\/strong>, <strong>Vincenzo Parolisi<\/strong> e <strong>Daniele Gerotto<\/strong>.<\/p>\n<p>I neo eletti si sono messi subito al lavoro per organizzare il 12\u00b0 raduno nazionale \u2018Citt\u00e0 di Udine\u2019, in programma domenica 22 aprile. Un evento a cui partecipato quasi 500 vespisti provenienti da Friuli Venezia Giulia, Veneto, Slovenia, Austria con \u2018incursioni\u2019 anche da Belgio, Germania e Francia.<\/p>\n<p>Ancora top secret il percorso del raduno, che come al solito toccher\u00e0 alcune delle localit\u00e0 pi\u00f9 suggestive del territorio friulano, dando cos\u00ec modo a tutti gli appassionati della Vespa di attraversare localit\u00e0 e territori dalle caratteristiche uniche. La partenza avverr\u00e0 sempre dal centro di Udine, dove si \u2018ammasseranno\u2019 le classiche Faro Basso e le pi\u00f9 moderne Px o Special. Il raduno del 22 aprile rappresenta solo una delle iniziative promosse nell\u2019arco dell\u2019anno dal club friulano, che a settembre riproporr\u00e0 anche la gimkana in piazza Primo Maggio.<\/p>\n<p>Per gli interessati a diventare soci del Vespa Club Udine, sono aperte le iscrizioni: 20 euro per la tessera del Vespa Club Udine, 25 per quella del Vespa Club Italia, con una serie di gadget in regalo. I tesseramenti si posso fare nel negozio \u2018Ciclo Marino Rossi0 di via Tiberio Deciani 95 (dal marted\u00ec al sabato dalla 8.30 alle 12.30 e dalle 15 alle 19). Info al 392.2301304.<\/p>\n","protected":false},"excerpt":{"rendered":"<p>Fabio Ieronutti confermato presidente<\/p>\n","protected":false},"author":28,"featured_media":26129,"comment_status":"closed","ping_status":"closed","sticky":false,"template":"","format":"standard","meta":{"dwc-title":[],"dwc-content":[],"footnotes":""},"categories":[38],"tags":[],"class_list":["post-26128","post","type-post","status-publish","format-standard","has-post-thumbnail","hentry","category-sport"],"rttpg_featured_image_url":{"full":["https:\/\/imagazine.it\/wp-content\/uploads\/2024\/01\/24087-1.webp",750,509,false],"landscape":["https:\/\/imagazine.it\/wp-content\/uploads\/2024\/01\/24087-1.webp",750,509,false],"portraits":["https:\/\/imagazine.it\/wp-content\/uploads\/2024\/01\/24087-1.webp",750,509,false],"thumbnail":["https:\/\/imagazine.it\/wp-content\/uploads\/2024\/01\/24087-1-150x150.webp",150,150,true],"medium":["https:\/\/imagazine.it\/wp-content\/uploads\/2024\/01\/24087-1-300x204.webp",300,204,true],"large":["https:\/\/imagazine.it\/wp-content\/uploads\/2024\/01\/24087-1.webp",640,434,false],"thumblist":["https:\/\/imagazine.it\/wp-content\/uploads\/2024\/01\/24087-1.webp",300,204,false],"thumbrelated":["https:\/\/imagazine.it\/wp-content\/uploads\/2024\/01\/24087-1.webp",500,339,false],"meccarouselthumb":["https:\/\/imagazine.it\/wp-content\/uploads\/2024\/01\/24087-1.webp",474,322,false],"gridsquare":["https:\/\/imagazine.it\/wp-content\/uploads\/2024\/01\/24087-1.webp",383,260,false],"tileview":["https:\/\/imagazine.it\/wp-content\/uploads\/2024\/01\/24087-1.webp",300,204,false],"1536x1536":["https:\/\/imagazine.it\/wp-content\/uploads\/2024\/01\/24087-1.webp",750,509,false],"2048x2048":["https:\/\/imagazine.it\/wp-content\/uploads\/2024\/01\/24087-1.webp",750,509,false],"newsup-slider-full":["https:\/\/imagazine.it\/wp-content\/uploads\/2024\/01\/24087-1.webp",750,509,false],"newsup-featured":["https:\/\/imagazine.it\/wp-content\/uploads\/2024\/01\/24087-1.webp",750,509,false],"newsup-medium":["https:\/\/imagazine.it\/wp-content\/uploads\/2024\/01\/24087-1-720x380.webp",720,380,true],"tptn_thumbnail":["https:\/\/imagazine.it\/wp-content\/uploads\/2024\/01\/24087-1.webp",250,170,false],"sow-carousel-default":["https:\/\/imagazine.it\/wp-content\/uploads\/2024\/01\/24087-1-272x182.webp",272,182,true]},"rttpg_author":{"display_name":"redazione","author_link":"https:\/\/imagazine.it\/home_desk\/author\/redazione\/"},"rttpg_comment":0,"rttpg_category":"<a href=\"https:\/\/imagazine.it\/home_desk\/category\/sport\/\" rel=\"category tag\">SPORT<\/a>","rttpg_excerpt":"Fabio Ieronutti confermato presidente","_links":{"self":[{"href":"https:\/\/imagazine.it\/home_desk\/wp-json\/wp\/v2\/posts\/26128","targetHints":{"allow":["GET"]}}],"collection":[{"href":"https:\/\/imagazine.it\/home_desk\/wp-json\/wp\/v2\/posts"}],"about":[{"href":"https:\/\/imagazine.it\/home_desk\/wp-json\/wp\/v2\/types\/post"}],"author":[{"embeddable":true,"href":"https:\/\/imagazine.it\/home_desk\/wp-json\/wp\/v2\/users\/28"}],"replies":[{"embeddable":true,"href":"https:\/\/imagazine.it\/home_desk\/wp-json\/wp\/v2\/comments?post=26128"}],"version-history":[{"count":0,"href":"https:\/\/imagazine.it\/home_desk\/wp-json\/wp\/v2\/posts\/26128\/revisions"}],"wp:featuredmedia":[{"embeddable":true,"href":"https:\/\/imagazine.it\/home_desk\/wp-json\/wp\/v2\/media\/26129"}],"wp:attachment":[{"href":"https:\/\/imagazine.it\/home_desk\/wp-json\/wp\/v2\/media?parent=26128"}],"wp:term":[{"taxonomy":"category","embeddable":true,"href":"https:\/\/imagazine.it\/home_desk\/wp-json\/wp\/v2\/categories?post=26128"},{"taxonomy":"post_tag","embeddable":true,"href":"https:\/\/imagazine.it\/home_desk\/wp-json\/wp\/v2\/tags?post=26128"}],"curies":[{"name":"wp","href":"https:\/\/api.w.org\/{rel}","templated":true}]}}